{"id":22395,"date":"2023-05-01T06:50:47","date_gmt":"2023-05-01T09:50:47","guid":{"rendered":"https:\/\/elfederalmendoza.com\/?p=22395"},"modified":"2023-05-01T06:50:47","modified_gmt":"2023-05-01T09:50:47","slug":"los-medicos-del-pulga-rodriguez-explicaron-por-que-permanece-en-terapia-intensiva-tenemos-que-estar-atentos","status":"publish","type":"post","link":"https:\/\/elfederalmendoza.com.ar\/index.php\/2023\/05\/01\/los-medicos-del-pulga-rodriguez-explicaron-por-que-permanece-en-terapia-intensiva-tenemos-que-estar-atentos\/","title":{"rendered":"Los m\u00e9dicos del Pulga Rodr\u00edguez explicaron por qu\u00e9 permanece en terapia intensiva: \u201cTenemos que estar atentos\u201d"},"content":{"rendered":"\n<p>El futbolista\u00a0<strong>Luis Miguel \u201cPulga\u201d Rodr\u00edguez<\/strong>\u00a0volc\u00f3 con su camioneta\u00a0este domingo por la ma\u00f1ana en una ruta de la provincia de Tucum\u00e1n. Por estas horas\u00a0<strong>permanece internado en terapia intensiva\u00a0<\/strong>debido a las heridas que sufri\u00f3, especialmente, en la zona de la cabeza y la cara.<\/p>\n\n\n\n<figure class=\"wp-block-image size-full is-resized\"><img loading=\"lazy\" decoding=\"async\" src=\"https:\/\/elfederalmendoza.com\/wp-content\/uploads\/2023\/05\/pulga-rodriguez.jpg\" alt=\"\" class=\"wp-image-22396\" width=\"951\" height=\"532\" srcset=\"https:\/\/elfederalmendoza.com.ar\/wp-content\/uploads\/2023\/05\/pulga-rodriguez.jpg 474w, https:\/\/elfederalmendoza.com.ar\/wp-content\/uploads\/2023\/05\/pulga-rodriguez-300x168.jpg 300w\" sizes=\"auto, (max-width: 951px) 100vw, 951px\" \/><\/figure>\n\n\n\n<p><strong>Jorge Valdecantos<\/strong>, director del Hospital Padilla, explic\u00f3 en di\u00e1logo con&nbsp;<strong>TN&nbsp;<\/strong>que el jugador de Central C\u00f3rdoba de Santiago del Estero&nbsp;<strong>sufri\u00f3 un \u201cgolpe muy fuerte en cabeza, cr\u00e1neo y cara\u201d.<\/strong><\/p>\n\n\n\n<p>\u201cTiene un traumatismo de cr\u00e1neo y cara que no requiere intervenci\u00f3n quir\u00fargica por ahora. Las lesiones de la cara van a requerir a posteriori alguna cirug\u00eda para arreglar\u201d, detall\u00f3.<\/p>\n\n\n\n<p>Por el momento, el futbolista de 38 a\u00f1os<strong>&nbsp;est\u00e1 en observaci\u00f3n en terapia intensiva debido a una condici\u00f3n llamada \u201cneumomediastino\u201d.<\/strong>&nbsp;Ya le hicieron una tomograf\u00eda, lo vio el jefe del \u00e1rea de T\u00f3rax y tambi\u00e9n de Neumonolog\u00eda para descartar alguna lesi\u00f3n en el pulm\u00f3n.<\/p>\n\n\n\n<p>Respecto de la diferencia de este cuadro con un neumot\u00f3rax, precis\u00f3: \u201c<strong>En este caso, la ruptura del pulm\u00f3n, si es que hubo, no produjo un colapso.&nbsp;<\/strong>Solo infiltr\u00f3 al sector medio del t\u00f3rax, entre ambos pulmones. Hay que descartar otras patolog\u00edas producto del traumatismo. La metodolog\u00eda es mantener una conducta expectante y en otro momento hacer una una endoscopia de las v\u00edas respiratorias. Hoy eso est\u00e1 contraindicado, porque se podr\u00eda abrir m\u00e1s. Si la lesi\u00f3n es peque\u00f1a, se va a cerrar sola\u201d.<\/p>\n\n\n\n<p>\u201cEst\u00e1 consciente, necesitamos controlarlo minuto a minuto. Como todo traumatismo puede dar alguna sorpresa\u201d, indic\u00f3 el m\u00e9dico.<\/p>\n\n\n\n<figure class=\"wp-block-image is-resized\"><img loading=\"lazy\" decoding=\"async\" src=\"https:\/\/tn.com.ar\/resizer\/klmA2K82A-BVx_aK2LAoPX_aQmw=\/767x0\/smart\/filters:format(webp)\/cloudfront-us-east-1.images.arcpublishing.com\/artear\/B2AIVEOZ3ZFJJMIMRPAJFHCPTU.jpg\" alt=\"El Pulga Rodr\u00edguez tiene 38 a\u00f1os y juega en Central C\u00f3rdoba de Santiago del Estero. (Foto: Twitter @cacc_sde)\" width=\"956\" height=\"536\"\/><figcaption class=\"wp-element-caption\">El Pulga Rodr\u00edguez tiene 38 a\u00f1os y juega en Central C\u00f3rdoba de Santiago del Estero. (Foto: Twitter @cacc_sde)<\/figcaption><\/figure>\n\n\n\n<p>Ante la pregunta sobre si la vida de Rodr\u00edguez corre peligro, Valdecantos se\u00f1al\u00f3: \u201cTenemos que hacer evaluaci\u00f3n contante y cotidiana, minuto a minuto. Tenemos todos los elementos preparados porque ante estos golpes tenemos que estar atentos, siempre es mejor tener una conducta expectante en el trauma\u201d.<\/p>\n\n\n\n<p>\u201cAl ser un trauma de cr\u00e1neo, de cara y de t\u00f3rax, que son todos sectores vitales,&nbsp;<strong>tenemos que estar atentos<\/strong>\u201d, reiter\u00f3.<\/p>\n\n\n\n<p>Tambi\u00e9n se refiri\u00f3 al estado del Pulga el jede del departamento de Emergencias del Hospital Padilla, el doctor Mario Sard\u00f3n Traverso: \u201cAl llegar se lo estabiliz\u00f3, se le hicieron controles tomogr\u00e1ficos de rutina y despu\u00e9s se lo pas\u00f3 a la unidad de terapia\u201d.<\/p>\n\n\n\n<p>\u201c<strong>Tuvo una desorientaci\u00f3n temporo-espacial,<\/strong>&nbsp;pero con par\u00e1metros vitales estables. Se mantiene con buena ubicaci\u00f3n, estamos con conducta expectante para ver c\u00f3mo evoluciona del cuadro del accidente\u201d, resalt\u00f3, al mismo tiempo que el jugador tiene \u201cgolpes importantes en v\u00edsceras internas\u201d.<\/p>\n\n\n\n<p>Finalmente, sostuvo que<strong>&nbsp;las pr\u00f3ximas 72 horas ser\u00e1n claves<\/strong>&nbsp;para determinar la evoluci\u00f3n del cuadro. \u201c<strong>Es un atleta, un futbolista de primera l\u00ednea y eso puede ayudar a su recuperaci\u00f3n<\/strong>, pero hay que ser muy cautos\u201d, finaliz\u00f3 el m\u00e9dico.<\/p>\n\n\n\n<h2 class=\"wp-block-heading\">El Pulga Rodr\u00edguez sufri\u00f3 un accidente en Tucum\u00e1n: volc\u00f3 con su camioneta<\/h2>\n\n\n\n<p>El siniestro en el que se vio involucrado el jugador que milita en Central C\u00f3rdoba de Santiago del Estero ocurri\u00f3 cerca de las 10 de la ma\u00f1anade este domingo, en la intersecci\u00f3n de las rutas 157 y 308, en la localidad de La Madrid. Seg\u00fan el reporte policial, por circunstancias que se desconocen,<strong>&nbsp;el Pulga perdi\u00f3 el control de su camioneta y volc\u00f3.<\/strong><\/p>\n\n\n\n<p>Inmediatamente actu\u00f3 el servicio de Emergencias local y el futbolista fue trasladado en horas del mediod\u00eda al Hospital \u00c1ngel Cruz Padilla de San Miguel de Tucum\u00e1n.<\/p>\n","protected":false},"excerpt":{"rendered":"<p>El futbolista\u00a0Luis Miguel \u201cPulga\u201d Rodr\u00edguez\u00a0volc\u00f3 con su camioneta\u00a0este domingo por la ma\u00f1ana en una ruta de la provincia de Tucum\u00e1n. Por estas horas\u00a0permanece internado en terapia intensiva\u00a0debido a las heridas que sufri\u00f3, especialmente, en la zona de la cabeza y la cara. Jorge Valdecantos, director del Hospital Padilla, explic\u00f3 en di\u00e1logo con&nbsp;TN&nbsp;que el jugador de<a class=\"read-more\" href=\"https:\/\/elfederalmendoza.com.ar\/index.php\/2023\/05\/01\/los-medicos-del-pulga-rodriguez-explicaron-por-que-permanece-en-terapia-intensiva-tenemos-que-estar-atentos\/\"> [&hellip;]<\/a><\/p>\n","protected":false},"author":2,"featured_media":22397,"comment_status":"open","ping_status":"open","sticky":false,"template":"","format":"standard","meta":{"footnotes":""},"categories":[5618],"tags":[],"class_list":["post-22395","post","type-post","status-publish","format-standard","has-post-thumbnail","hentry","category-arg"],"rttpg_featured_image_url":{"full":["https:\/\/elfederalmendoza.com.ar\/wp-content\/uploads\/2023\/05\/pulga-rodriguez3.jpg",1140,863,false],"landscape":["https:\/\/elfederalmendoza.com.ar\/wp-content\/uploads\/2023\/05\/pulga-rodriguez3.jpg",1140,863,false],"portraits":["https:\/\/elfederalmendoza.com.ar\/wp-content\/uploads\/2023\/05\/pulga-rodriguez3.jpg",1140,863,false],"thumbnail":["https:\/\/elfederalmendoza.com.ar\/wp-content\/uploads\/2023\/05\/pulga-rodriguez3-150x150.jpg",150,150,true],"medium":["https:\/\/elfederalmendoza.com.ar\/wp-content\/uploads\/2023\/05\/pulga-rodriguez3-300x227.jpg",300,227,true],"large":["https:\/\/elfederalmendoza.com.ar\/wp-content\/uploads\/2023\/05\/pulga-rodriguez3-1024x775.jpg",640,484,true],"1536x1536":["https:\/\/elfederalmendoza.com.ar\/wp-content\/uploads\/2023\/05\/pulga-rodriguez3.jpg",1140,863,false],"2048x2048":["https:\/\/elfederalmendoza.com.ar\/wp-content\/uploads\/2023\/05\/pulga-rodriguez3.jpg",1140,863,false],"ultp_layout_landscape_large":["https:\/\/elfederalmendoza.com.ar\/wp-content\/uploads\/2023\/05\/pulga-rodriguez3-1140x800.jpg",1140,800,true],"ultp_layout_landscape":["https:\/\/elfederalmendoza.com.ar\/wp-content\/uploads\/2023\/05\/pulga-rodriguez3-870x570.jpg",870,570,true],"ultp_layout_portrait":["https:\/\/elfederalmendoza.com.ar\/wp-content\/uploads\/2023\/05\/pulga-rodriguez3-600x863.jpg",600,863,true],"ultp_layout_square":["https:\/\/elfederalmendoza.com.ar\/wp-content\/uploads\/2023\/05\/pulga-rodriguez3-600x600.jpg",600,600,true],"rpwe-thumbnail":["https:\/\/elfederalmendoza.com.ar\/wp-content\/uploads\/2023\/05\/pulga-rodriguez3-45x45.jpg",45,45,true],"advps-thumb-one":["https:\/\/elfederalmendoza.com.ar\/wp-content\/uploads\/2023\/05\/pulga-rodriguez3-1140x420.jpg",1140,420,true]},"rttpg_author":{"display_name":"Redacci\u00f3n El Federal","author_link":"https:\/\/elfederalmendoza.com.ar\/index.php\/author\/angelflores\/"},"rttpg_comment":0,"rttpg_category":"<a href=\"https:\/\/elfederalmendoza.com.ar\/index.php\/category\/arg\/\" rel=\"category tag\">Argentina<\/a>","rttpg_excerpt":"El futbolista\u00a0Luis Miguel \u201cPulga\u201d Rodr\u00edguez\u00a0volc\u00f3 con su camioneta\u00a0este domingo por la ma\u00f1ana en una ruta de la provincia de Tucum\u00e1n. Por estas horas\u00a0permanece internado en terapia intensiva\u00a0debido a las heridas que sufri\u00f3, especialmente, en la zona de la cabeza y la cara. Jorge Valdecantos, director del Hospital Padilla, explic\u00f3 en di\u00e1logo con&nbsp;TN&nbsp;que el jugador de&hellip;","_links":{"self":[{"href":"https:\/\/elfederalmendoza.com.ar\/index.php\/wp-json\/wp\/v2\/posts\/22395","targetHints":{"allow":["GET"]}}],"collection":[{"href":"https:\/\/elfederalmendoza.com.ar\/index.php\/wp-json\/wp\/v2\/posts"}],"about":[{"href":"https:\/\/elfederalmendoza.com.ar\/index.php\/wp-json\/wp\/v2\/types\/post"}],"author":[{"embeddable":true,"href":"https:\/\/elfederalmendoza.com.ar\/index.php\/wp-json\/wp\/v2\/users\/2"}],"replies":[{"embeddable":true,"href":"https:\/\/elfederalmendoza.com.ar\/index.php\/wp-json\/wp\/v2\/comments?post=22395"}],"version-history":[{"count":1,"href":"https:\/\/elfederalmendoza.com.ar\/index.php\/wp-json\/wp\/v2\/posts\/22395\/revisions"}],"predecessor-version":[{"id":22398,"href":"https:\/\/elfederalmendoza.com.ar\/index.php\/wp-json\/wp\/v2\/posts\/22395\/revisions\/22398"}],"wp:featuredmedia":[{"embeddable":true,"href":"https:\/\/elfederalmendoza.com.ar\/index.php\/wp-json\/wp\/v2\/media\/22397"}],"wp:attachment":[{"href":"https:\/\/elfederalmendoza.com.ar\/index.php\/wp-json\/wp\/v2\/media?parent=22395"}],"wp:term":[{"taxonomy":"category","embeddable":true,"href":"https:\/\/elfederalmendoza.com.ar\/index.php\/wp-json\/wp\/v2\/categories?post=22395"},{"taxonomy":"post_tag","embeddable":true,"href":"https:\/\/elfederalmendoza.com.ar\/index.php\/wp-json\/wp\/v2\/tags?post=22395"}],"curies":[{"name":"wp","href":"https:\/\/api.w.org\/{rel}","templated":true}]}}