{"id":22399,"date":"2023-05-01T07:23:04","date_gmt":"2023-05-01T10:23:04","guid":{"rendered":"https:\/\/elfederalmendoza.com\/?p=22399"},"modified":"2023-05-01T07:23:06","modified_gmt":"2023-05-01T10:23:06","slug":"elecciones-paso-2023-en-el-debut-de-la-boleta-unica-elegi-pj-gano-pero-cambia-mendoza-muy-cerca","status":"publish","type":"post","link":"https:\/\/elfederalmendoza.com.ar\/index.php\/2023\/05\/01\/elecciones-paso-2023-en-el-debut-de-la-boleta-unica-elegi-pj-gano-pero-cambia-mendoza-muy-cerca\/","title":{"rendered":"Elecciones PASO 2023: En el debut de la boleta \u00fanica, Eleg\u00ed (PJ) gan\u00f3 pero Cambia Mendoza muy cerca"},"content":{"rendered":"\n<p>Se celebraron los comicios en 7 municipios mendocinos que decidieron desdoblar las elecciones. Ya quedaron definidos los candidatos de los frentes de cara a las elecciones generales. El Frente<strong> Eleg\u00ed sac\u00f3 pecho y Cambia Mendoza acort\u00f3 algunas distancias en tierras peronistas.<\/strong><\/p>\n\n\n\n<p>Siete departamentos de\u00a0<strong>Mendoza\u00a0<\/strong>fueron a las urnas por primera vez en el 2023.\u00a0El rally de\u00a0elecciones\u00a0comenz\u00f3 con las\u00a0PASO\u00a0departamentales en las comunas de<strong>\u00a0Lavalle, Maip\u00fa, La Paz, Santa Rosa, San Carlos, Tunuy\u00e1n y San Rafael\u00a0<\/strong>celebraron las primarias y decidieron qui\u00e9nes ser\u00e1n candidatos a intendente y concejales el pr\u00f3ximo 3 de septiembre, d\u00eda en el cual habr\u00e1\u00a0elecciones\u00a0generales en estos territorios. Vale destacar que este grupo de departamentos desdobl\u00f3 comicios del calendario oficial de la provincia.<\/p>\n\n\n\n<p>En 6 de esos departamentos el peronismo era gobierno y en&nbsp;<strong>San Carlos<\/strong>&nbsp;lideraba el intendente Rolando Scanio, exaliado de&nbsp;<strong>Cambia Mendoza.<\/strong><\/p>\n\n\n\n<h2 class=\"wp-block-heading\">Municipio por municipio<\/h2>\n\n\n\n<p>En\u00a0<strong>Lavalle<\/strong>, tras 22 a\u00f1os de gobierno de Roberto Righi, quien se impuso fue\u00a0<strong>Edgardo Gonz\u00e1lez<\/strong>,\u00a0quien representar\u00e1 al peronismo en ese departamento, pese a no haber sido el \u00abelegido\u00bb del jefe comunal, que impuls\u00f3 a Gerardo Vaquer.<\/p>\n\n\n\n<p>En el debut del sistema de votaci\u00f3n con Boleta \u00danica -y con el 88,9% de las mesas escrutadas- el peronismo gan\u00f3 de forma holgada con el 68%.<strong>&nbsp;Edgardo Gonz\u00e1lez<\/strong>&nbsp;(Unidos por&nbsp;Lavalle) le gana por una diferencia de aproximadamente 1000&nbsp;votos a Gerardo Vaquer (Gesti\u00f3n Somos Todos). En tercer lugar, sali\u00f3 la antrop\u00f3loga Leticia Ketzer, que tambi\u00e9n particip\u00f3 en la interna y tuvo 182 votos&nbsp;. Por su parte, Cambia Mendoza,&nbsp;los radicales Lucas Luppo y Nelzon \u00abTepo\u00bb Escudero obtuvieron 2060&nbsp;y 366, respectivamente. El total arrojado para el frente fue de 16,18%.<\/p>\n\n\n\n<p>En\u00a0<strong>Maip\u00fa<\/strong>, los maipucinos eligieron a\u00a0<strong>Mat\u00edas Stevanato<\/strong>\u00a0con casi un 50% de los votos. El actual intendente celebr\u00f3 su triunfo indicando que \u00abtriplic\u00f3\u00bb los votos de los candidatos de Cambia Mendoza y que la elecci\u00f3n fue \u00abun claro mensaje de respaldo\u00bb a la gesti\u00f3n municipal. En la interna radical, Pinti Clop venci\u00f3 a\u00a0<strong>N\u00e9stor Majul<\/strong>\u00a0y ser\u00e1 el candidato de Cambia Mendoza de cara a las generales.<\/p>\n\n\n\n<figure class=\"wp-block-image is-resized\"><img loading=\"lazy\" decoding=\"async\" src=\"https:\/\/www.mdzol.com\/u\/fotografias\/m\/2023\/4\/30\/f768x1-1403876_1404003_5050.jpeg\" alt=\"\" width=\"953\" height=\"635\"\/><figcaption class=\"wp-element-caption\">STEVANATO FESTEJ\u00d3 EN MAIP\u00da.<\/figcaption><\/figure>\n\n\n\n<p>En el municipio de&nbsp;<strong>La Paz<\/strong>, gobernado por el kirchnerista&nbsp;<strong>Ubieta<\/strong>, quien busca su reelecci\u00f3n tuvo una paridad que el radicalismo \u00abcelebr\u00f3\u00bb. El actual jefe comunal sac\u00f3 el&nbsp;48% con 2692 votos, pero el&nbsp;Frente Cambia Mendoza, que sac\u00f3 un total del 43% por la suma de ambos precandidatos, no qued\u00f3 lejos en cantidad de votos: ambos precandidatos juntos obtuvieron&nbsp;2360. Esa alianza electoral que gobierna la provincia&nbsp;ten\u00eda interna&nbsp;entre el m\u00e9dico&nbsp;Osvaldo Naves y el concejal Ramiro Blanco. El segundo fue el m\u00e1s votado y pasar\u00e1 a ser el candidato de ese frente ya que sac\u00f3 1653 votos contra&nbsp;707 del primero.<\/p>\n\n\n\n<p>Mientras que en\u00a0<strong>Santa Rosa<\/strong>,\u00a0la actual intendenta kirchnerista y presidenta del PJ, Flor Dest\u00e9fanis\u00a0se impuso con el\u00a052,14% que representan 4.860 votos.\u00a0En el caso del Frente Cambia Mendoza que obtuvo un total de\u00a035.09% se impuso\u00a0Leo Fern\u00e1ndez (quien nuclea dirigentes radicales, del Pro y del Movimiento de Integraci\u00f3n y Desarrollo) con 1257\u00a0votos, dejando fuera de competencia a dos ex intendentes ( la radical Norma Trigo sac\u00f3 940\u00a0votos\u00a0y el dem\u00f3crata Antonio Ponce con 474 sufragios)\u00a0y a Ricardo Villalba, quien estaba apoyado por el precandidato a gobernador radical Luis Petri que qued\u00f3 con\u00a0299 votos.<\/p>\n\n\n\n<figure class=\"wp-block-image is-resized\"><img loading=\"lazy\" decoding=\"async\" src=\"https:\/\/www.mdzol.com\/u\/fotografias\/m\/2022\/12\/7\/f768x1-1329157_1329284_2950.jpg\" alt=\"\" width=\"956\" height=\"636\"\/><figcaption class=\"wp-element-caption\">LA INTENDENTA DE SANTA ROSA BUSCA LA REELECCI\u00d3N.<\/figcaption><\/figure>\n\n\n\n<p><strong>San Carlos,<\/strong>&nbsp;que hasta hace meses era un municipio aliado al Gobierno provincial y luego decidi\u00f3 romper para formar parte de La Uni\u00f3n Mendocina, puede convertirse en el primer basti\u00f3n del partido de Omar De Marchi. El candidato de Difonso y De Marchi sac\u00f3 un 34% de los votos (6.454), mientras que Cambia Mendoza sac\u00f3 un 28,74% y el Partido Verde se posicion\u00f3 como tercera fuerza con el 21%.<\/p>\n\n\n\n<p>El departamento de\u00a0<strong>Tunuy\u00e1n\u00a0<\/strong>obtuvo un contundente triunfo del oficialismo peronista. El elegido como sucesor de Mart\u00edn Aveiro,\u00a0Emir Andraos,\u00a0se impuso con el 46% de los votos. La diferencia con Cambia Mendoza fue de 14 puntos y\u00a0fue el radical Luis L\u00f3pez quien gan\u00f3 en la interna.<\/p>\n\n\n\n<p>Por \u00faltimo y no menos importante, el municipio de\u00a0<strong>San Rafael<\/strong>\u00a0tuvo una re\u00f1ida elecci\u00f3n. La interna del Frente Eleg\u00ed la gan\u00f3\u00a0<strong>Omar F\u00e9lix<\/strong>, hermano del actual intendente Emir F\u00e9lix, dejando fuera de competencia al kirchnerista\u00a0Nadir Yasuff. Del lado de Cambia Mendoza, Abel Freidemberg fue quien se impuso con un 35% de los votos a s\u00f3lo cinco del Frente Eleg\u00ed, porcentaje que hizo ilusionar al radicalismo en uno de los bastiones del PJ en Mendoza.<\/p>\n\n\n\n<figure class=\"wp-block-image is-resized\"><img loading=\"lazy\" decoding=\"async\" src=\"https:\/\/www.mdzol.com\/u\/fotografias\/m\/2023\/4\/30\/f768x1-1403847_1403974_4049.jpeg\" alt=\"\" width=\"954\" height=\"429\"\/><figcaption class=\"wp-element-caption\">OMAR F\u00c9LIX Y EMIR F\u00c9LIX CELEBRARON EN SAN RAFAEL.<\/figcaption><\/figure>\n\n\n\n<p>Mirando a las elecciones generales de septiembre, los oficialismos han recibido su respectivo respaldo aunque la sorpresa lleg\u00f3 en algunos puntos que pueda descontar&nbsp;<strong>Cambia Mendoza<\/strong>&nbsp;donde no es gobierno. Siguiendo con el cronograma electoral, en junio ser\u00e1n las PASO provinciales en los municipios que no desdoblaron y tambi\u00e9n en las que se van a derimir los candidatos a la Gobernaci\u00f3n.&nbsp;<strong>En septiembre, las generales.<\/strong><\/p>\n","protected":false},"excerpt":{"rendered":"<p>Se celebraron los comicios en 7 municipios mendocinos que decidieron desdoblar las elecciones. Ya quedaron definidos los candidatos de los frentes de cara a las elecciones generales. El Frente Eleg\u00ed sac\u00f3 pecho y Cambia Mendoza acort\u00f3 algunas distancias en tierras peronistas. Siete departamentos de\u00a0Mendoza\u00a0fueron a las urnas por primera vez en el 2023.\u00a0El rally de\u00a0elecciones\u00a0comenz\u00f3<a class=\"read-more\" href=\"https:\/\/elfederalmendoza.com.ar\/index.php\/2023\/05\/01\/elecciones-paso-2023-en-el-debut-de-la-boleta-unica-elegi-pj-gano-pero-cambia-mendoza-muy-cerca\/\"> [&hellip;]<\/a><\/p>\n","protected":false},"author":2,"featured_media":22400,"comment_status":"open","ping_status":"open","sticky":false,"template":"","format":"standard","meta":{"footnotes":""},"categories":[1],"tags":[],"class_list":["post-22399","post","type-post","status-publish","format-standard","has-post-thumbnail","hentry","category-mza"],"rttpg_featured_image_url":{"full":["https:\/\/elfederalmendoza.com.ar\/wp-content\/uploads\/2023\/05\/paso-mendoza1.jpg",923,576,false],"landscape":["https:\/\/elfederalmendoza.com.ar\/wp-content\/uploads\/2023\/05\/paso-mendoza1.jpg",923,576,false],"portraits":["https:\/\/elfederalmendoza.com.ar\/wp-content\/uploads\/2023\/05\/paso-mendoza1.jpg",923,576,false],"thumbnail":["https:\/\/elfederalmendoza.com.ar\/wp-content\/uploads\/2023\/05\/paso-mendoza1-150x150.jpg",150,150,true],"medium":["https:\/\/elfederalmendoza.com.ar\/wp-content\/uploads\/2023\/05\/paso-mendoza1-300x187.jpg",300,187,true],"large":["https:\/\/elfederalmendoza.com.ar\/wp-content\/uploads\/2023\/05\/paso-mendoza1.jpg",640,399,false],"1536x1536":["https:\/\/elfederalmendoza.com.ar\/wp-content\/uploads\/2023\/05\/paso-mendoza1.jpg",923,576,false],"2048x2048":["https:\/\/elfederalmendoza.com.ar\/wp-content\/uploads\/2023\/05\/paso-mendoza1.jpg",923,576,false],"ultp_layout_landscape_large":["https:\/\/elfederalmendoza.com.ar\/wp-content\/uploads\/2023\/05\/paso-mendoza1.jpg",923,576,false],"ultp_layout_landscape":["https:\/\/elfederalmendoza.com.ar\/wp-content\/uploads\/2023\/05\/paso-mendoza1-870x570.jpg",870,570,true],"ultp_layout_portrait":["https:\/\/elfederalmendoza.com.ar\/wp-content\/uploads\/2023\/05\/paso-mendoza1-600x576.jpg",600,576,true],"ultp_layout_square":["https:\/\/elfederalmendoza.com.ar\/wp-content\/uploads\/2023\/05\/paso-mendoza1-600x576.jpg",600,576,true],"rpwe-thumbnail":["https:\/\/elfederalmendoza.com.ar\/wp-content\/uploads\/2023\/05\/paso-mendoza1-45x45.jpg",45,45,true],"advps-thumb-one":["https:\/\/elfederalmendoza.com.ar\/wp-content\/uploads\/2023\/05\/paso-mendoza1-923x420.jpg",923,420,true]},"rttpg_author":{"display_name":"Redacci\u00f3n El Federal","author_link":"https:\/\/elfederalmendoza.com.ar\/index.php\/author\/angelflores\/"},"rttpg_comment":0,"rttpg_category":"<a href=\"https:\/\/elfederalmendoza.com.ar\/index.php\/category\/mza\/\" rel=\"category tag\">Mendoza<\/a>","rttpg_excerpt":"Se celebraron los comicios en 7 municipios mendocinos que decidieron desdoblar las elecciones. Ya quedaron definidos los candidatos de los frentes de cara a las elecciones generales. El Frente Eleg\u00ed sac\u00f3 pecho y Cambia Mendoza acort\u00f3 algunas distancias en tierras peronistas. Siete departamentos de\u00a0Mendoza\u00a0fueron a las urnas por primera vez en el 2023.\u00a0El rally de\u00a0elecciones\u00a0comenz\u00f3&hellip;","_links":{"self":[{"href":"https:\/\/elfederalmendoza.com.ar\/index.php\/wp-json\/wp\/v2\/posts\/22399","targetHints":{"allow":["GET"]}}],"collection":[{"href":"https:\/\/elfederalmendoza.com.ar\/index.php\/wp-json\/wp\/v2\/posts"}],"about":[{"href":"https:\/\/elfederalmendoza.com.ar\/index.php\/wp-json\/wp\/v2\/types\/post"}],"author":[{"embeddable":true,"href":"https:\/\/elfederalmendoza.com.ar\/index.php\/wp-json\/wp\/v2\/users\/2"}],"replies":[{"embeddable":true,"href":"https:\/\/elfederalmendoza.com.ar\/index.php\/wp-json\/wp\/v2\/comments?post=22399"}],"version-history":[{"count":1,"href":"https:\/\/elfederalmendoza.com.ar\/index.php\/wp-json\/wp\/v2\/posts\/22399\/revisions"}],"predecessor-version":[{"id":22401,"href":"https:\/\/elfederalmendoza.com.ar\/index.php\/wp-json\/wp\/v2\/posts\/22399\/revisions\/22401"}],"wp:featuredmedia":[{"embeddable":true,"href":"https:\/\/elfederalmendoza.com.ar\/index.php\/wp-json\/wp\/v2\/media\/22400"}],"wp:attachment":[{"href":"https:\/\/elfederalmendoza.com.ar\/index.php\/wp-json\/wp\/v2\/media?parent=22399"}],"wp:term":[{"taxonomy":"category","embeddable":true,"href":"https:\/\/elfederalmendoza.com.ar\/index.php\/wp-json\/wp\/v2\/categories?post=22399"},{"taxonomy":"post_tag","embeddable":true,"href":"https:\/\/elfederalmendoza.com.ar\/index.php\/wp-json\/wp\/v2\/tags?post=22399"}],"curies":[{"name":"wp","href":"https:\/\/api.w.org\/{rel}","templated":true}]}}