{"id":22402,"date":"2023-05-01T05:28:00","date_gmt":"2023-05-01T08:28:00","guid":{"rendered":"https:\/\/elfederalmendoza.com\/?p=22402"},"modified":"2023-05-01T07:33:15","modified_gmt":"2023-05-01T10:33:15","slug":"video-el-golazo-de-julian-alvarez-para-darle-la-victoria-y-la-punta-a-manchester-city","status":"publish","type":"post","link":"https:\/\/elfederalmendoza.com.ar\/index.php\/2023\/05\/01\/video-el-golazo-de-julian-alvarez-para-darle-la-victoria-y-la-punta-a-manchester-city\/","title":{"rendered":"Video: el golazo de Juli\u00e1n \u00c1lvarez para darle la victoria y la punta a Manchester City"},"content":{"rendered":"\n<p>A pesar de jugar poco en el Manchester City, nadie puede discutir la capacidad goleadora de<strong>\u00a0Juli\u00e1n \u00c1lvarez<\/strong>. El delantero campe\u00f3n del mundo con la Selecci\u00f3n Argentina en Qatar 2022 sigue demostrando todo su potencial. Este domingo anot\u00f3 un <strong>espectacular golazo<\/strong> en el partido entre el City contra el Fulham en el marco de la fecha 34\u00b0 de la Premier League.<\/p>\n\n\n\n<p>A los 36 minutos de juego, el Manchester City empataba 1-1. El tanto para los dirigidos por <strong>Pep Guardiola<\/strong> lo hab\u00eda anotado Erling Haaland y a los 15 minutos hab\u00eda empatado Carlos Vinicius para el Fulham.<\/p>\n\n\n\n<p>Pero el delantero argentino recibi\u00f3 el bal\u00f3n y enganch\u00f3 un fuerte disparo desde lejos que se col\u00f3 por el costado izquierdo del arquero Bernd Leno, quien solo movi\u00f3 la cabeza. El golazo de Juli\u00e1n fue id\u00e9ntico a uno que le meti\u00f3 a Boca en el Supercl\u00e1sico.<\/p>\n\n\n\n<blockquote class=\"twitter-tweet\"><p lang=\"es\" dir=\"ltr\">Juli\u00e1n \u00c1lvarez \ud83c\udde6\ud83c\uddf7. Ese es el twit. <a href=\"https:\/\/t.co\/3fdjF0XOFM\">pic.twitter.com\/3fdjF0XOFM<\/a><\/p>&mdash; VarskySports (@VarskySports) <a href=\"https:\/\/twitter.com\/VarskySports\/status\/1652670379763154945?ref_src=twsrc%5Etfw\">April 30, 2023<\/a><\/blockquote> <script async src=\"https:\/\/platform.twitter.com\/widgets.js\" charset=\"utf-8\"><\/script>\n","protected":false},"excerpt":{"rendered":"<p>A pesar de jugar poco en el Manchester City, nadie puede discutir la capacidad goleadora de\u00a0Juli\u00e1n \u00c1lvarez. El delantero campe\u00f3n del mundo con la Selecci\u00f3n Argentina en Qatar 2022 sigue demostrando todo su potencial. Este domingo anot\u00f3 un espectacular golazo en el partido entre el City contra el Fulham en el marco de la fecha<a class=\"read-more\" href=\"https:\/\/elfederalmendoza.com.ar\/index.php\/2023\/05\/01\/video-el-golazo-de-julian-alvarez-para-darle-la-victoria-y-la-punta-a-manchester-city\/\"> [&hellip;]<\/a><\/p>\n","protected":false},"author":2,"featured_media":22403,"comment_status":"open","ping_status":"open","sticky":false,"template":"","format":"standard","meta":{"footnotes":""},"categories":[5620],"tags":[],"class_list":["post-22402","post","type-post","status-publish","format-standard","has-post-thumbnail","hentry","category-deportes"],"rttpg_featured_image_url":{"full":["https:\/\/elfederalmendoza.com.ar\/wp-content\/uploads\/2023\/05\/GOLAZO-JULIAN.jpg",1200,800,false],"landscape":["https:\/\/elfederalmendoza.com.ar\/wp-content\/uploads\/2023\/05\/GOLAZO-JULIAN.jpg",1200,800,false],"portraits":["https:\/\/elfederalmendoza.com.ar\/wp-content\/uploads\/2023\/05\/GOLAZO-JULIAN.jpg",1200,800,false],"thumbnail":["https:\/\/elfederalmendoza.com.ar\/wp-content\/uploads\/2023\/05\/GOLAZO-JULIAN-150x150.jpg",150,150,true],"medium":["https:\/\/elfederalmendoza.com.ar\/wp-content\/uploads\/2023\/05\/GOLAZO-JULIAN-300x200.jpg",300,200,true],"large":["https:\/\/elfederalmendoza.com.ar\/wp-content\/uploads\/2023\/05\/GOLAZO-JULIAN-1024x683.jpg",640,427,true],"1536x1536":["https:\/\/elfederalmendoza.com.ar\/wp-content\/uploads\/2023\/05\/GOLAZO-JULIAN.jpg",1200,800,false],"2048x2048":["https:\/\/elfederalmendoza.com.ar\/wp-content\/uploads\/2023\/05\/GOLAZO-JULIAN.jpg",1200,800,false],"ultp_layout_landscape_large":["https:\/\/elfederalmendoza.com.ar\/wp-content\/uploads\/2023\/05\/GOLAZO-JULIAN.jpg",1200,800,false],"ultp_layout_landscape":["https:\/\/elfederalmendoza.com.ar\/wp-content\/uploads\/2023\/05\/GOLAZO-JULIAN-870x570.jpg",870,570,true],"ultp_layout_portrait":["https:\/\/elfederalmendoza.com.ar\/wp-content\/uploads\/2023\/05\/GOLAZO-JULIAN-600x800.jpg",600,800,true],"ultp_layout_square":["https:\/\/elfederalmendoza.com.ar\/wp-content\/uploads\/2023\/05\/GOLAZO-JULIAN-600x600.jpg",600,600,true],"rpwe-thumbnail":["https:\/\/elfederalmendoza.com.ar\/wp-content\/uploads\/2023\/05\/GOLAZO-JULIAN-45x45.jpg",45,45,true],"advps-thumb-one":["https:\/\/elfederalmendoza.com.ar\/wp-content\/uploads\/2023\/05\/GOLAZO-JULIAN-1200x420.jpg",1200,420,true]},"rttpg_author":{"display_name":"Redacci\u00f3n El Federal","author_link":"https:\/\/elfederalmendoza.com.ar\/index.php\/author\/angelflores\/"},"rttpg_comment":0,"rttpg_category":"<a href=\"https:\/\/elfederalmendoza.com.ar\/index.php\/category\/deportes\/\" rel=\"category tag\">Deportes<\/a>","rttpg_excerpt":"A pesar de jugar poco en el Manchester City, nadie puede discutir la capacidad goleadora de\u00a0Juli\u00e1n \u00c1lvarez. El delantero campe\u00f3n del mundo con la Selecci\u00f3n Argentina en Qatar 2022 sigue demostrando todo su potencial. Este domingo anot\u00f3 un espectacular golazo en el partido entre el City contra el Fulham en el marco de la fecha&hellip;","_links":{"self":[{"href":"https:\/\/elfederalmendoza.com.ar\/index.php\/wp-json\/wp\/v2\/posts\/22402","targetHints":{"allow":["GET"]}}],"collection":[{"href":"https:\/\/elfederalmendoza.com.ar\/index.php\/wp-json\/wp\/v2\/posts"}],"about":[{"href":"https:\/\/elfederalmendoza.com.ar\/index.php\/wp-json\/wp\/v2\/types\/post"}],"author":[{"embeddable":true,"href":"https:\/\/elfederalmendoza.com.ar\/index.php\/wp-json\/wp\/v2\/users\/2"}],"replies":[{"embeddable":true,"href":"https:\/\/elfederalmendoza.com.ar\/index.php\/wp-json\/wp\/v2\/comments?post=22402"}],"version-history":[{"count":1,"href":"https:\/\/elfederalmendoza.com.ar\/index.php\/wp-json\/wp\/v2\/posts\/22402\/revisions"}],"predecessor-version":[{"id":22404,"href":"https:\/\/elfederalmendoza.com.ar\/index.php\/wp-json\/wp\/v2\/posts\/22402\/revisions\/22404"}],"wp:featuredmedia":[{"embeddable":true,"href":"https:\/\/elfederalmendoza.com.ar\/index.php\/wp-json\/wp\/v2\/media\/22403"}],"wp:attachment":[{"href":"https:\/\/elfederalmendoza.com.ar\/index.php\/wp-json\/wp\/v2\/media?parent=22402"}],"wp:term":[{"taxonomy":"category","embeddable":true,"href":"https:\/\/elfederalmendoza.com.ar\/index.php\/wp-json\/wp\/v2\/categories?post=22402"},{"taxonomy":"post_tag","embeddable":true,"href":"https:\/\/elfederalmendoza.com.ar\/index.php\/wp-json\/wp\/v2\/tags?post=22402"}],"curies":[{"name":"wp","href":"https:\/\/api.w.org\/{rel}","templated":true}]}}