{"id":22413,"date":"2023-05-02T08:34:58","date_gmt":"2023-05-02T11:34:58","guid":{"rendered":"https:\/\/elfederalmendoza.com\/?p=22413"},"modified":"2023-05-02T08:34:59","modified_gmt":"2023-05-02T11:34:59","slug":"alberto-aseguro-que-alcanzamos-el-desempleo-mas-bajo-en-decadas","status":"publish","type":"post","link":"https:\/\/elfederalmendoza.com.ar\/index.php\/2023\/05\/02\/alberto-aseguro-que-alcanzamos-el-desempleo-mas-bajo-en-decadas\/","title":{"rendered":"Alberto asegur\u00f3 que alcanzamos \u00abel desempleo m\u00e1s bajo en d\u00e9cadas\u00bb"},"content":{"rendered":"\n<p>El presidente\u00a0<strong>Alberto Fern\u00e1ndez<\/strong>\u00a0conmemor\u00f3 el\u00a0<strong>D\u00eda Internacional del Trabajo<\/strong>\u00a0y asegur\u00f3 que su gesti\u00f3n alcanz\u00f3 el nivel de desempleo \u00abm\u00e1s bajo en d\u00e9cadas\u00bb, que lleg\u00f3 al 7% a nivel nacional, y resalt\u00f3 adem\u00e1s que varias provincias lograron pleno empleo.<\/p>\n\n\n\n<p>\u00ab<strong>Prometimos generar trabajo y lo estamos haciendo<\/strong>: alcanzamos el desempleo m\u00e1s bajo en d\u00e9cadas y muchas provincias tienen pleno empleo\u00bb, destac\u00f3 el mandatario a trav\u00e9s de sus redes sociales, quien se encuentra en la quinta de Olivos.<\/p>\n\n\n\n<p>\u00abLa patria sigue creciendo con m\u00e1s oportunidades para el pueblo. Feliz d\u00eda a quienes a diario construyen este pa\u00eds. #D\u00edaDeLasyLosTrabajadores\u00bb, public\u00f3 el mandatario junto a un video que recupera fragmentos de sus discursos en el que se lo escucha decir que su administraci\u00f3n ha creado un mill\u00f3n seiscientos mil puestos de trabajo, y que persigui\u00f3 como objetivo recuperar el trabajo formal.<\/p>\n\n\n\n<blockquote class=\"twitter-tweet\"><p lang=\"es\" dir=\"ltr\">Prometimos generar trabajo y lo estamos haciendo: alcanzamos el desempleo m\u00e1s bajo en d\u00e9cadas y muchas provincias tienen pleno empleo. La patria sigue creciendo con m\u00e1s oportunidades para el pueblo.<br><br>Feliz d\u00eda a quienes a diario construyen este pa\u00eds. <a href=\"https:\/\/twitter.com\/hashtag\/D%C3%ADaDeLasyLosTrabajadores?src=hash&amp;ref_src=twsrc%5Etfw\">#D\u00edaDeLasyLosTrabajadores<\/a> \ud83c\udde6\ud83c\uddf7 <a href=\"https:\/\/t.co\/Fxnijc9CTU\">pic.twitter.com\/Fxnijc9CTU<\/a><\/p>&mdash; Alberto Fern\u00e1ndez (@alferdez) <a href=\"https:\/\/twitter.com\/alferdez\/status\/1653043746156556291?ref_src=twsrc%5Etfw\">May 1, 2023<\/a><\/blockquote> <script async src=\"https:\/\/platform.twitter.com\/widgets.js\" charset=\"utf-8\"><\/script>\n\n\n\n<p>En sinton\u00eda, su jefe de Gabinete,&nbsp;<strong>Agust\u00edn Rossi<\/strong>, con aspiraciones electorales, tambi\u00e9n expres\u00f3 sus saludos por la fecha, aunque caracteriz\u00f3 \u00abtiempos dif\u00edciles\u00bb en el pa\u00eds. \u00abM\u00faltiples factores afectan de manera directa la vida de las argentinos y las argentinas. Trabajamos todos los d\u00edas para resolver esos problemas con un proyecto claro que est\u00e1 evidenciando buenos resultados\u00bb, expres\u00f3 el extitular de la AFI.<\/p>\n\n\n\n<p>\u00abTenemos\u00a0<strong>una de las tasas de desocupaci\u00f3n m\u00e1s bajas de la historia<\/strong>. En muchas provincias argentinas estamos casi con ocupaci\u00f3n plena y hemos tenido crecimiento econ\u00f3mico dos a\u00f1os consecutivos. Falta. Por supuesto que lo sabemos\u00bb, precis\u00f3, y agreg\u00f3: \u00abDebemos profundizar el camino iniciado para que estos avances se traduzcan en mejores condiciones de vida para nuestro pueblo\u00bb.<\/p>\n\n\n\n<p>A su parte, cargo adem\u00e1s contra la oposici\u00f3n al acusarla de preocuparse por solo por beneficiar al sector empresarial, y contrapuso dos modelos de Gobierno. \u00abEl proyecto &#8216;pol\u00edtico&#8217; que dice querer mejorar la actual situaci\u00f3n solo se preocupa por sostener el privilegio de quienes m\u00e1s recursos tienen. Este a\u00f1o tenemos la posibilidad de elegir nuevamente qu\u00e9 modelo de pa\u00eds queremos. Trabajemos juntos para defender el proyecto que tiene a la dignidad y los derechos de los trabajadores y trabajadoras en lo m\u00e1s alto de las prioridades de gobierno\u00bb, concluy\u00f3.<\/p>\n\n\n\n<blockquote class=\"twitter-tweet\"><p lang=\"es\" dir=\"ltr\">Tenemos una de las tasas de desocupaci\u00f3n m\u00e1s bajas de la historia. En muchas provincias argentinas estamos casi con ocupaci\u00f3n plena y hemos tenido crecimiento econ\u00f3mico dos a\u00f1os consecutivos. Falta. Por supuesto que lo sabemos.<\/p>&mdash; Agust\u00edn Rossi (@RossiAgustinOk) <a href=\"https:\/\/twitter.com\/RossiAgustinOk\/status\/1653002843731685376?ref_src=twsrc%5Etfw\">May 1, 2023<\/a><\/blockquote> <script async src=\"https:\/\/platform.twitter.com\/widgets.js\" charset=\"utf-8\"><\/script>\n","protected":false},"excerpt":{"rendered":"<p>El presidente\u00a0Alberto Fern\u00e1ndez\u00a0conmemor\u00f3 el\u00a0D\u00eda Internacional del Trabajo\u00a0y asegur\u00f3 que su gesti\u00f3n alcanz\u00f3 el nivel de desempleo \u00abm\u00e1s bajo en d\u00e9cadas\u00bb, que lleg\u00f3 al 7% a nivel nacional, y resalt\u00f3 adem\u00e1s que varias provincias lograron pleno empleo. \u00abPrometimos generar trabajo y lo estamos haciendo: alcanzamos el desempleo m\u00e1s bajo en d\u00e9cadas y muchas provincias tienen pleno<a class=\"read-more\" href=\"https:\/\/elfederalmendoza.com.ar\/index.php\/2023\/05\/02\/alberto-aseguro-que-alcanzamos-el-desempleo-mas-bajo-en-decadas\/\"> [&hellip;]<\/a><\/p>\n","protected":false},"author":2,"featured_media":22414,"comment_status":"open","ping_status":"open","sticky":false,"template":"","format":"standard","meta":{"footnotes":""},"categories":[5618],"tags":[],"class_list":["post-22413","post","type-post","status-publish","format-standard","has-post-thumbnail","hentry","category-arg"],"rttpg_featured_image_url":{"full":["https:\/\/elfederalmendoza.com.ar\/wp-content\/uploads\/2023\/05\/EL-DEDITO.jpg",1140,641,false],"landscape":["https:\/\/elfederalmendoza.com.ar\/wp-content\/uploads\/2023\/05\/EL-DEDITO.jpg",1140,641,false],"portraits":["https:\/\/elfederalmendoza.com.ar\/wp-content\/uploads\/2023\/05\/EL-DEDITO.jpg",1140,641,false],"thumbnail":["https:\/\/elfederalmendoza.com.ar\/wp-content\/uploads\/2023\/05\/EL-DEDITO-150x150.jpg",150,150,true],"medium":["https:\/\/elfederalmendoza.com.ar\/wp-content\/uploads\/2023\/05\/EL-DEDITO-300x169.jpg",300,169,true],"large":["https:\/\/elfederalmendoza.com.ar\/wp-content\/uploads\/2023\/05\/EL-DEDITO-1024x576.jpg",640,360,true],"1536x1536":["https:\/\/elfederalmendoza.com.ar\/wp-content\/uploads\/2023\/05\/EL-DEDITO.jpg",1140,641,false],"2048x2048":["https:\/\/elfederalmendoza.com.ar\/wp-content\/uploads\/2023\/05\/EL-DEDITO.jpg",1140,641,false],"ultp_layout_landscape_large":["https:\/\/elfederalmendoza.com.ar\/wp-content\/uploads\/2023\/05\/EL-DEDITO.jpg",1140,641,false],"ultp_layout_landscape":["https:\/\/elfederalmendoza.com.ar\/wp-content\/uploads\/2023\/05\/EL-DEDITO-870x570.jpg",870,570,true],"ultp_layout_portrait":["https:\/\/elfederalmendoza.com.ar\/wp-content\/uploads\/2023\/05\/EL-DEDITO-600x641.jpg",600,641,true],"ultp_layout_square":["https:\/\/elfederalmendoza.com.ar\/wp-content\/uploads\/2023\/05\/EL-DEDITO-600x600.jpg",600,600,true],"rpwe-thumbnail":["https:\/\/elfederalmendoza.com.ar\/wp-content\/uploads\/2023\/05\/EL-DEDITO-45x45.jpg",45,45,true],"advps-thumb-one":["https:\/\/elfederalmendoza.com.ar\/wp-content\/uploads\/2023\/05\/EL-DEDITO-1140x420.jpg",1140,420,true]},"rttpg_author":{"display_name":"Redacci\u00f3n El Federal","author_link":"https:\/\/elfederalmendoza.com.ar\/index.php\/author\/angelflores\/"},"rttpg_comment":0,"rttpg_category":"<a href=\"https:\/\/elfederalmendoza.com.ar\/index.php\/category\/arg\/\" rel=\"category tag\">Argentina<\/a>","rttpg_excerpt":"El presidente\u00a0Alberto Fern\u00e1ndez\u00a0conmemor\u00f3 el\u00a0D\u00eda Internacional del Trabajo\u00a0y asegur\u00f3 que su gesti\u00f3n alcanz\u00f3 el nivel de desempleo \u00abm\u00e1s bajo en d\u00e9cadas\u00bb, que lleg\u00f3 al 7% a nivel nacional, y resalt\u00f3 adem\u00e1s que varias provincias lograron pleno empleo. \u00abPrometimos generar trabajo y lo estamos haciendo: alcanzamos el desempleo m\u00e1s bajo en d\u00e9cadas y muchas provincias tienen pleno&hellip;","_links":{"self":[{"href":"https:\/\/elfederalmendoza.com.ar\/index.php\/wp-json\/wp\/v2\/posts\/22413","targetHints":{"allow":["GET"]}}],"collection":[{"href":"https:\/\/elfederalmendoza.com.ar\/index.php\/wp-json\/wp\/v2\/posts"}],"about":[{"href":"https:\/\/elfederalmendoza.com.ar\/index.php\/wp-json\/wp\/v2\/types\/post"}],"author":[{"embeddable":true,"href":"https:\/\/elfederalmendoza.com.ar\/index.php\/wp-json\/wp\/v2\/users\/2"}],"replies":[{"embeddable":true,"href":"https:\/\/elfederalmendoza.com.ar\/index.php\/wp-json\/wp\/v2\/comments?post=22413"}],"version-history":[{"count":1,"href":"https:\/\/elfederalmendoza.com.ar\/index.php\/wp-json\/wp\/v2\/posts\/22413\/revisions"}],"predecessor-version":[{"id":22415,"href":"https:\/\/elfederalmendoza.com.ar\/index.php\/wp-json\/wp\/v2\/posts\/22413\/revisions\/22415"}],"wp:featuredmedia":[{"embeddable":true,"href":"https:\/\/elfederalmendoza.com.ar\/index.php\/wp-json\/wp\/v2\/media\/22414"}],"wp:attachment":[{"href":"https:\/\/elfederalmendoza.com.ar\/index.php\/wp-json\/wp\/v2\/media?parent=22413"}],"wp:term":[{"taxonomy":"category","embeddable":true,"href":"https:\/\/elfederalmendoza.com.ar\/index.php\/wp-json\/wp\/v2\/categories?post=22413"},{"taxonomy":"post_tag","embeddable":true,"href":"https:\/\/elfederalmendoza.com.ar\/index.php\/wp-json\/wp\/v2\/tags?post=22413"}],"curies":[{"name":"wp","href":"https:\/\/api.w.org\/{rel}","templated":true}]}}