{"id":22418,"date":"2023-05-02T02:57:00","date_gmt":"2023-05-02T05:57:00","guid":{"rendered":"https:\/\/elfederalmendoza.com\/?p=22418"},"modified":"2023-05-02T11:58:37","modified_gmt":"2023-05-02T14:58:37","slug":"la-pampa-enojada-con-mendoza-otra-vez-el-gobernador-le-envio-una-carta-a-massa-para-quejarse-por-el-acuerdo-por-el-baqueano","status":"publish","type":"post","link":"https:\/\/elfederalmendoza.com.ar\/index.php\/2023\/05\/02\/la-pampa-enojada-con-mendoza-otra-vez-el-gobernador-le-envio-una-carta-a-massa-para-quejarse-por-el-acuerdo-por-el-baqueano\/","title":{"rendered":"La Pampa, enojada con Mendoza (otra vez): el gobernador le envi\u00f3 una carta a Massa para quejarse por el acuerdo por El Baqueano"},"content":{"rendered":"\n<p>Una vez m\u00e1s los gobiernos de\u00a0<strong>La Pampa<\/strong>\u00a0y\u00a0<strong>Mendoza<\/strong>\u00a0tensaron su relaci\u00f3n.\u00a0Y van&#8230; Esta vez la provincia vecina reaccion\u00f3\u00a0<strong>con mucho enojo<\/strong>\u00a0frente\u00a0al\u00a0<strong>acuerdo<\/strong>\u00a0que suscribieron la semana pasada el ministro de Econom\u00eda de la Naci\u00f3n,\u00a0<strong>Sergio Massa<\/strong>, y el gobernador de Mendoza,\u00a0<strong>Rodolfo Suarez<\/strong>, para que el proyecto de\u00a0<strong>El Baqueano\u00a0<\/strong>ingrese en el programa nacional que garantiza el precio de compra de energ\u00eda durante 15 a\u00f1os y el ingreso a las arcas locales de\u00a0<strong>1.230 millones de d\u00f3lares<\/strong>, casi lo mismo que Portezuelo del Viento.<\/p>\n\n\n\n<p>El gobernador pampeano\u00a0<strong>Sergio Ziliotto<\/strong>\u00a0le mand\u00f3 una carta al titular del Palacio de Hacienda con duros t\u00e9rminos y asegurando que el convenio firmado es inconstitucional.\u00a0<strong>Le exigi\u00f3 adem\u00e1s la inmediata suspensi\u00f3n<\/strong>.<\/p>\n\n\n\n<p>El secretario de Recursos H\u00eddricos de esa provinicia,\u00a0<strong>N\u00e9stor Lastiri<\/strong>, dijo por su parte estar<strong>\u00a0\u00abdecepcionado y preocupado\u00bb.<\/strong><\/p>\n\n\n\n<p>Qu\u00e9 dice la nota del gobernador de La Pampa al ministro de Econom\u00eda<\/p>\n\n\n\n<p>El documento que&nbsp;<strong>Ziliotto<\/strong>&nbsp;le envi\u00f3 a Massa sostiene que el acuerdo entre Naci\u00f3n y Mendoza habilita obras sobre una cuenca h\u00eddrica sin tener en cuenta a las dem\u00e1s provincias que la integran,<strong>&nbsp;\u00abcontrariando as\u00ed la Constituci\u00f3n Nacional, las leyes ambientales de la Naci\u00f3n y los acuerdos internacionales\u00bb.<\/strong><\/p>\n\n\n\n<p>Esa nota fue enviada con copia&nbsp;<strong>a los gobernadores de las provincias que integran la cuenca<\/strong>: Catamarca, La Rioja, San Juan, Mendoza y San Luis.<\/p>\n\n\n\n<p>\u00abEs lesivo para la provincia de La Pampa en su car\u00e1cter de cond\u00f3mina de la&nbsp;<strong>cuenca del Desag\u00fcadero-Salado-Chadileuv\u00fa-Curac\u00f3 (DSCC)<\/strong>&nbsp;y avala el avance de una obra que&nbsp;<strong>no respeta el ambiente<\/strong>\u00ab, se\u00f1ala tambi\u00e9n el mandatario de La Pampa.<\/p>\n\n\n\n<p>Por \u00faltimo indica que\u00a0<strong>\u00abla provincia de La Pampa rechaza en\u00e9rgicamente el acuerdo y solicita su suspensi\u00f3n inmediata,<\/strong>\u00a0en tanto Naci\u00f3n apoya la ejecuci\u00f3n de una obra hidroel\u00e9ctrica sobre el cauce del r\u00edo Diamante, perteneciente a la cuenca DSCC, que\u00a0<strong>no cuenta con un estudio de impacto ambiental<\/strong>\u00a0sobre toda la cuenca h\u00eddrica, que no respeta la ley de obras hidr\u00e1ulicas y que no tuvo en cuenta la participaci\u00f3n de las restantes provincias que la integran,\u00a0<strong>contrariando as\u00ed la Constituci\u00f3n Nacional, las leyes ambientales de la Naci\u00f3n y los acuerdos internacionales de los cuales somos parte<\/strong>\u00ab.<\/p>\n\n\n\n<h2 class=\"wp-block-heading\">Qu\u00e9 dijo el secretario de Recursos H\u00eddricos de La Pampa<\/h2>\n\n\n\n<p><strong>N\u00e9stor Lastiri, secretario de Recursos H\u00eddricos&nbsp;<\/strong>pampeano, expres\u00f3&nbsp;<strong>\u00abpreocupaci\u00f3n y decepci\u00f3n\u00bb<\/strong>&nbsp;por el convenio firmado entre el la Naci\u00f3n y Mendoza.<\/p>\n\n\n\n<p>\u00abSi bien&nbsp;<strong>monitoreamos todas las acciones<\/strong>&nbsp;que se realizan sobre la cuenca, el hecho de que ya se firme un convenio ejecutivo&nbsp;<strong>sin ninguna consulta a los integrantes de la cuenca<\/strong>&nbsp;cuando nosotros tenemos una acci\u00f3n judicial en tr\u00e1mite, m\u00e1s que sorprender, es algo que&nbsp;<strong>nos genera preocupaci\u00f3n y decepci\u00f3n<\/strong>\u00ab, asegur\u00f3 el funcionario en declaraciones publicadas por medios de su provincia.<\/p>\n\n\n\n<p>Lastiri cont\u00f3 que hizo una consulta con el \u00e1rea de Recursos H\u00eddricos de Naci\u00f3n y seg\u00fan \u00e9l, el convenio firmado entre el Ministerio de Econom\u00eda, la Secretar\u00eda de Energ\u00eda y el gobierno mendocino es deconocido.<strong>\u00a0\u00abCreo que es una desconexi\u00f3n de las \u00e1reas intervinientes\u00bb<\/strong>, afirm\u00f3.<\/p>\n\n\n\n<p>\u00abYo no entiendo estas pol\u00edticas de desarrollo energ\u00e9tico cuando estamos en una<strong>&nbsp;severa crisis h\u00eddrica<\/strong>&nbsp;comprobada. Como ocurri\u00f3 con el proyecto Portezuelo del Viento,<strong>&nbsp;en la presa El Baqueano no se va a generar esa energ\u00eda que dicen que se va a generar.&nbsp;<\/strong>El cambio clim\u00e1tico es para todos, la disminuci\u00f3n de las \u00e1reas de nieve es para todos y la situaci\u00f3n de los r\u00edos es extrema\u00bb, sum\u00f3 el secretario.<\/p>\n\n\n\n<p><strong>\u00abPara La Pampa la soberan\u00eda h\u00eddrica es innegociable\u00bb,<\/strong>\u00a0afirm\u00f3 categ\u00f3rico.<\/p>\n\n\n\n<p>No es la primera vez que la provincia gobernada por el peronista Ziliotto<strong>\u00a0arremete contra Mendoza<\/strong>. En enero de este a\u00f1o ya se hab\u00eda anunciado una embestida contra el gobierno de Rodolfo Suarez precisamente por El Baqueano. Avis\u00f3 entonces que reclamar\u00e1 lo mismo que hizo respecto de Portezuelo:\u00a0<strong>un nuevo estudio de impacto ambiental<\/strong>. Es que para ellos el estudio de impacto ambiental realizado por Mendoza no incluy\u00f3 a La Pampa.<\/p>\n\n\n\n<p>Otra muestra de la<strong>\u00a0fuerte postura contra las decisiones del gobierno mendocino<\/strong>\u00a0la hab\u00eda dado un diputado nacional pampeano que calific\u00f3 de \u00absaqueador ambiental\u00bb a Rodolfo Suarez.\u00a0Fue Hern\u00e1n P\u00e9rez Araujo\u00a0quien apel\u00f3 pel\u00f3 a t\u00e9rminos que bien podr\u00edan considerarse violentos para referirse al gobernador de Mendoza, a quien tild\u00f3 de practicar\u00a0<strong>\u00abcuatrerismo h\u00eddrico\u00bb.<\/strong><\/p>\n\n\n\n<p><strong>Desde La Pampa tambi\u00e9n se han expresado\u00a0contra Potasio R\u00edo Colorado\u00a0y contra Hierro Indio, del mismo modo que lo hicieron con Portezuelo del Viento, en este caso festejando el laudo presidencial que los favoreci\u00f3.<\/strong><\/p>\n\n\n\n<p><em>Fuente: Diario UNO<\/em><\/p>\n","protected":false},"excerpt":{"rendered":"<p>Una vez m\u00e1s los gobiernos de\u00a0La Pampa\u00a0y\u00a0Mendoza\u00a0tensaron su relaci\u00f3n.\u00a0Y van&#8230; Esta vez la provincia vecina reaccion\u00f3\u00a0con mucho enojo\u00a0frente\u00a0al\u00a0acuerdo\u00a0que suscribieron la semana pasada el ministro de Econom\u00eda de la Naci\u00f3n,\u00a0Sergio Massa, y el gobernador de Mendoza,\u00a0Rodolfo Suarez, para que el proyecto de\u00a0El Baqueano\u00a0ingrese en el programa nacional que garantiza el precio de compra de energ\u00eda durante<a class=\"read-more\" href=\"https:\/\/elfederalmendoza.com.ar\/index.php\/2023\/05\/02\/la-pampa-enojada-con-mendoza-otra-vez-el-gobernador-le-envio-una-carta-a-massa-para-quejarse-por-el-acuerdo-por-el-baqueano\/\"> [&hellip;]<\/a><\/p>\n","protected":false},"author":2,"featured_media":22428,"comment_status":"open","ping_status":"open","sticky":false,"template":"","format":"standard","meta":{"footnotes":""},"categories":[1],"tags":[],"class_list":["post-22418","post","type-post","status-publish","format-standard","has-post-thumbnail","hentry","category-mza"],"rttpg_featured_image_url":{"full":["https:\/\/elfederalmendoza.com.ar\/wp-content\/uploads\/2023\/05\/IMG-20210818-WA0131.jpg",1280,720,false],"landscape":["https:\/\/elfederalmendoza.com.ar\/wp-content\/uploads\/2023\/05\/IMG-20210818-WA0131.jpg",1280,720,false],"portraits":["https:\/\/elfederalmendoza.com.ar\/wp-content\/uploads\/2023\/05\/IMG-20210818-WA0131.jpg",1280,720,false],"thumbnail":["https:\/\/elfederalmendoza.com.ar\/wp-content\/uploads\/2023\/05\/IMG-20210818-WA0131-150x150.jpg",150,150,true],"medium":["https:\/\/elfederalmendoza.com.ar\/wp-content\/uploads\/2023\/05\/IMG-20210818-WA0131-300x169.jpg",300,169,true],"large":["https:\/\/elfederalmendoza.com.ar\/wp-content\/uploads\/2023\/05\/IMG-20210818-WA0131-1024x576.jpg",640,360,true],"1536x1536":["https:\/\/elfederalmendoza.com.ar\/wp-content\/uploads\/2023\/05\/IMG-20210818-WA0131.jpg",1280,720,false],"2048x2048":["https:\/\/elfederalmendoza.com.ar\/wp-content\/uploads\/2023\/05\/IMG-20210818-WA0131.jpg",1280,720,false],"ultp_layout_landscape_large":["https:\/\/elfederalmendoza.com.ar\/wp-content\/uploads\/2023\/05\/IMG-20210818-WA0131-1200x720.jpg",1200,720,true],"ultp_layout_landscape":["https:\/\/elfederalmendoza.com.ar\/wp-content\/uploads\/2023\/05\/IMG-20210818-WA0131-870x570.jpg",870,570,true],"ultp_layout_portrait":["https:\/\/elfederalmendoza.com.ar\/wp-content\/uploads\/2023\/05\/IMG-20210818-WA0131-600x720.jpg",600,720,true],"ultp_layout_square":["https:\/\/elfederalmendoza.com.ar\/wp-content\/uploads\/2023\/05\/IMG-20210818-WA0131-600x600.jpg",600,600,true],"rpwe-thumbnail":["https:\/\/elfederalmendoza.com.ar\/wp-content\/uploads\/2023\/05\/IMG-20210818-WA0131-45x45.jpg",45,45,true],"advps-thumb-one":["https:\/\/elfederalmendoza.com.ar\/wp-content\/uploads\/2023\/05\/IMG-20210818-WA0131-1200x420.jpg",1200,420,true]},"rttpg_author":{"display_name":"Redacci\u00f3n El Federal","author_link":"https:\/\/elfederalmendoza.com.ar\/index.php\/author\/angelflores\/"},"rttpg_comment":0,"rttpg_category":"<a href=\"https:\/\/elfederalmendoza.com.ar\/index.php\/category\/mza\/\" rel=\"category tag\">Mendoza<\/a>","rttpg_excerpt":"Una vez m\u00e1s los gobiernos de\u00a0La Pampa\u00a0y\u00a0Mendoza\u00a0tensaron su relaci\u00f3n.\u00a0Y van&#8230; Esta vez la provincia vecina reaccion\u00f3\u00a0con mucho enojo\u00a0frente\u00a0al\u00a0acuerdo\u00a0que suscribieron la semana pasada el ministro de Econom\u00eda de la Naci\u00f3n,\u00a0Sergio Massa, y el gobernador de Mendoza,\u00a0Rodolfo Suarez, para que el proyecto de\u00a0El Baqueano\u00a0ingrese en el programa nacional que garantiza el precio de compra de energ\u00eda durante&hellip;","_links":{"self":[{"href":"https:\/\/elfederalmendoza.com.ar\/index.php\/wp-json\/wp\/v2\/posts\/22418","targetHints":{"allow":["GET"]}}],"collection":[{"href":"https:\/\/elfederalmendoza.com.ar\/index.php\/wp-json\/wp\/v2\/posts"}],"about":[{"href":"https:\/\/elfederalmendoza.com.ar\/index.php\/wp-json\/wp\/v2\/types\/post"}],"author":[{"embeddable":true,"href":"https:\/\/elfederalmendoza.com.ar\/index.php\/wp-json\/wp\/v2\/users\/2"}],"replies":[{"embeddable":true,"href":"https:\/\/elfederalmendoza.com.ar\/index.php\/wp-json\/wp\/v2\/comments?post=22418"}],"version-history":[{"count":3,"href":"https:\/\/elfederalmendoza.com.ar\/index.php\/wp-json\/wp\/v2\/posts\/22418\/revisions"}],"predecessor-version":[{"id":22430,"href":"https:\/\/elfederalmendoza.com.ar\/index.php\/wp-json\/wp\/v2\/posts\/22418\/revisions\/22430"}],"wp:featuredmedia":[{"embeddable":true,"href":"https:\/\/elfederalmendoza.com.ar\/index.php\/wp-json\/wp\/v2\/media\/22428"}],"wp:attachment":[{"href":"https:\/\/elfederalmendoza.com.ar\/index.php\/wp-json\/wp\/v2\/media?parent=22418"}],"wp:term":[{"taxonomy":"category","embeddable":true,"href":"https:\/\/elfederalmendoza.com.ar\/index.php\/wp-json\/wp\/v2\/categories?post=22418"},{"taxonomy":"post_tag","embeddable":true,"href":"https:\/\/elfederalmendoza.com.ar\/index.php\/wp-json\/wp\/v2\/tags?post=22418"}],"curies":[{"name":"wp","href":"https:\/\/api.w.org\/{rel}","templated":true}]}}