{"id":22421,"date":"2023-05-02T11:10:21","date_gmt":"2023-05-02T14:10:21","guid":{"rendered":"https:\/\/elfederalmendoza.com\/?p=22421"},"modified":"2023-05-02T11:10:22","modified_gmt":"2023-05-02T14:10:22","slug":"salio-a-defender-a-su-hijo-y-le-dieron-un-tiro-en-los-genitales","status":"publish","type":"post","link":"https:\/\/elfederalmendoza.com.ar\/index.php\/2023\/05\/02\/salio-a-defender-a-su-hijo-y-le-dieron-un-tiro-en-los-genitales\/","title":{"rendered":"Sali\u00f3 a defender a su hijo y le dieron un tiro en los genitales"},"content":{"rendered":"\n<p>Un hombre fue baleado la noche del lunes en la puerta de su casa del oeste de<strong>\u00a0Godoy\u00a0<\/strong>Cruz. La v\u00edctima debi\u00f3 ser internada en el\u00a0<strong>Hospital Central<\/strong>. El episodio tuvo lugar pasadas las 23 horas cuando el hombre se encontraba en su domicilio del sector 9 del\u00a0<strong>asentamiento Los Cerrillos<\/strong>.<\/p>\n\n\n\n<p>En ese momento,<strong> la v\u00edctima escuch\u00f3 a su hijo discutir con dos sujetos afuera de la vivienda<\/strong>. Cuando sali\u00f3 para verificar la situaci\u00f3n, uno de los agresores comenz\u00f3 a efectuar disparos.<\/p>\n\n\n\n<p>Dos de los proyectiles alcanzaron al hombre: <strong>uno le dio en el test\u00edculo derecho y el otro en muslo izquierdo<\/strong>, de acuerdo con fuentes policiales. Ante eso, la v\u00edctima fue trasladada hasta el<strong>\u00a0Hospital Lencinas<\/strong>, pero, debido a su estado, la derivaron al citado centro asistencial de Ciudad.<\/p>\n\n\n\n<p>La informaci\u00f3n sostiene que el hombre contaba con antecedentes policiales. \u00a0Las actuaciones en la causa estuvieron a cargo de la\u00a0<strong>Oficina Fiscal N\u00ba 4<\/strong>\u00a0de la\u00a0<strong>Comisar\u00eda 27\u00aa<\/strong>.<\/p>\n","protected":false},"excerpt":{"rendered":"<p>Un hombre fue baleado la noche del lunes en la puerta de su casa del oeste de\u00a0Godoy\u00a0Cruz. La v\u00edctima debi\u00f3 ser internada en el\u00a0Hospital Central. El episodio tuvo lugar pasadas las 23 horas cuando el hombre se encontraba en su domicilio del sector 9 del\u00a0asentamiento Los Cerrillos. En ese momento, la v\u00edctima escuch\u00f3 a su<a class=\"read-more\" href=\"https:\/\/elfederalmendoza.com.ar\/index.php\/2023\/05\/02\/salio-a-defender-a-su-hijo-y-le-dieron-un-tiro-en-los-genitales\/\"> [&hellip;]<\/a><\/p>\n","protected":false},"author":2,"featured_media":22422,"comment_status":"open","ping_status":"open","sticky":false,"template":"","format":"standard","meta":{"footnotes":""},"categories":[1],"tags":[],"class_list":["post-22421","post","type-post","status-publish","format-standard","has-post-thumbnail","hentry","category-mza"],"rttpg_featured_image_url":{"full":["https:\/\/elfederalmendoza.com.ar\/wp-content\/uploads\/2023\/05\/los-cerritos.jpg",1060,647,false],"landscape":["https:\/\/elfederalmendoza.com.ar\/wp-content\/uploads\/2023\/05\/los-cerritos.jpg",1060,647,false],"portraits":["https:\/\/elfederalmendoza.com.ar\/wp-content\/uploads\/2023\/05\/los-cerritos.jpg",1060,647,false],"thumbnail":["https:\/\/elfederalmendoza.com.ar\/wp-content\/uploads\/2023\/05\/los-cerritos-150x150.jpg",150,150,true],"medium":["https:\/\/elfederalmendoza.com.ar\/wp-content\/uploads\/2023\/05\/los-cerritos-300x183.jpg",300,183,true],"large":["https:\/\/elfederalmendoza.com.ar\/wp-content\/uploads\/2023\/05\/los-cerritos-1024x625.jpg",640,391,true],"1536x1536":["https:\/\/elfederalmendoza.com.ar\/wp-content\/uploads\/2023\/05\/los-cerritos.jpg",1060,647,false],"2048x2048":["https:\/\/elfederalmendoza.com.ar\/wp-content\/uploads\/2023\/05\/los-cerritos.jpg",1060,647,false],"ultp_layout_landscape_large":["https:\/\/elfederalmendoza.com.ar\/wp-content\/uploads\/2023\/05\/los-cerritos.jpg",1060,647,false],"ultp_layout_landscape":["https:\/\/elfederalmendoza.com.ar\/wp-content\/uploads\/2023\/05\/los-cerritos-870x570.jpg",870,570,true],"ultp_layout_portrait":["https:\/\/elfederalmendoza.com.ar\/wp-content\/uploads\/2023\/05\/los-cerritos-600x647.jpg",600,647,true],"ultp_layout_square":["https:\/\/elfederalmendoza.com.ar\/wp-content\/uploads\/2023\/05\/los-cerritos-600x600.jpg",600,600,true],"rpwe-thumbnail":["https:\/\/elfederalmendoza.com.ar\/wp-content\/uploads\/2023\/05\/los-cerritos-45x45.jpg",45,45,true],"advps-thumb-one":["https:\/\/elfederalmendoza.com.ar\/wp-content\/uploads\/2023\/05\/los-cerritos-1060x420.jpg",1060,420,true]},"rttpg_author":{"display_name":"Redacci\u00f3n El Federal","author_link":"https:\/\/elfederalmendoza.com.ar\/index.php\/author\/angelflores\/"},"rttpg_comment":0,"rttpg_category":"<a href=\"https:\/\/elfederalmendoza.com.ar\/index.php\/category\/mza\/\" rel=\"category tag\">Mendoza<\/a>","rttpg_excerpt":"Un hombre fue baleado la noche del lunes en la puerta de su casa del oeste de\u00a0Godoy\u00a0Cruz. La v\u00edctima debi\u00f3 ser internada en el\u00a0Hospital Central. El episodio tuvo lugar pasadas las 23 horas cuando el hombre se encontraba en su domicilio del sector 9 del\u00a0asentamiento Los Cerrillos. En ese momento, la v\u00edctima escuch\u00f3 a su&hellip;","_links":{"self":[{"href":"https:\/\/elfederalmendoza.com.ar\/index.php\/wp-json\/wp\/v2\/posts\/22421","targetHints":{"allow":["GET"]}}],"collection":[{"href":"https:\/\/elfederalmendoza.com.ar\/index.php\/wp-json\/wp\/v2\/posts"}],"about":[{"href":"https:\/\/elfederalmendoza.com.ar\/index.php\/wp-json\/wp\/v2\/types\/post"}],"author":[{"embeddable":true,"href":"https:\/\/elfederalmendoza.com.ar\/index.php\/wp-json\/wp\/v2\/users\/2"}],"replies":[{"embeddable":true,"href":"https:\/\/elfederalmendoza.com.ar\/index.php\/wp-json\/wp\/v2\/comments?post=22421"}],"version-history":[{"count":1,"href":"https:\/\/elfederalmendoza.com.ar\/index.php\/wp-json\/wp\/v2\/posts\/22421\/revisions"}],"predecessor-version":[{"id":22423,"href":"https:\/\/elfederalmendoza.com.ar\/index.php\/wp-json\/wp\/v2\/posts\/22421\/revisions\/22423"}],"wp:featuredmedia":[{"embeddable":true,"href":"https:\/\/elfederalmendoza.com.ar\/index.php\/wp-json\/wp\/v2\/media\/22422"}],"wp:attachment":[{"href":"https:\/\/elfederalmendoza.com.ar\/index.php\/wp-json\/wp\/v2\/media?parent=22421"}],"wp:term":[{"taxonomy":"category","embeddable":true,"href":"https:\/\/elfederalmendoza.com.ar\/index.php\/wp-json\/wp\/v2\/categories?post=22421"},{"taxonomy":"post_tag","embeddable":true,"href":"https:\/\/elfederalmendoza.com.ar\/index.php\/wp-json\/wp\/v2\/tags?post=22421"}],"curies":[{"name":"wp","href":"https:\/\/api.w.org\/{rel}","templated":true}]}}