{"id":22425,"date":"2023-05-02T11:47:28","date_gmt":"2023-05-02T14:47:28","guid":{"rendered":"https:\/\/elfederalmendoza.com\/?p=22425"},"modified":"2023-05-02T11:47:30","modified_gmt":"2023-05-02T14:47:30","slug":"una-mujer-policia-le-salvo-la-vida-a-una-jubilada-que-se-arrojo-al-canal-cacique-guaymallen","status":"publish","type":"post","link":"https:\/\/elfederalmendoza.com.ar\/index.php\/2023\/05\/02\/una-mujer-policia-le-salvo-la-vida-a-una-jubilada-que-se-arrojo-al-canal-cacique-guaymallen\/","title":{"rendered":"Una mujer polic\u00eda le salv\u00f3 la vida a una jubilada que se arroj\u00f3 al canal Cacique Guaymall\u00e9n"},"content":{"rendered":"\n<p>Una mujer polic\u00eda le salv\u00f3 la vida la tarde del domingo a una jubilada que se arroj\u00f3 la <strong>canal Cacique Guaymall\u00e9n<\/strong>. La v\u00edctima, de 76 a\u00f1os, result\u00f3 lesionada y debi\u00f3 ser hospitalizada.<\/p>\n\n\n\n<p>Todo comenz\u00f3 a las 12.30 cuando un llamado a la l\u00ednea de emergencias 911 alert\u00f3 sobre una mujer que se encontraba junto al citado cauce de la Costanera, a la altura de calle Olascoaga de\u00a0<strong>San Jos\u00e9<\/strong>,\u00a0<strong>Guaymall\u00e9n<\/strong>, y ten\u00eda claras intenciones de suicidarse.<\/p>\n\n\n\n<p>Ante eso, alert\u00f3 a personal policial que patrullaba ese sector y efectivos del&nbsp;<strong>Cuerpo Motorizado&nbsp;<\/strong>de la&nbsp;<strong>Unidad de Acci\u00f3n Preventiva<\/strong>&nbsp;(<strong>UAP<\/strong>) arrib\u00f3 hasta el lugar y, a la altura de calle O\u2019Brien, divis\u00f3 a la v\u00edctima en el interior del canal, inconsciente y con parte del cuerpo dentro del agua.<\/p>\n\n\n\n<p>Ante eso, <strong>una mujer polic\u00eda se arroj\u00f3 hacia cauce<\/strong>, desde unos tres metros de altura, y pudo salvar a la septuagenaria, pudiendo resguardar su integridad f\u00edsica. Posteriormente, con ayuda de los bomberos, ambas fueron retiradas del interior del canal y recibieron asistencia del personal del Servicio de Emergencias Coordinado (SEC).<\/p>\n\n\n\n<p>Los m\u00e9dicos le diagnosticaron a la jubilada <strong>politraumatismos varios y fue trasladada a un neuropsiqui\u00e1trico<\/strong>; mientras que la uniformada sufri\u00f3 un esguince de tobillo, la llevaron a la Cl\u00ednica Francesa y le ordenaron una semana de reposo.<\/p>\n","protected":false},"excerpt":{"rendered":"<p>Una mujer polic\u00eda le salv\u00f3 la vida la tarde del domingo a una jubilada que se arroj\u00f3 la canal Cacique Guaymall\u00e9n. La v\u00edctima, de 76 a\u00f1os, result\u00f3 lesionada y debi\u00f3 ser hospitalizada. Todo comenz\u00f3 a las 12.30 cuando un llamado a la l\u00ednea de emergencias 911 alert\u00f3 sobre una mujer que se encontraba junto al<a class=\"read-more\" href=\"https:\/\/elfederalmendoza.com.ar\/index.php\/2023\/05\/02\/una-mujer-policia-le-salvo-la-vida-a-una-jubilada-que-se-arrojo-al-canal-cacique-guaymallen\/\"> [&hellip;]<\/a><\/p>\n","protected":false},"author":2,"featured_media":22426,"comment_status":"open","ping_status":"open","sticky":false,"template":"","format":"standard","meta":{"footnotes":""},"categories":[1],"tags":[],"class_list":["post-22425","post","type-post","status-publish","format-standard","has-post-thumbnail","hentry","category-mza"],"rttpg_featured_image_url":{"full":["https:\/\/elfederalmendoza.com.ar\/wp-content\/uploads\/2023\/05\/cacique.jpg",871,624,false],"landscape":["https:\/\/elfederalmendoza.com.ar\/wp-content\/uploads\/2023\/05\/cacique.jpg",871,624,false],"portraits":["https:\/\/elfederalmendoza.com.ar\/wp-content\/uploads\/2023\/05\/cacique.jpg",871,624,false],"thumbnail":["https:\/\/elfederalmendoza.com.ar\/wp-content\/uploads\/2023\/05\/cacique-150x150.jpg",150,150,true],"medium":["https:\/\/elfederalmendoza.com.ar\/wp-content\/uploads\/2023\/05\/cacique-300x215.jpg",300,215,true],"large":["https:\/\/elfederalmendoza.com.ar\/wp-content\/uploads\/2023\/05\/cacique.jpg",640,459,false],"1536x1536":["https:\/\/elfederalmendoza.com.ar\/wp-content\/uploads\/2023\/05\/cacique.jpg",871,624,false],"2048x2048":["https:\/\/elfederalmendoza.com.ar\/wp-content\/uploads\/2023\/05\/cacique.jpg",871,624,false],"ultp_layout_landscape_large":["https:\/\/elfederalmendoza.com.ar\/wp-content\/uploads\/2023\/05\/cacique.jpg",871,624,false],"ultp_layout_landscape":["https:\/\/elfederalmendoza.com.ar\/wp-content\/uploads\/2023\/05\/cacique-870x570.jpg",870,570,true],"ultp_layout_portrait":["https:\/\/elfederalmendoza.com.ar\/wp-content\/uploads\/2023\/05\/cacique-600x624.jpg",600,624,true],"ultp_layout_square":["https:\/\/elfederalmendoza.com.ar\/wp-content\/uploads\/2023\/05\/cacique-600x600.jpg",600,600,true],"rpwe-thumbnail":["https:\/\/elfederalmendoza.com.ar\/wp-content\/uploads\/2023\/05\/cacique-45x45.jpg",45,45,true],"advps-thumb-one":["https:\/\/elfederalmendoza.com.ar\/wp-content\/uploads\/2023\/05\/cacique-871x420.jpg",871,420,true]},"rttpg_author":{"display_name":"Redacci\u00f3n El Federal","author_link":"https:\/\/elfederalmendoza.com.ar\/index.php\/author\/angelflores\/"},"rttpg_comment":0,"rttpg_category":"<a href=\"https:\/\/elfederalmendoza.com.ar\/index.php\/category\/mza\/\" rel=\"category tag\">Mendoza<\/a>","rttpg_excerpt":"Una mujer polic\u00eda le salv\u00f3 la vida la tarde del domingo a una jubilada que se arroj\u00f3 la canal Cacique Guaymall\u00e9n. La v\u00edctima, de 76 a\u00f1os, result\u00f3 lesionada y debi\u00f3 ser hospitalizada. Todo comenz\u00f3 a las 12.30 cuando un llamado a la l\u00ednea de emergencias 911 alert\u00f3 sobre una mujer que se encontraba junto al&hellip;","_links":{"self":[{"href":"https:\/\/elfederalmendoza.com.ar\/index.php\/wp-json\/wp\/v2\/posts\/22425","targetHints":{"allow":["GET"]}}],"collection":[{"href":"https:\/\/elfederalmendoza.com.ar\/index.php\/wp-json\/wp\/v2\/posts"}],"about":[{"href":"https:\/\/elfederalmendoza.com.ar\/index.php\/wp-json\/wp\/v2\/types\/post"}],"author":[{"embeddable":true,"href":"https:\/\/elfederalmendoza.com.ar\/index.php\/wp-json\/wp\/v2\/users\/2"}],"replies":[{"embeddable":true,"href":"https:\/\/elfederalmendoza.com.ar\/index.php\/wp-json\/wp\/v2\/comments?post=22425"}],"version-history":[{"count":1,"href":"https:\/\/elfederalmendoza.com.ar\/index.php\/wp-json\/wp\/v2\/posts\/22425\/revisions"}],"predecessor-version":[{"id":22427,"href":"https:\/\/elfederalmendoza.com.ar\/index.php\/wp-json\/wp\/v2\/posts\/22425\/revisions\/22427"}],"wp:featuredmedia":[{"embeddable":true,"href":"https:\/\/elfederalmendoza.com.ar\/index.php\/wp-json\/wp\/v2\/media\/22426"}],"wp:attachment":[{"href":"https:\/\/elfederalmendoza.com.ar\/index.php\/wp-json\/wp\/v2\/media?parent=22425"}],"wp:term":[{"taxonomy":"category","embeddable":true,"href":"https:\/\/elfederalmendoza.com.ar\/index.php\/wp-json\/wp\/v2\/categories?post=22425"},{"taxonomy":"post_tag","embeddable":true,"href":"https:\/\/elfederalmendoza.com.ar\/index.php\/wp-json\/wp\/v2\/tags?post=22425"}],"curies":[{"name":"wp","href":"https:\/\/api.w.org\/{rel}","templated":true}]}}