{"id":22431,"date":"2023-05-02T07:02:00","date_gmt":"2023-05-02T10:02:00","guid":{"rendered":"https:\/\/elfederalmendoza.com\/?p=22431"},"modified":"2023-05-02T12:16:46","modified_gmt":"2023-05-02T15:16:46","slug":"un-hombre-recibio-un-balazo-en-un-testiculo-cuando-quiso-defender-a-su-hijo-durante-una-pelea-en-godoy-cruz","status":"publish","type":"post","link":"https:\/\/elfederalmendoza.com.ar\/index.php\/2023\/05\/02\/un-hombre-recibio-un-balazo-en-un-testiculo-cuando-quiso-defender-a-su-hijo-durante-una-pelea-en-godoy-cruz\/","title":{"rendered":"Un hombre recibi\u00f3 un balazo en un test\u00edculo cuando quiso defender a su hijo durante una pelea en Godoy Cruz"},"content":{"rendered":"\n<p>Una discusi\u00f3n entre tres sujetos en el Barrio Los Cerrillos, Godoy Cruz, termin\u00f3 con un hombre de 53 a\u00f1os baleado. La v\u00edctima fue internada en el Hospital Central con\u00a0<strong>disparos en un test\u00edculo y un muslo<\/strong>.<\/p>\n\n\n\n<p>Eran las 23.10 del lunes y afuera de la casa 1 del sector 9 del barrio godoicruce\u00f1o, tres sujetos discut\u00edan.&nbsp;<strong>El padre de uno de ellos, un hombre de 53 a\u00f1os, sali\u00f3 de su domicilio para intervenir<\/strong>. Entonces, uno de los otros dos hombres le dispar\u00f3 dos veces.<\/p>\n\n\n\n<p>La v\u00edctima fue trasladada al Hospital Lencinas con\u00a0<strong>un disparo en el test\u00edculo derecho y otro en el muslo izquierdo<\/strong>. De all\u00ed fue trasladado al Hospital Central. Fuentes policiales informaron que la base de an\u00e1lisis revel\u00f3 que el hombre herido posee antecedentes.<\/p>\n\n\n\n<p>Interviene en la investigaci\u00f3n del hecho la Oficina Fiscal N\u00b04 de la Comisar\u00eda 27\u00b0.<\/p>\n\n\n\n<p><em>Fuente: Mendoza Post<\/em><\/p>\n","protected":false},"excerpt":{"rendered":"<p>Una discusi\u00f3n entre tres sujetos en el Barrio Los Cerrillos, Godoy Cruz, termin\u00f3 con un hombre de 53 a\u00f1os baleado. La v\u00edctima fue internada en el Hospital Central con\u00a0disparos en un test\u00edculo y un muslo. Eran las 23.10 del lunes y afuera de la casa 1 del sector 9 del barrio godoicruce\u00f1o, tres sujetos discut\u00edan.&nbsp;El<a class=\"read-more\" href=\"https:\/\/elfederalmendoza.com.ar\/index.php\/2023\/05\/02\/un-hombre-recibio-un-balazo-en-un-testiculo-cuando-quiso-defender-a-su-hijo-durante-una-pelea-en-godoy-cruz\/\"> [&hellip;]<\/a><\/p>\n","protected":false},"author":2,"featured_media":22432,"comment_status":"open","ping_status":"open","sticky":false,"template":"","format":"standard","meta":{"footnotes":""},"categories":[1],"tags":[],"class_list":["post-22431","post","type-post","status-publish","format-standard","has-post-thumbnail","hentry","category-mza"],"rttpg_featured_image_url":{"full":["https:\/\/elfederalmendoza.com.ar\/wp-content\/uploads\/2023\/05\/5eb1d51d915f4.jpg",1534,642,false],"landscape":["https:\/\/elfederalmendoza.com.ar\/wp-content\/uploads\/2023\/05\/5eb1d51d915f4.jpg",1534,642,false],"portraits":["https:\/\/elfederalmendoza.com.ar\/wp-content\/uploads\/2023\/05\/5eb1d51d915f4.jpg",1534,642,false],"thumbnail":["https:\/\/elfederalmendoza.com.ar\/wp-content\/uploads\/2023\/05\/5eb1d51d915f4-150x150.jpg",150,150,true],"medium":["https:\/\/elfederalmendoza.com.ar\/wp-content\/uploads\/2023\/05\/5eb1d51d915f4-300x126.jpg",300,126,true],"large":["https:\/\/elfederalmendoza.com.ar\/wp-content\/uploads\/2023\/05\/5eb1d51d915f4-1024x429.jpg",640,268,true],"1536x1536":["https:\/\/elfederalmendoza.com.ar\/wp-content\/uploads\/2023\/05\/5eb1d51d915f4.jpg",1534,642,false],"2048x2048":["https:\/\/elfederalmendoza.com.ar\/wp-content\/uploads\/2023\/05\/5eb1d51d915f4.jpg",1534,642,false],"ultp_layout_landscape_large":["https:\/\/elfederalmendoza.com.ar\/wp-content\/uploads\/2023\/05\/5eb1d51d915f4-1200x642.jpg",1200,642,true],"ultp_layout_landscape":["https:\/\/elfederalmendoza.com.ar\/wp-content\/uploads\/2023\/05\/5eb1d51d915f4-870x570.jpg",870,570,true],"ultp_layout_portrait":["https:\/\/elfederalmendoza.com.ar\/wp-content\/uploads\/2023\/05\/5eb1d51d915f4-600x642.jpg",600,642,true],"ultp_layout_square":["https:\/\/elfederalmendoza.com.ar\/wp-content\/uploads\/2023\/05\/5eb1d51d915f4-600x600.jpg",600,600,true],"rpwe-thumbnail":["https:\/\/elfederalmendoza.com.ar\/wp-content\/uploads\/2023\/05\/5eb1d51d915f4-45x45.jpg",45,45,true],"advps-thumb-one":["https:\/\/elfederalmendoza.com.ar\/wp-content\/uploads\/2023\/05\/5eb1d51d915f4-1200x420.jpg",1200,420,true]},"rttpg_author":{"display_name":"Redacci\u00f3n El Federal","author_link":"https:\/\/elfederalmendoza.com.ar\/index.php\/author\/angelflores\/"},"rttpg_comment":0,"rttpg_category":"<a href=\"https:\/\/elfederalmendoza.com.ar\/index.php\/category\/mza\/\" rel=\"category tag\">Mendoza<\/a>","rttpg_excerpt":"Una discusi\u00f3n entre tres sujetos en el Barrio Los Cerrillos, Godoy Cruz, termin\u00f3 con un hombre de 53 a\u00f1os baleado. La v\u00edctima fue internada en el Hospital Central con\u00a0disparos en un test\u00edculo y un muslo. Eran las 23.10 del lunes y afuera de la casa 1 del sector 9 del barrio godoicruce\u00f1o, tres sujetos discut\u00edan.&nbsp;El&hellip;","_links":{"self":[{"href":"https:\/\/elfederalmendoza.com.ar\/index.php\/wp-json\/wp\/v2\/posts\/22431","targetHints":{"allow":["GET"]}}],"collection":[{"href":"https:\/\/elfederalmendoza.com.ar\/index.php\/wp-json\/wp\/v2\/posts"}],"about":[{"href":"https:\/\/elfederalmendoza.com.ar\/index.php\/wp-json\/wp\/v2\/types\/post"}],"author":[{"embeddable":true,"href":"https:\/\/elfederalmendoza.com.ar\/index.php\/wp-json\/wp\/v2\/users\/2"}],"replies":[{"embeddable":true,"href":"https:\/\/elfederalmendoza.com.ar\/index.php\/wp-json\/wp\/v2\/comments?post=22431"}],"version-history":[{"count":2,"href":"https:\/\/elfederalmendoza.com.ar\/index.php\/wp-json\/wp\/v2\/posts\/22431\/revisions"}],"predecessor-version":[{"id":22434,"href":"https:\/\/elfederalmendoza.com.ar\/index.php\/wp-json\/wp\/v2\/posts\/22431\/revisions\/22434"}],"wp:featuredmedia":[{"embeddable":true,"href":"https:\/\/elfederalmendoza.com.ar\/index.php\/wp-json\/wp\/v2\/media\/22432"}],"wp:attachment":[{"href":"https:\/\/elfederalmendoza.com.ar\/index.php\/wp-json\/wp\/v2\/media?parent=22431"}],"wp:term":[{"taxonomy":"category","embeddable":true,"href":"https:\/\/elfederalmendoza.com.ar\/index.php\/wp-json\/wp\/v2\/categories?post=22431"},{"taxonomy":"post_tag","embeddable":true,"href":"https:\/\/elfederalmendoza.com.ar\/index.php\/wp-json\/wp\/v2\/tags?post=22431"}],"curies":[{"name":"wp","href":"https:\/\/api.w.org\/{rel}","templated":true}]}}