{"id":22439,"date":"2023-05-03T08:09:22","date_gmt":"2023-05-03T11:09:22","guid":{"rendered":"https:\/\/elfederalmendoza.com\/?p=22439"},"modified":"2023-05-03T08:09:27","modified_gmt":"2023-05-03T11:09:27","slug":"en-chile-aseguran-que-argentina-esta-al-borde-del-colapso-economico","status":"publish","type":"post","link":"https:\/\/elfederalmendoza.com.ar\/index.php\/2023\/05\/03\/en-chile-aseguran-que-argentina-esta-al-borde-del-colapso-economico\/","title":{"rendered":"En Chile aseguran que Argentina est\u00e1 \u201cal borde del colapso econ\u00f3mico\u201d"},"content":{"rendered":"\n<p><strong>Un diario chileno se refiri\u00f3 en duros t\u00e9rminos a la situaci\u00f3n econ\u00f3mica de la Argentina. En una nota editorial, el diario La Tercera afirm\u00f3 que \u201cel panorama econ\u00f3mico argentino se encuentra al borde del colapso\u201d.<\/strong><\/p>\n\n\n\n<p>\u201cEn los \u00faltimos 40 a\u00f1os, Argentina ha vivido una secuencia de ciclos pol\u00edticos que concluyen irremediablemente en una crisis econ\u00f3mica e institucional\u201d, afirm\u00f3.<\/p>\n\n\n\n<p>\u201cSucedi\u00f3 a fines de los 80 y comienzos de la d\u00e9cada siguiente con la hiperinflaci\u00f3n y el posterior plan de convertibilidad, y se repiti\u00f3 luego con el corralito de 2001, que deriv\u00f3 en un estallido social y en cinco presidentes en solo dos semanas\u201d, sostuvo.<\/p>\n\n\n\n<p>\u201cEn los \u00faltimos meses, el fantasma de esas crisis pasadas ha vuelto a resurgir a medida que el pa\u00eds suma ingredientes en el peligroso c\u00f3ctel de incertidumbre pol\u00edtica e inestabilidad econ\u00f3mica que atraviesa\u201d, advirti\u00f3.<\/p>\n\n\n\n<p>\u201cEl \u00faltimo cap\u00edtulo en esta historia fue la corrida cambiaria de los \u00faltimos d\u00edas, que llev\u00f3 al d\u00f3lar paralelo a cotizarse hasta en 520 pesos y que forz\u00f3 una intervenci\u00f3n del gobierno que permiti\u00f3 estabilizarlo en poco m\u00e1s de 460 pesos, una cifra que es m\u00e1s de un 100% superior a la del d\u00f3lar oficial, que se cotiza en 229 pesos\u201d, indic\u00f3.<\/p>\n\n\n\n<p><strong>D\u00f3lar e inflaci\u00f3n<\/strong><\/p>\n\n\n\n<p>\u201cPero el alza del d\u00f3lar es solo el s\u00edntoma de un drama mayor. A causa de la inestabilidad cr\u00f3nica de Argentina, la divisa norteamericana se ha convertido hist\u00f3ricamente en un refugio ante el temor de un colapso econ\u00f3mico y una severa devaluaci\u00f3n; amenaza que la ciudadan\u00eda experimenta por estos d\u00edas en el pa\u00eds transandino\u201d, aclar\u00f3 La Tercera.<\/p>\n\n\n\n<p>\u201cCon una inflaci\u00f3n anualizada que llega al 104%, una econom\u00eda estancada desde hace m\u00e1s de una d\u00e9cada, un alto d\u00e9ficit fiscal y una severa sequ\u00eda que redujo en US$ 20 mil millones los ingresos por exportaciones del sector agropecuario, el panorama econ\u00f3mico argentino se encuentra al borde del colapso\u201d, advirti\u00f3.<\/p>\n\n\n\n<p>\u201cCon unas reservas netas en d\u00f3lares en el Banco Central de poco m\u00e1s de US$ 1.000 millones, el gobierno de ese pa\u00eds se vio forzado a acordar el pago de las importaciones de China en yuanes para aliviar el escenario econ\u00f3mico -una medida de alcances geopol\u00edticos a\u00fan insospechados- y tuvo que acelerar las negociaciones con el FMI, porque antes de agosto debe cubrir vencimientos por m\u00e1s de US$ 6.000 millones\u201d, destac\u00f3.<\/p>\n\n\n\n<p>\u201cEl fr\u00e1gil escenario econ\u00f3mico trasandino se agrava a\u00fan m\u00e1s por la incertidumbre pol\u00edtica que atraviesa el pa\u00eds de cara a las elecciones de octubre. Con un oficialismo dividido y un Presidente que desisti\u00f3 de su opci\u00f3n de postular a la reelecci\u00f3n, presionado por los sectores m\u00e1s duros del kirchnerismo y sus bajas cifras de apoyo ciudadano, la opci\u00f3n de que la ex mandataria&nbsp;Cristina Fern\u00e1ndez&nbsp;se alce como la eventual carta del sector toma fuerza -pese a haber descartado p\u00fablicamente esa posibilidad\u201d, explic\u00f3 La Tercera.<\/p>\n\n\n\n<p>\u201cMientras, en la oposici\u00f3n, las tensiones entre el actual jefe del gobierno de Buenos Aires y el ex presidente&nbsp;Mauricio Macri&nbsp;pueden terminar perjudicando a ese sector, que hoy lidera las encuestas\u201d, indic\u00f3 sobre la oposici\u00f3n.<\/p>\n\n\n\n<p>\u201cTodo ello podr\u00eda terminar favoreciendo al tercero en disputa, el candidato libertario&nbsp;Javier Milei,&nbsp;quien hoy ya supera el 20% de las preferencias en los sondeos y en las pr\u00f3ximas primarias de agosto podr\u00eda convertirse en el candidato individual m\u00e1s votado, al no tener rivales en su sector\u201d, pronostic\u00f3.<\/p>\n\n\n\n<p>\u201cEl alto apoyo de Milei entre los menores de 30 a\u00f1os -que bordea el 35%- da cuenta, adem\u00e1s, de un profundo cambio cultural en Argentina, que evidencia el hast\u00edo de un sector de la poblaci\u00f3n con las opciones pol\u00edticas que han gobernado hasta ahora. Un escenario que podr\u00eda abrir un nuevo ciclo pol\u00edtico y acrecentar la incertidumbre sobre el futuro del pa\u00eds\u201d, concluy\u00f3.<\/p>\n","protected":false},"excerpt":{"rendered":"<p>Un diario chileno se refiri\u00f3 en duros t\u00e9rminos a la situaci\u00f3n econ\u00f3mica de la Argentina. En una nota editorial, el diario La Tercera afirm\u00f3 que \u201cel panorama econ\u00f3mico argentino se encuentra al borde del colapso\u201d. \u201cEn los \u00faltimos 40 a\u00f1os, Argentina ha vivido una secuencia de ciclos pol\u00edticos que concluyen irremediablemente en una crisis econ\u00f3mica<a class=\"read-more\" href=\"https:\/\/elfederalmendoza.com.ar\/index.php\/2023\/05\/03\/en-chile-aseguran-que-argentina-esta-al-borde-del-colapso-economico\/\"> [&hellip;]<\/a><\/p>\n","protected":false},"author":2,"featured_media":22440,"comment_status":"open","ping_status":"open","sticky":false,"template":"","format":"standard","meta":{"footnotes":""},"categories":[5618],"tags":[],"class_list":["post-22439","post","type-post","status-publish","format-standard","has-post-thumbnail","hentry","category-arg"],"rttpg_featured_image_url":{"full":["https:\/\/elfederalmendoza.com.ar\/wp-content\/uploads\/2023\/05\/5.jpg",672,504,false],"landscape":["https:\/\/elfederalmendoza.com.ar\/wp-content\/uploads\/2023\/05\/5.jpg",672,504,false],"portraits":["https:\/\/elfederalmendoza.com.ar\/wp-content\/uploads\/2023\/05\/5.jpg",672,504,false],"thumbnail":["https:\/\/elfederalmendoza.com.ar\/wp-content\/uploads\/2023\/05\/5-150x150.jpg",150,150,true],"medium":["https:\/\/elfederalmendoza.com.ar\/wp-content\/uploads\/2023\/05\/5-300x225.jpg",300,225,true],"large":["https:\/\/elfederalmendoza.com.ar\/wp-content\/uploads\/2023\/05\/5.jpg",640,480,false],"1536x1536":["https:\/\/elfederalmendoza.com.ar\/wp-content\/uploads\/2023\/05\/5.jpg",672,504,false],"2048x2048":["https:\/\/elfederalmendoza.com.ar\/wp-content\/uploads\/2023\/05\/5.jpg",672,504,false],"ultp_layout_landscape_large":["https:\/\/elfederalmendoza.com.ar\/wp-content\/uploads\/2023\/05\/5.jpg",672,504,false],"ultp_layout_landscape":["https:\/\/elfederalmendoza.com.ar\/wp-content\/uploads\/2023\/05\/5.jpg",672,504,false],"ultp_layout_portrait":["https:\/\/elfederalmendoza.com.ar\/wp-content\/uploads\/2023\/05\/5-600x504.jpg",600,504,true],"ultp_layout_square":["https:\/\/elfederalmendoza.com.ar\/wp-content\/uploads\/2023\/05\/5-600x504.jpg",600,504,true],"rpwe-thumbnail":["https:\/\/elfederalmendoza.com.ar\/wp-content\/uploads\/2023\/05\/5-45x45.jpg",45,45,true],"advps-thumb-one":["https:\/\/elfederalmendoza.com.ar\/wp-content\/uploads\/2023\/05\/5-672x420.jpg",672,420,true]},"rttpg_author":{"display_name":"Redacci\u00f3n El Federal","author_link":"https:\/\/elfederalmendoza.com.ar\/index.php\/author\/angelflores\/"},"rttpg_comment":0,"rttpg_category":"<a href=\"https:\/\/elfederalmendoza.com.ar\/index.php\/category\/arg\/\" rel=\"category tag\">Argentina<\/a>","rttpg_excerpt":"Un diario chileno se refiri\u00f3 en duros t\u00e9rminos a la situaci\u00f3n econ\u00f3mica de la Argentina. En una nota editorial, el diario La Tercera afirm\u00f3 que \u201cel panorama econ\u00f3mico argentino se encuentra al borde del colapso\u201d. \u201cEn los \u00faltimos 40 a\u00f1os, Argentina ha vivido una secuencia de ciclos pol\u00edticos que concluyen irremediablemente en una crisis econ\u00f3mica&hellip;","_links":{"self":[{"href":"https:\/\/elfederalmendoza.com.ar\/index.php\/wp-json\/wp\/v2\/posts\/22439","targetHints":{"allow":["GET"]}}],"collection":[{"href":"https:\/\/elfederalmendoza.com.ar\/index.php\/wp-json\/wp\/v2\/posts"}],"about":[{"href":"https:\/\/elfederalmendoza.com.ar\/index.php\/wp-json\/wp\/v2\/types\/post"}],"author":[{"embeddable":true,"href":"https:\/\/elfederalmendoza.com.ar\/index.php\/wp-json\/wp\/v2\/users\/2"}],"replies":[{"embeddable":true,"href":"https:\/\/elfederalmendoza.com.ar\/index.php\/wp-json\/wp\/v2\/comments?post=22439"}],"version-history":[{"count":1,"href":"https:\/\/elfederalmendoza.com.ar\/index.php\/wp-json\/wp\/v2\/posts\/22439\/revisions"}],"predecessor-version":[{"id":22441,"href":"https:\/\/elfederalmendoza.com.ar\/index.php\/wp-json\/wp\/v2\/posts\/22439\/revisions\/22441"}],"wp:featuredmedia":[{"embeddable":true,"href":"https:\/\/elfederalmendoza.com.ar\/index.php\/wp-json\/wp\/v2\/media\/22440"}],"wp:attachment":[{"href":"https:\/\/elfederalmendoza.com.ar\/index.php\/wp-json\/wp\/v2\/media?parent=22439"}],"wp:term":[{"taxonomy":"category","embeddable":true,"href":"https:\/\/elfederalmendoza.com.ar\/index.php\/wp-json\/wp\/v2\/categories?post=22439"},{"taxonomy":"post_tag","embeddable":true,"href":"https:\/\/elfederalmendoza.com.ar\/index.php\/wp-json\/wp\/v2\/tags?post=22439"}],"curies":[{"name":"wp","href":"https:\/\/api.w.org\/{rel}","templated":true}]}}