{"id":22442,"date":"2023-05-03T10:20:01","date_gmt":"2023-05-03T13:20:01","guid":{"rendered":"https:\/\/elfederalmendoza.com\/?p=22442"},"modified":"2023-05-03T10:22:40","modified_gmt":"2023-05-03T13:22:40","slug":"el-gobierno-nacional-reglamento-la-ley-lucio","status":"publish","type":"post","link":"https:\/\/elfederalmendoza.com.ar\/index.php\/2023\/05\/03\/el-gobierno-nacional-reglamento-la-ley-lucio\/","title":{"rendered":"El Gobierno nacional reglament\u00f3 la Ley Lucio"},"content":{"rendered":"\n<p>Acasi tres semanas de haber sido aprobada en el<strong>\u00a0Senado de la Naci\u00f3n<\/strong>, el Gobierno nacional promulg\u00f3 este mi\u00e9rcoles 3 de mayo la\u00a0<strong>Ley Lucio<\/strong>, que busca<strong>\u00a0prevenir las situaciones violentas y abusivas contra los ni\u00f1os.<\/strong>\u00a0Se trata de la normativa que surgi\u00f3 tras el asesinato del ni\u00f1o pampeano\u00a0<strong>Lucio Dupuy<\/strong>, que fue asesinado por su madre y la pareja a los 5 a\u00f1os.<\/p>\n\n\n\n<p>La normativa sali\u00f3 publicada esta madrugada en el Bolet\u00edn Oficial bajo el decreto 253\/2023 y las firmas del presidente&nbsp;<strong>Alberto Fern\u00e1ndez<\/strong>, el jefe de Gabinete<strong>&nbsp;Agust\u00edn Rossi&nbsp;<\/strong>y la ministra de Desarrollo Social,&nbsp;<strong>Victoria Tolosa Paz.<\/strong><\/p>\n\n\n\n<p>Con la promulgaci\u00f3n, ahora el Estado debe poner en marcha los mecanismos establecidos para que se cumpla el objeto de la norma. Vale recordar que la ley, que logr\u00f3 la sanci\u00f3n en el Senado el pasado 13 de abril, tiene como finalidad\u00a0<strong>establecer capacitaciones continuas, permanentes y obligatorias en materia de derechos\u00a0<\/strong>de los ni\u00f1os, ni\u00f1as y adolescentes.<\/p>\n\n\n\n<p>Esas capacitaciones est\u00e1n apuntadas a que las realicen aquellos profesionales que se desempe\u00f1an en \u00e1reas y dependencias de los poderes Ejecutivo, Legislativo y Judicial del Estado, que forman parte \u00abcorresponsable\u00bb del&nbsp;<strong>Sistema Integral de Promoci\u00f3n y Protecci\u00f3n de los Derechos de las Ni\u00f1as, Ni\u00f1os y Adolescentes.<\/strong><\/p>\n\n\n\n<p>Siempre con un objetivo de fondo: que se generen las acciones necesarias para evitar que ni\u00f1os y ni\u00f1as sean sometidos a situaciones de violencia y abusos que pongan en riesgo su integridad. As\u00ed, lograr que no haya m\u00e1s casos como el de&nbsp;<strong>Lucio Dupuy,<\/strong>&nbsp;por el que su madre&nbsp;<strong>Magdalena Esp\u00f3sito Valenti<\/strong>&nbsp;y la pareja de ella,&nbsp;<strong>Abiga\u00edl P\u00e1ez<\/strong>, fueron condenadas a prisi\u00f3n perpetua por la&nbsp;<strong>Justicia de La Pampa.<\/strong><\/p>\n\n\n\n<p>Entre esas medidas que establece la ley tambi\u00e9n podr\u00e1n recibir las capacitaciones los agentes de las administraciones provinciales, municipales y de organizaciones sociales, deportivas, recreativas y culturales, en el marco de\u00a0<strong>convenios de cooperaci\u00f3n y colaboraci\u00f3n con la autoridad de aplicaci\u00f3n de la ley.<\/strong><\/p>\n\n\n\n<p>Con la publicaci\u00f3n de la promulgaci\u00f3n en el&nbsp;<strong>Bolet\u00edn Oficial<\/strong>, ahora la autoridad de aplicaci\u00f3n tiene un plazo de seis meses para elaborar los contenidos del<strong>&nbsp;Plan Federal de Capacitaci\u00f3n<\/strong>&nbsp;que contempla la norma.<\/p>\n\n\n\n<h2 class=\"wp-block-heading\"><strong>Los puntos centrales de la ley<\/strong><\/h2>\n\n\n\n<p>Un eje de importancia es que la normativa fue planteada por un diputado del&nbsp;<strong>PRO<\/strong>,&nbsp;<strong>Mart\u00edn Maquieyra<\/strong>, quien estuvo cerca de la familia desde los d\u00edas posteriores al crimen. El legislador opositor comenz\u00f3 a trabajar en la elaboraci\u00f3n de la ley que consigui\u00f3 el apoyo de sus pares no solo opositores, sino que del oficialismo tambi\u00e9n: el 13 de abril fue aprobada por unanimidad.<\/p>\n\n\n\n<p>La autoridad de aplicaci\u00f3n de la norma ser\u00e1 la<strong>\u00a0Secretar\u00eda Nacional de Ni\u00f1ez, Adolescencia y Familia (Senaf)<\/strong>, dependiente de Desarrollo Social.<\/p>\n\n\n\n<p>Un eje central que establece la normativa es la protecci\u00f3n de los denunciantes en los casos de posible vulneraci\u00f3n, procurando<strong>&nbsp;\u00abla reserva de identidad del denunciante y la protecci\u00f3n de su integridad\u00bb<\/strong>. Es decir, que pueda haber denuncias an\u00f3nimas.<\/p>\n\n\n\n<p>Adem\u00e1s, busca propiciar la perspectiva de g\u00e9nero y diversidades, respetar la<strong>&nbsp;Convenci\u00f3n de los Derechos del Ni\u00f1o de la Asamblea General de las Naciones Unidas&nbsp;<\/strong>y formar y sostener v\u00ednculos afectivos y de confianza durante la convivencia social para beneficiar al desarrollo de las infancias.<\/p>\n\n\n\n<p>Asimismo, la Ley Lucio apunta a la generaci\u00f3n de espacios y m\u00e9todos para que ni\u00f1os, ni\u00f1as y adolescentes puedan alcanzar&nbsp;<strong>su derecho a ser o\u00eddos en procesos administrativos y judiciales<\/strong>, de modo que se habilita su participaci\u00f3n en distintos \u00e1mbitos sociales y comunitarios.<\/p>\n\n\n\n<h2 class=\"wp-block-heading\"><strong>El camino hacia la Ley<\/strong><\/h2>\n\n\n\n<p>El punto de partida fue el conmocionante asesinado de\u00a0<strong>Lucio Abel Dupuy<\/strong>\u00a0en\u00a0<strong>Santa Rosa, La Pampa<\/strong>, ocurrido en noviembre de 2021.<\/p>\n\n\n\n<p>Con el correr de los d\u00edas, el caso puso de manifiesto una situaci\u00f3n alarmante: hab\u00edan existido una gran cantidad de se\u00f1ales de alarma que ning\u00fan agente del Estado provincial logr\u00f3 detectar. Es decir, se conocieron\u00a0<strong>al menos cinco ingresos del ni\u00f1o al Hospital Evita de la capital\u00a0<\/strong>provincial para atenderse diferentes heridas, entre ellas una fractura.<\/p>\n\n\n\n<p>En el \u00e1mbito educativo tampoco hubo alguien que detectara<strong>&nbsp;comportamientos inusuales<\/strong>&nbsp;del ni\u00f1o o incluso advierta qu\u00e9 podr\u00eda pasar a partir de sus heridas.<\/p>\n\n\n\n<p>Esa situaci\u00f3n motiv\u00f3 a que varios funcionarios estatales de La Pampa sean llamados a presentarse ante la C\u00e1mara de Diputados para una interpelaci\u00f3n.&nbsp;<strong>Qu\u00e9 elementos de la cadena de responsabilidades fallaron&nbsp;<\/strong>y podr\u00edan haber evitado el desenlace, es la pregunta central.<\/p>\n\n\n\n<p>La familia Dupuy y su abogado,&nbsp;<strong>Jos\u00e9 Mario Aguerrido<\/strong>, dijeron meses atr\u00e1s que una vez que termine el juicio contra Esp\u00f3sito Valenti y P\u00e1ez se iban a concentrar en una denuncia para que se investigue el rol del Estado pampeano.<\/p>\n","protected":false},"excerpt":{"rendered":"<p>Acasi tres semanas de haber sido aprobada en el\u00a0Senado de la Naci\u00f3n, el Gobierno nacional promulg\u00f3 este mi\u00e9rcoles 3 de mayo la\u00a0Ley Lucio, que busca\u00a0prevenir las situaciones violentas y abusivas contra los ni\u00f1os.\u00a0Se trata de la normativa que surgi\u00f3 tras el asesinato del ni\u00f1o pampeano\u00a0Lucio Dupuy, que fue asesinado por su madre y la pareja<a class=\"read-more\" href=\"https:\/\/elfederalmendoza.com.ar\/index.php\/2023\/05\/03\/el-gobierno-nacional-reglamento-la-ley-lucio\/\"> [&hellip;]<\/a><\/p>\n","protected":false},"author":2,"featured_media":22453,"comment_status":"open","ping_status":"open","sticky":false,"template":"","format":"standard","meta":{"footnotes":""},"categories":[5618],"tags":[],"class_list":["post-22442","post","type-post","status-publish","format-standard","has-post-thumbnail","hentry","category-arg"],"rttpg_featured_image_url":{"full":["https:\/\/elfederalmendoza.com.ar\/wp-content\/uploads\/2023\/05\/caso-lucio-convocatoria-20230202-1502317.jpg",900,505,false],"landscape":["https:\/\/elfederalmendoza.com.ar\/wp-content\/uploads\/2023\/05\/caso-lucio-convocatoria-20230202-1502317.jpg",900,505,false],"portraits":["https:\/\/elfederalmendoza.com.ar\/wp-content\/uploads\/2023\/05\/caso-lucio-convocatoria-20230202-1502317.jpg",900,505,false],"thumbnail":["https:\/\/elfederalmendoza.com.ar\/wp-content\/uploads\/2023\/05\/caso-lucio-convocatoria-20230202-1502317-150x150.jpg",150,150,true],"medium":["https:\/\/elfederalmendoza.com.ar\/wp-content\/uploads\/2023\/05\/caso-lucio-convocatoria-20230202-1502317-300x168.jpg",300,168,true],"large":["https:\/\/elfederalmendoza.com.ar\/wp-content\/uploads\/2023\/05\/caso-lucio-convocatoria-20230202-1502317.jpg",640,359,false],"1536x1536":["https:\/\/elfederalmendoza.com.ar\/wp-content\/uploads\/2023\/05\/caso-lucio-convocatoria-20230202-1502317.jpg",900,505,false],"2048x2048":["https:\/\/elfederalmendoza.com.ar\/wp-content\/uploads\/2023\/05\/caso-lucio-convocatoria-20230202-1502317.jpg",900,505,false],"ultp_layout_landscape_large":["https:\/\/elfederalmendoza.com.ar\/wp-content\/uploads\/2023\/05\/caso-lucio-convocatoria-20230202-1502317.jpg",900,505,false],"ultp_layout_landscape":["https:\/\/elfederalmendoza.com.ar\/wp-content\/uploads\/2023\/05\/caso-lucio-convocatoria-20230202-1502317-870x505.jpg",870,505,true],"ultp_layout_portrait":["https:\/\/elfederalmendoza.com.ar\/wp-content\/uploads\/2023\/05\/caso-lucio-convocatoria-20230202-1502317-600x505.jpg",600,505,true],"ultp_layout_square":["https:\/\/elfederalmendoza.com.ar\/wp-content\/uploads\/2023\/05\/caso-lucio-convocatoria-20230202-1502317-600x505.jpg",600,505,true],"rpwe-thumbnail":["https:\/\/elfederalmendoza.com.ar\/wp-content\/uploads\/2023\/05\/caso-lucio-convocatoria-20230202-1502317-45x45.jpg",45,45,true],"advps-thumb-one":["https:\/\/elfederalmendoza.com.ar\/wp-content\/uploads\/2023\/05\/caso-lucio-convocatoria-20230202-1502317-900x420.jpg",900,420,true]},"rttpg_author":{"display_name":"Redacci\u00f3n El Federal","author_link":"https:\/\/elfederalmendoza.com.ar\/index.php\/author\/angelflores\/"},"rttpg_comment":0,"rttpg_category":"<a href=\"https:\/\/elfederalmendoza.com.ar\/index.php\/category\/arg\/\" rel=\"category tag\">Argentina<\/a>","rttpg_excerpt":"Acasi tres semanas de haber sido aprobada en el\u00a0Senado de la Naci\u00f3n, el Gobierno nacional promulg\u00f3 este mi\u00e9rcoles 3 de mayo la\u00a0Ley Lucio, que busca\u00a0prevenir las situaciones violentas y abusivas contra los ni\u00f1os.\u00a0Se trata de la normativa que surgi\u00f3 tras el asesinato del ni\u00f1o pampeano\u00a0Lucio Dupuy, que fue asesinado por su madre y la pareja&hellip;","_links":{"self":[{"href":"https:\/\/elfederalmendoza.com.ar\/index.php\/wp-json\/wp\/v2\/posts\/22442","targetHints":{"allow":["GET"]}}],"collection":[{"href":"https:\/\/elfederalmendoza.com.ar\/index.php\/wp-json\/wp\/v2\/posts"}],"about":[{"href":"https:\/\/elfederalmendoza.com.ar\/index.php\/wp-json\/wp\/v2\/types\/post"}],"author":[{"embeddable":true,"href":"https:\/\/elfederalmendoza.com.ar\/index.php\/wp-json\/wp\/v2\/users\/2"}],"replies":[{"embeddable":true,"href":"https:\/\/elfederalmendoza.com.ar\/index.php\/wp-json\/wp\/v2\/comments?post=22442"}],"version-history":[{"count":2,"href":"https:\/\/elfederalmendoza.com.ar\/index.php\/wp-json\/wp\/v2\/posts\/22442\/revisions"}],"predecessor-version":[{"id":22456,"href":"https:\/\/elfederalmendoza.com.ar\/index.php\/wp-json\/wp\/v2\/posts\/22442\/revisions\/22456"}],"wp:featuredmedia":[{"embeddable":true,"href":"https:\/\/elfederalmendoza.com.ar\/index.php\/wp-json\/wp\/v2\/media\/22453"}],"wp:attachment":[{"href":"https:\/\/elfederalmendoza.com.ar\/index.php\/wp-json\/wp\/v2\/media?parent=22442"}],"wp:term":[{"taxonomy":"category","embeddable":true,"href":"https:\/\/elfederalmendoza.com.ar\/index.php\/wp-json\/wp\/v2\/categories?post=22442"},{"taxonomy":"post_tag","embeddable":true,"href":"https:\/\/elfederalmendoza.com.ar\/index.php\/wp-json\/wp\/v2\/tags?post=22442"}],"curies":[{"name":"wp","href":"https:\/\/api.w.org\/{rel}","templated":true}]}}