{"id":22444,"date":"2023-05-03T09:25:54","date_gmt":"2023-05-03T12:25:54","guid":{"rendered":"https:\/\/elfederalmendoza.com\/?p=22444"},"modified":"2023-05-03T09:25:54","modified_gmt":"2023-05-03T12:25:54","slug":"abren-el-concurso-para-residencias-medicas-en-mendoza","status":"publish","type":"post","link":"https:\/\/elfederalmendoza.com.ar\/index.php\/2023\/05\/03\/abren-el-concurso-para-residencias-medicas-en-mendoza\/","title":{"rendered":"Abren el concurso para residencias m\u00e9dicas en Mendoza"},"content":{"rendered":"\n<p>El\u00a0Ministerio de Salud, Desarrollo Social y Deportes de Mendoza\u00a0abri\u00f3 la<strong>\u00a0inscripci\u00f3n para ingresar a las residencias m\u00e9dicas 2023<\/strong>\u00a0para cargos de medicina, enfermer\u00eda y bioqu\u00edmica, y para especialidades no m\u00e9dicas.<\/p>\n\n\n\n<p>Esto incluye decenas de especialidades cuyas funciones podr\u00e1n ser desempe\u00f1adas en el Ministerio de Salud de Mendoza, en el Ministerio de Salud de la Naci\u00f3n y en instituciones privadas.<\/p>\n\n\n\n<p>C\u00f3mo inscribirse a las residencias m\u00e9dicas 2023<\/p>\n\n\n\n<p>Los postulantes d<strong>eber\u00e1n realizar dos inscripciones online&nbsp;<\/strong>para rendir el examen \u00fanico provincial.&nbsp; La primera inscripci\u00f3n se realiza en&nbsp;<a href=\"https:\/\/www.argentina.gob.ar\/salud\/residencias\/ingreso\" target=\"_blank\" rel=\"noreferrer noopener\">esta pesta\u00f1a<\/a>&nbsp;del sitio del Ministerio de Salud de la Naci\u00f3n. Es importante conservar el comprobante de preinscripci\u00f3n otorgado por el sistema.<\/p>\n\n\n\n<p>La segunda inscripci\u00f3n se realiza en\u00a0Infosalud, dentro del sitio web del Ministerio de Salud de Mendoza. All\u00ed, los postulantes deber\u00e1n cargar el promedio de todos los espacios curriculares, incluidos los aplazos.<\/p>\n\n\n\n<figure class=\"wp-block-image is-resized\"><img loading=\"lazy\" decoding=\"async\" src=\"https:\/\/www.mendozapost.com\/files\/image\/478\/478077\/6452401b69064_570_380!.jpg?s=7642a303a8ef4468a0e3cbe042909908&amp;d=1683111965\" alt=\"\" width=\"958\" height=\"639\"\/><figcaption class=\"wp-element-caption\">El primer examen ser\u00e1 general y a partir de \u00e9l se establecer\u00e1 un orden de m\u00e9rito.<\/figcaption><\/figure>\n\n\n\n<p><strong>Ambas inscripciones deber\u00e1n realizarse entre el 2 y el 24 de may<\/strong>o. El padr\u00f3n provisorio de inscriptos se publicar\u00e1 en la semana del 29 de mayo, y el definitivo, el 5 de junio. El primer examen se tomar\u00e1 el 28 de junio y se publicar\u00e1 un orden de m\u00e9rito.<\/p>\n\n\n\n<p><strong>El proceso se completar\u00e1 con una evaluaci\u00f3n personalizada semiestructurada<\/strong>. Se otorgar\u00e1n las plazas y luego habr\u00e1 dos procesos de readjudicaci\u00f3n.<\/p>\n\n\n\n<figure class=\"wp-block-image is-resized\"><img loading=\"lazy\" decoding=\"async\" src=\"https:\/\/www.mendozapost.com\/files\/image\/116\/116368\/58cfa2f9ec829_570_385!.jpg?s=c48364eb2bb22302e72e96b3f63820da&amp;d=1673535768\" alt=\"\" width=\"951\" height=\"642\"\/><figcaption class=\"wp-element-caption\">Las residencias podr\u00e1n realizarse en distintas instituciones del \u00e1mbito p\u00fablico y privado.<\/figcaption><\/figure>\n","protected":false},"excerpt":{"rendered":"<p>El\u00a0Ministerio de Salud, Desarrollo Social y Deportes de Mendoza\u00a0abri\u00f3 la\u00a0inscripci\u00f3n para ingresar a las residencias m\u00e9dicas 2023\u00a0para cargos de medicina, enfermer\u00eda y bioqu\u00edmica, y para especialidades no m\u00e9dicas. Esto incluye decenas de especialidades cuyas funciones podr\u00e1n ser desempe\u00f1adas en el Ministerio de Salud de Mendoza, en el Ministerio de Salud de la Naci\u00f3n y en<a class=\"read-more\" href=\"https:\/\/elfederalmendoza.com.ar\/index.php\/2023\/05\/03\/abren-el-concurso-para-residencias-medicas-en-mendoza\/\"> [&hellip;]<\/a><\/p>\n","protected":false},"author":2,"featured_media":22445,"comment_status":"open","ping_status":"open","sticky":false,"template":"","format":"standard","meta":{"footnotes":""},"categories":[1],"tags":[],"class_list":["post-22444","post","type-post","status-publish","format-standard","has-post-thumbnail","hentry","category-mza"],"rttpg_featured_image_url":{"full":["https:\/\/elfederalmendoza.com.ar\/wp-content\/uploads\/2023\/05\/residencias.jpg",1017,600,false],"landscape":["https:\/\/elfederalmendoza.com.ar\/wp-content\/uploads\/2023\/05\/residencias.jpg",1017,600,false],"portraits":["https:\/\/elfederalmendoza.com.ar\/wp-content\/uploads\/2023\/05\/residencias.jpg",1017,600,false],"thumbnail":["https:\/\/elfederalmendoza.com.ar\/wp-content\/uploads\/2023\/05\/residencias-150x150.jpg",150,150,true],"medium":["https:\/\/elfederalmendoza.com.ar\/wp-content\/uploads\/2023\/05\/residencias-300x177.jpg",300,177,true],"large":["https:\/\/elfederalmendoza.com.ar\/wp-content\/uploads\/2023\/05\/residencias.jpg",640,378,false],"1536x1536":["https:\/\/elfederalmendoza.com.ar\/wp-content\/uploads\/2023\/05\/residencias.jpg",1017,600,false],"2048x2048":["https:\/\/elfederalmendoza.com.ar\/wp-content\/uploads\/2023\/05\/residencias.jpg",1017,600,false],"ultp_layout_landscape_large":["https:\/\/elfederalmendoza.com.ar\/wp-content\/uploads\/2023\/05\/residencias.jpg",1017,600,false],"ultp_layout_landscape":["https:\/\/elfederalmendoza.com.ar\/wp-content\/uploads\/2023\/05\/residencias-870x570.jpg",870,570,true],"ultp_layout_portrait":["https:\/\/elfederalmendoza.com.ar\/wp-content\/uploads\/2023\/05\/residencias-600x600.jpg",600,600,true],"ultp_layout_square":["https:\/\/elfederalmendoza.com.ar\/wp-content\/uploads\/2023\/05\/residencias-600x600.jpg",600,600,true],"rpwe-thumbnail":["https:\/\/elfederalmendoza.com.ar\/wp-content\/uploads\/2023\/05\/residencias-45x45.jpg",45,45,true],"advps-thumb-one":["https:\/\/elfederalmendoza.com.ar\/wp-content\/uploads\/2023\/05\/residencias-1017x420.jpg",1017,420,true]},"rttpg_author":{"display_name":"Redacci\u00f3n El Federal","author_link":"https:\/\/elfederalmendoza.com.ar\/index.php\/author\/angelflores\/"},"rttpg_comment":0,"rttpg_category":"<a href=\"https:\/\/elfederalmendoza.com.ar\/index.php\/category\/mza\/\" rel=\"category tag\">Mendoza<\/a>","rttpg_excerpt":"El\u00a0Ministerio de Salud, Desarrollo Social y Deportes de Mendoza\u00a0abri\u00f3 la\u00a0inscripci\u00f3n para ingresar a las residencias m\u00e9dicas 2023\u00a0para cargos de medicina, enfermer\u00eda y bioqu\u00edmica, y para especialidades no m\u00e9dicas. Esto incluye decenas de especialidades cuyas funciones podr\u00e1n ser desempe\u00f1adas en el Ministerio de Salud de Mendoza, en el Ministerio de Salud de la Naci\u00f3n y en&hellip;","_links":{"self":[{"href":"https:\/\/elfederalmendoza.com.ar\/index.php\/wp-json\/wp\/v2\/posts\/22444","targetHints":{"allow":["GET"]}}],"collection":[{"href":"https:\/\/elfederalmendoza.com.ar\/index.php\/wp-json\/wp\/v2\/posts"}],"about":[{"href":"https:\/\/elfederalmendoza.com.ar\/index.php\/wp-json\/wp\/v2\/types\/post"}],"author":[{"embeddable":true,"href":"https:\/\/elfederalmendoza.com.ar\/index.php\/wp-json\/wp\/v2\/users\/2"}],"replies":[{"embeddable":true,"href":"https:\/\/elfederalmendoza.com.ar\/index.php\/wp-json\/wp\/v2\/comments?post=22444"}],"version-history":[{"count":1,"href":"https:\/\/elfederalmendoza.com.ar\/index.php\/wp-json\/wp\/v2\/posts\/22444\/revisions"}],"predecessor-version":[{"id":22446,"href":"https:\/\/elfederalmendoza.com.ar\/index.php\/wp-json\/wp\/v2\/posts\/22444\/revisions\/22446"}],"wp:featuredmedia":[{"embeddable":true,"href":"https:\/\/elfederalmendoza.com.ar\/index.php\/wp-json\/wp\/v2\/media\/22445"}],"wp:attachment":[{"href":"https:\/\/elfederalmendoza.com.ar\/index.php\/wp-json\/wp\/v2\/media?parent=22444"}],"wp:term":[{"taxonomy":"category","embeddable":true,"href":"https:\/\/elfederalmendoza.com.ar\/index.php\/wp-json\/wp\/v2\/categories?post=22444"},{"taxonomy":"post_tag","embeddable":true,"href":"https:\/\/elfederalmendoza.com.ar\/index.php\/wp-json\/wp\/v2\/tags?post=22444"}],"curies":[{"name":"wp","href":"https:\/\/api.w.org\/{rel}","templated":true}]}}