{"id":22447,"date":"2023-05-03T09:45:23","date_gmt":"2023-05-03T12:45:23","guid":{"rendered":"https:\/\/elfederalmendoza.com\/?p=22447"},"modified":"2023-05-03T09:45:24","modified_gmt":"2023-05-03T12:45:24","slug":"encuentran-desnudo-y-muerto-a-un-hombre-en-carrodilla","status":"publish","type":"post","link":"https:\/\/elfederalmendoza.com.ar\/index.php\/2023\/05\/03\/encuentran-desnudo-y-muerto-a-un-hombre-en-carrodilla\/","title":{"rendered":"Encuentran desnudo y muerto a un hombre en Carrodilla"},"content":{"rendered":"\n<p>Este martes por la tarde\u00a0<strong>encontraron muerto a un\u00a0hombre\u00a0<\/strong>en una casa ubicada en calle La\u00a0<strong>Carrodilla<\/strong>. Horas m\u00e1s tarde, fuentes judiciales indicaron que el\u00a0<strong>cad\u00e1ver no ten\u00eda<\/strong>\u00a0<strong>indicios de ning\u00fan tipo de violencia.<\/strong><\/p>\n\n\n\n<p>El hombre, que fue hallado en la casa de la calle que est\u00e1 en el l\u00edmite entre Godoy Cruz y Luj\u00e1n de Cuyo, estaba\u00a0<strong>desnudo<\/strong>. <strong>Adem\u00e1s, la vivienda en la que lo encontraron se ve\u00eda toda revuelta<\/strong>, as\u00ed que en principio se consider\u00f3 que pod\u00eda haber sido v\u00edctima de un robo seguido de asesinato. Hip\u00f3tesis que ahora, ante el nuevo informe policial, fue descartada.<\/p>\n\n\n\n<p>Cabe recordar, que el hombre fallecido estaba cuidando la casa de calle\u00a0<strong>Carrodilla 143, de Luj\u00e1n de Cuyo<\/strong>, ya que su due\u00f1a actualmente vive en Espa\u00f1a. Y fue un amigo de la propietaria el que\u00a0<strong>encontr\u00f3 el cad\u00e1ver.<\/strong><\/p>\n\n\n\n<p>Es que el amigo de la due\u00f1a hab\u00eda ido a buscar un anillo que estaba en la caja fuerte de la casa y ah\u00ed hall\u00f3 el cad\u00e1ver, dando aviso a la<strong>\u00a0Polic\u00eda\u00a0<\/strong>que se hizo presente en el lugar para realizar el operativo correspondiente. El caso, que a\u00fan es investigado, est\u00e1 a cargo del<strong>\u00a0fiscal Carlos Torres.<\/strong><\/p>\n\n\n\n<figure class=\"wp-block-image is-resized\"><img loading=\"lazy\" decoding=\"async\" src=\"https:\/\/www.mendozapost.com\/files\/image\/415\/415947\/6324b31282ba5_570_315!.jpg?s=f351c056bc39e46c9e8a72fd6b9b957f&amp;d=1683067356\" alt=\"\" width=\"958\" height=\"529\"\/><figcaption class=\"wp-element-caption\">La Polic\u00eda Cient\u00edfica trabaj\u00f3 en el lugar<\/figcaption><\/figure>\n\n\n\n<p><\/p>\n","protected":false},"excerpt":{"rendered":"<p>Este martes por la tarde\u00a0encontraron muerto a un\u00a0hombre\u00a0en una casa ubicada en calle La\u00a0Carrodilla. Horas m\u00e1s tarde, fuentes judiciales indicaron que el\u00a0cad\u00e1ver no ten\u00eda\u00a0indicios de ning\u00fan tipo de violencia. El hombre, que fue hallado en la casa de la calle que est\u00e1 en el l\u00edmite entre Godoy Cruz y Luj\u00e1n de Cuyo, estaba\u00a0desnudo. Adem\u00e1s, la<a class=\"read-more\" href=\"https:\/\/elfederalmendoza.com.ar\/index.php\/2023\/05\/03\/encuentran-desnudo-y-muerto-a-un-hombre-en-carrodilla\/\"> [&hellip;]<\/a><\/p>\n","protected":false},"author":2,"featured_media":22448,"comment_status":"open","ping_status":"open","sticky":false,"template":"","format":"standard","meta":{"footnotes":""},"categories":[1],"tags":[],"class_list":["post-22447","post","type-post","status-publish","format-standard","has-post-thumbnail","hentry","category-mza"],"rttpg_featured_image_url":{"full":["https:\/\/elfederalmendoza.com.ar\/wp-content\/uploads\/2023\/05\/forenses-mendoza.jpg",976,596,false],"landscape":["https:\/\/elfederalmendoza.com.ar\/wp-content\/uploads\/2023\/05\/forenses-mendoza.jpg",976,596,false],"portraits":["https:\/\/elfederalmendoza.com.ar\/wp-content\/uploads\/2023\/05\/forenses-mendoza.jpg",976,596,false],"thumbnail":["https:\/\/elfederalmendoza.com.ar\/wp-content\/uploads\/2023\/05\/forenses-mendoza-150x150.jpg",150,150,true],"medium":["https:\/\/elfederalmendoza.com.ar\/wp-content\/uploads\/2023\/05\/forenses-mendoza-300x183.jpg",300,183,true],"large":["https:\/\/elfederalmendoza.com.ar\/wp-content\/uploads\/2023\/05\/forenses-mendoza.jpg",640,391,false],"1536x1536":["https:\/\/elfederalmendoza.com.ar\/wp-content\/uploads\/2023\/05\/forenses-mendoza.jpg",976,596,false],"2048x2048":["https:\/\/elfederalmendoza.com.ar\/wp-content\/uploads\/2023\/05\/forenses-mendoza.jpg",976,596,false],"ultp_layout_landscape_large":["https:\/\/elfederalmendoza.com.ar\/wp-content\/uploads\/2023\/05\/forenses-mendoza.jpg",976,596,false],"ultp_layout_landscape":["https:\/\/elfederalmendoza.com.ar\/wp-content\/uploads\/2023\/05\/forenses-mendoza-870x570.jpg",870,570,true],"ultp_layout_portrait":["https:\/\/elfederalmendoza.com.ar\/wp-content\/uploads\/2023\/05\/forenses-mendoza-600x596.jpg",600,596,true],"ultp_layout_square":["https:\/\/elfederalmendoza.com.ar\/wp-content\/uploads\/2023\/05\/forenses-mendoza-600x596.jpg",600,596,true],"rpwe-thumbnail":["https:\/\/elfederalmendoza.com.ar\/wp-content\/uploads\/2023\/05\/forenses-mendoza-45x45.jpg",45,45,true],"advps-thumb-one":["https:\/\/elfederalmendoza.com.ar\/wp-content\/uploads\/2023\/05\/forenses-mendoza-976x420.jpg",976,420,true]},"rttpg_author":{"display_name":"Redacci\u00f3n El Federal","author_link":"https:\/\/elfederalmendoza.com.ar\/index.php\/author\/angelflores\/"},"rttpg_comment":0,"rttpg_category":"<a href=\"https:\/\/elfederalmendoza.com.ar\/index.php\/category\/mza\/\" rel=\"category tag\">Mendoza<\/a>","rttpg_excerpt":"Este martes por la tarde\u00a0encontraron muerto a un\u00a0hombre\u00a0en una casa ubicada en calle La\u00a0Carrodilla. Horas m\u00e1s tarde, fuentes judiciales indicaron que el\u00a0cad\u00e1ver no ten\u00eda\u00a0indicios de ning\u00fan tipo de violencia. El hombre, que fue hallado en la casa de la calle que est\u00e1 en el l\u00edmite entre Godoy Cruz y Luj\u00e1n de Cuyo, estaba\u00a0desnudo. Adem\u00e1s, la&hellip;","_links":{"self":[{"href":"https:\/\/elfederalmendoza.com.ar\/index.php\/wp-json\/wp\/v2\/posts\/22447","targetHints":{"allow":["GET"]}}],"collection":[{"href":"https:\/\/elfederalmendoza.com.ar\/index.php\/wp-json\/wp\/v2\/posts"}],"about":[{"href":"https:\/\/elfederalmendoza.com.ar\/index.php\/wp-json\/wp\/v2\/types\/post"}],"author":[{"embeddable":true,"href":"https:\/\/elfederalmendoza.com.ar\/index.php\/wp-json\/wp\/v2\/users\/2"}],"replies":[{"embeddable":true,"href":"https:\/\/elfederalmendoza.com.ar\/index.php\/wp-json\/wp\/v2\/comments?post=22447"}],"version-history":[{"count":1,"href":"https:\/\/elfederalmendoza.com.ar\/index.php\/wp-json\/wp\/v2\/posts\/22447\/revisions"}],"predecessor-version":[{"id":22449,"href":"https:\/\/elfederalmendoza.com.ar\/index.php\/wp-json\/wp\/v2\/posts\/22447\/revisions\/22449"}],"wp:featuredmedia":[{"embeddable":true,"href":"https:\/\/elfederalmendoza.com.ar\/index.php\/wp-json\/wp\/v2\/media\/22448"}],"wp:attachment":[{"href":"https:\/\/elfederalmendoza.com.ar\/index.php\/wp-json\/wp\/v2\/media?parent=22447"}],"wp:term":[{"taxonomy":"category","embeddable":true,"href":"https:\/\/elfederalmendoza.com.ar\/index.php\/wp-json\/wp\/v2\/categories?post=22447"},{"taxonomy":"post_tag","embeddable":true,"href":"https:\/\/elfederalmendoza.com.ar\/index.php\/wp-json\/wp\/v2\/tags?post=22447"}],"curies":[{"name":"wp","href":"https:\/\/api.w.org\/{rel}","templated":true}]}}