{"id":22457,"date":"2023-05-03T10:25:09","date_gmt":"2023-05-03T13:25:09","guid":{"rendered":"https:\/\/elfederalmendoza.com\/?p=22457"},"modified":"2023-05-03T10:25:12","modified_gmt":"2023-05-03T13:25:12","slug":"el-ente-regulador-de-mendoza-ya-analiza-el-aumento-de-la-luz-ordenado-por-el-gobierno-nacional-y-calcula-de-cuanto-sera-en-la-provincia","status":"publish","type":"post","link":"https:\/\/elfederalmendoza.com.ar\/index.php\/2023\/05\/03\/el-ente-regulador-de-mendoza-ya-analiza-el-aumento-de-la-luz-ordenado-por-el-gobierno-nacional-y-calcula-de-cuanto-sera-en-la-provincia\/","title":{"rendered":"El ente regulador de Mendoza ya analiza el aumento de la luz ordenado por el gobierno nacional y calcula de cu\u00e1nto ser\u00e1 en la provincia"},"content":{"rendered":"\n<p>La Secretar\u00eda de Energ\u00eda de la Naci\u00f3n confirm\u00f3 los nuevos precios estacionales para la energ\u00eda el\u00e9ctrica que se aplicaran desde mayo hasta fines de octubre,&nbsp;<mark>donde se refleja la quita total de subsidios para los usuarios residenciales del segmento de mayores ingresos (Nivel 1)<\/mark>, que cuentan con ingresos por encima de $669.298 por hogar.<\/p>\n\n\n\n<p>La medida rige en todo el pa\u00eds. En tal sentido, el\u00a0<strong>Ente Provincial Regulador El\u00e9ctrico (EPRE)\u00a0<\/strong>analiza los detalles de la Resoluci\u00f3n 323\/2023, publicada este martes en el Bolet\u00edn Oficial, y realiza los c\u00e1lculos para establecer el impacto que tendr\u00e1 en Mendoza el ajuste dispuesto por el organismo nacional que encabeza Flavia Roy\u00f3n.<\/p>\n\n\n\n<p>A fines del a\u00f1o pasado,&nbsp;<mark>eran aproximadamente 150 mil los usuarios mendocinos categorizados como Nivel 1<\/mark>, que ahora pagar\u00e1n la tarifa plena, sin subsidios. En el Nivel 3 (ingresos medios) eran algo m\u00e1s de 110 mil usuarios, mientras que en el Nivel 2 (bajos ingresos) estaban incluidos casi 300 mil hogares.<\/p>\n\n\n\n<h2 class=\"wp-block-heading\" id=\"h-el-ajuste\">El ajuste<\/h2>\n\n\n\n<p>En concreto, la Secretar\u00eda de Energ\u00eda dio a conocer la programaci\u00f3n estacional del Mercado El\u00e9ctrico Mayorista (MEM) para el per\u00edodo mayo-octubre, que contempla la reducci\u00f3n del 31% del subsidio para los usuarios de mayor capacidad econ\u00f3mica (nivel 1) y tambi\u00e9n para el excedente de consumo de 400 kwh mensuales para los de nivel medio,&nbsp;<mark>en tanto los beneficiarios de la tarifa social no tendr\u00e1n modificaciones.<\/mark><\/p>\n\n\n\n<p><mark>La medida implica un impacto promedio de $3.000<\/mark>\u00a0en las facturas de los usuarios comprendidos en el segmento con ingresos familiares superiores a tres veces y media la Canasta B\u00e1sica Total (CBT) de un hogar de cuatro integrantes, que en la actualidad equivale a $ 669.298,17 mensuales.<\/p>\n\n\n\n<p>En los considerandos de la norma se indic\u00f3 que<em>&nbsp;\u201cresulta necesario instaurar un sistema de incentivos econ\u00f3micos a los usuarios a partir de criterios basados en el consumo energ\u00e9tico en los hogares, a fin de contribuir a la transformaci\u00f3n de sus h\u00e1bitos, y a la vez, permitan trazar un sendero claro hacia el incremento en la eficiencia energ\u00e9tica\u201d.<\/em><\/p>\n\n\n\n<p>Por tal raz\u00f3n, en la habitual programaci\u00f3n semestral de invierno para el MEM y el Mercado El\u00e9ctrico Mayorista del Sistema Tierra del Fuego (Memstdf) se consider\u00f3&nbsp;<em>\u201cconveniente propiciar una reducci\u00f3n gradual del subsidio\u201d p<\/em>ara los diferentes niveles de demanda.<\/p>\n\n\n\n<p>Para el segmento de demandas mayores a 300 kwh y organismos y entes p\u00fablicos que presten servicios p\u00fablicos de Salud y Educaci\u00f3n (Grandes Usuarios del Distribuidor o \u201cGUDI\u201d),&nbsp;<mark>se aplica una reducci\u00f3n del 31% del subsidio vigente, al igual que para las demandas no residenciales entre 10 y 300 kwh.<\/mark><\/p>\n\n\n\n<p>Se mantienen vigentes los valores actuales para los usuarios con demanda menor o igual a 800 kWh\/mes y una reducci\u00f3n del 31% del subsidio vigente para el excedente de ese nivel.<\/p>\n\n\n\n<p>Asimismo, se establece la&nbsp;<em>\u201cquita del subsidio para el segmento Residencial Nivel 1\u201d&nbsp;<\/em>y se mantienen los valores para los otros dos niveles, en tanto se crea la categor\u00eda de Alumbrado P\u00fablico.<\/p>\n\n\n\n<p>La resoluci\u00f3n establece que\u00a0<em>\u201ca los efectos de un adecuado direccionamiento de los subsidios a la tarifa de los usuarios finales, los vol\u00famenes de energ\u00eda el\u00e9ctrica adquiridos, a ser informados por los Agentes Prestadores del Servicio P\u00fablico de Distribuci\u00f3n de Electricidad, deber\u00e1n ser respaldados por los entes reguladores o autoridades locales con competencia en cada jurisdicci\u00f3n\u201d.<\/em><\/p>\n\n\n\n<p><em>Fuente: El Sol<\/em><\/p>\n","protected":false},"excerpt":{"rendered":"<p>La Secretar\u00eda de Energ\u00eda de la Naci\u00f3n confirm\u00f3 los nuevos precios estacionales para la energ\u00eda el\u00e9ctrica que se aplicaran desde mayo hasta fines de octubre,&nbsp;donde se refleja la quita total de subsidios para los usuarios residenciales del segmento de mayores ingresos (Nivel 1), que cuentan con ingresos por encima de $669.298 por hogar. La medida<a class=\"read-more\" href=\"https:\/\/elfederalmendoza.com.ar\/index.php\/2023\/05\/03\/el-ente-regulador-de-mendoza-ya-analiza-el-aumento-de-la-luz-ordenado-por-el-gobierno-nacional-y-calcula-de-cuanto-sera-en-la-provincia\/\"> [&hellip;]<\/a><\/p>\n","protected":false},"author":2,"featured_media":22458,"comment_status":"open","ping_status":"open","sticky":false,"template":"","format":"standard","meta":{"footnotes":""},"categories":[1],"tags":[],"class_list":["post-22457","post","type-post","status-publish","format-standard","has-post-thumbnail","hentry","category-mza"],"rttpg_featured_image_url":{"full":["https:\/\/elfederalmendoza.com.ar\/wp-content\/uploads\/2023\/05\/1616519525767Aumento20electricidad202-scaled-1.webp",1200,800,false],"landscape":["https:\/\/elfederalmendoza.com.ar\/wp-content\/uploads\/2023\/05\/1616519525767Aumento20electricidad202-scaled-1.webp",1200,800,false],"portraits":["https:\/\/elfederalmendoza.com.ar\/wp-content\/uploads\/2023\/05\/1616519525767Aumento20electricidad202-scaled-1.webp",1200,800,false],"thumbnail":["https:\/\/elfederalmendoza.com.ar\/wp-content\/uploads\/2023\/05\/1616519525767Aumento20electricidad202-scaled-1-150x150.webp",150,150,true],"medium":["https:\/\/elfederalmendoza.com.ar\/wp-content\/uploads\/2023\/05\/1616519525767Aumento20electricidad202-scaled-1-300x200.webp",300,200,true],"large":["https:\/\/elfederalmendoza.com.ar\/wp-content\/uploads\/2023\/05\/1616519525767Aumento20electricidad202-scaled-1-1024x683.webp",640,427,true],"1536x1536":["https:\/\/elfederalmendoza.com.ar\/wp-content\/uploads\/2023\/05\/1616519525767Aumento20electricidad202-scaled-1.webp",1200,800,false],"2048x2048":["https:\/\/elfederalmendoza.com.ar\/wp-content\/uploads\/2023\/05\/1616519525767Aumento20electricidad202-scaled-1.webp",1200,800,false],"ultp_layout_landscape_large":["https:\/\/elfederalmendoza.com.ar\/wp-content\/uploads\/2023\/05\/1616519525767Aumento20electricidad202-scaled-1.webp",1200,800,false],"ultp_layout_landscape":["https:\/\/elfederalmendoza.com.ar\/wp-content\/uploads\/2023\/05\/1616519525767Aumento20electricidad202-scaled-1-870x570.webp",870,570,true],"ultp_layout_portrait":["https:\/\/elfederalmendoza.com.ar\/wp-content\/uploads\/2023\/05\/1616519525767Aumento20electricidad202-scaled-1-600x800.webp",600,800,true],"ultp_layout_square":["https:\/\/elfederalmendoza.com.ar\/wp-content\/uploads\/2023\/05\/1616519525767Aumento20electricidad202-scaled-1-600x600.webp",600,600,true],"rpwe-thumbnail":["https:\/\/elfederalmendoza.com.ar\/wp-content\/uploads\/2023\/05\/1616519525767Aumento20electricidad202-scaled-1-45x45.webp",45,45,true],"advps-thumb-one":["https:\/\/elfederalmendoza.com.ar\/wp-content\/uploads\/2023\/05\/1616519525767Aumento20electricidad202-scaled-1-1200x420.webp",1200,420,true]},"rttpg_author":{"display_name":"Redacci\u00f3n El Federal","author_link":"https:\/\/elfederalmendoza.com.ar\/index.php\/author\/angelflores\/"},"rttpg_comment":0,"rttpg_category":"<a href=\"https:\/\/elfederalmendoza.com.ar\/index.php\/category\/mza\/\" rel=\"category tag\">Mendoza<\/a>","rttpg_excerpt":"La Secretar\u00eda de Energ\u00eda de la Naci\u00f3n confirm\u00f3 los nuevos precios estacionales para la energ\u00eda el\u00e9ctrica que se aplicaran desde mayo hasta fines de octubre,&nbsp;donde se refleja la quita total de subsidios para los usuarios residenciales del segmento de mayores ingresos (Nivel 1), que cuentan con ingresos por encima de $669.298 por hogar. La medida&hellip;","_links":{"self":[{"href":"https:\/\/elfederalmendoza.com.ar\/index.php\/wp-json\/wp\/v2\/posts\/22457","targetHints":{"allow":["GET"]}}],"collection":[{"href":"https:\/\/elfederalmendoza.com.ar\/index.php\/wp-json\/wp\/v2\/posts"}],"about":[{"href":"https:\/\/elfederalmendoza.com.ar\/index.php\/wp-json\/wp\/v2\/types\/post"}],"author":[{"embeddable":true,"href":"https:\/\/elfederalmendoza.com.ar\/index.php\/wp-json\/wp\/v2\/users\/2"}],"replies":[{"embeddable":true,"href":"https:\/\/elfederalmendoza.com.ar\/index.php\/wp-json\/wp\/v2\/comments?post=22457"}],"version-history":[{"count":1,"href":"https:\/\/elfederalmendoza.com.ar\/index.php\/wp-json\/wp\/v2\/posts\/22457\/revisions"}],"predecessor-version":[{"id":22459,"href":"https:\/\/elfederalmendoza.com.ar\/index.php\/wp-json\/wp\/v2\/posts\/22457\/revisions\/22459"}],"wp:featuredmedia":[{"embeddable":true,"href":"https:\/\/elfederalmendoza.com.ar\/index.php\/wp-json\/wp\/v2\/media\/22458"}],"wp:attachment":[{"href":"https:\/\/elfederalmendoza.com.ar\/index.php\/wp-json\/wp\/v2\/media?parent=22457"}],"wp:term":[{"taxonomy":"category","embeddable":true,"href":"https:\/\/elfederalmendoza.com.ar\/index.php\/wp-json\/wp\/v2\/categories?post=22457"},{"taxonomy":"post_tag","embeddable":true,"href":"https:\/\/elfederalmendoza.com.ar\/index.php\/wp-json\/wp\/v2\/tags?post=22457"}],"curies":[{"name":"wp","href":"https:\/\/api.w.org\/{rel}","templated":true}]}}