{"id":22465,"date":"2023-05-03T10:12:00","date_gmt":"2023-05-03T13:12:00","guid":{"rendered":"https:\/\/elfederalmendoza.com\/?p=22465"},"modified":"2023-05-03T12:14:13","modified_gmt":"2023-05-03T15:14:13","slug":"detuvieron-al-acusado-de-acribillar-en-san-rafael-a-un-hombre-con-el-que-habia-compartido-pabellon-en-la-carcel","status":"publish","type":"post","link":"https:\/\/elfederalmendoza.com.ar\/index.php\/2023\/05\/03\/detuvieron-al-acusado-de-acribillar-en-san-rafael-a-un-hombre-con-el-que-habia-compartido-pabellon-en-la-carcel\/","title":{"rendered":"Detuvieron al acusado de acribillar en San Rafael a un hombre con el que hab\u00eda compartido pabell\u00f3n en la c\u00e1rcel"},"content":{"rendered":"\n<p>La Unidad Investigativa del departamento de&nbsp;<strong>San Rafael<\/strong>, logr\u00f3 detener al&nbsp;<strong>autor<\/strong>&nbsp;de un&nbsp;<strong>asesinato<\/strong>&nbsp;cometido el pasado 13 de enero en La Ripiera.<\/p>\n\n\n\n<p>El&nbsp;<strong>autor<\/strong>&nbsp;del hecho fue identificado como Jonathan Antunez, quien ten\u00eda una vieja disputa con la v\u00edctima, Ferm\u00edn Andr\u00e9s Castro, a quien asesin\u00f3 de varios disparos. Ambos hab\u00edan compartido pabell\u00f3n en la penitenciar\u00eda.<\/p>\n\n\n\n<p>Tras un largo trabajo, se logr\u00f3 saber que el hombre estar\u00eda en una vivienda con su cu\u00f1ada, en calle Las Am\u00e9ricas al 823. Hasta el lugar fue una comisi\u00f3n policial y lograron detener al homicida cuando intentaba escapar por el patio trasero.<\/p>\n\n\n\n<p>Antunez se encuentra en Cr\u00eda 8va, y ser\u00eda trasladado hoy a la c\u00e1rcel.<\/p>\n\n\n\n<p><a href=\"https:\/\/www.diariomendoza.com.ar\/policiales\/cayo-una-banda-narco-mendoza-liderada-dos-policias-uno-activo-otro-retirado-n48248\"><\/a><\/p>\n","protected":false},"excerpt":{"rendered":"<p>La Unidad Investigativa del departamento de&nbsp;San Rafael, logr\u00f3 detener al&nbsp;autor&nbsp;de un&nbsp;asesinato&nbsp;cometido el pasado 13 de enero en La Ripiera. El&nbsp;autor&nbsp;del hecho fue identificado como Jonathan Antunez, quien ten\u00eda una vieja disputa con la v\u00edctima, Ferm\u00edn Andr\u00e9s Castro, a quien asesin\u00f3 de varios disparos. Ambos hab\u00edan compartido pabell\u00f3n en la penitenciar\u00eda. Tras un largo trabajo, se<a class=\"read-more\" href=\"https:\/\/elfederalmendoza.com.ar\/index.php\/2023\/05\/03\/detuvieron-al-acusado-de-acribillar-en-san-rafael-a-un-hombre-con-el-que-habia-compartido-pabellon-en-la-carcel\/\"> [&hellip;]<\/a><\/p>\n","protected":false},"author":2,"featured_media":22466,"comment_status":"open","ping_status":"open","sticky":false,"template":"","format":"standard","meta":{"footnotes":""},"categories":[1],"tags":[],"class_list":["post-22465","post","type-post","status-publish","format-standard","has-post-thumbnail","hentry","category-mza"],"rttpg_featured_image_url":{"full":["https:\/\/elfederalmendoza.com.ar\/wp-content\/uploads\/2023\/05\/1.jpg",665,349,false],"landscape":["https:\/\/elfederalmendoza.com.ar\/wp-content\/uploads\/2023\/05\/1.jpg",665,349,false],"portraits":["https:\/\/elfederalmendoza.com.ar\/wp-content\/uploads\/2023\/05\/1.jpg",665,349,false],"thumbnail":["https:\/\/elfederalmendoza.com.ar\/wp-content\/uploads\/2023\/05\/1-150x150.jpg",150,150,true],"medium":["https:\/\/elfederalmendoza.com.ar\/wp-content\/uploads\/2023\/05\/1-300x157.jpg",300,157,true],"large":["https:\/\/elfederalmendoza.com.ar\/wp-content\/uploads\/2023\/05\/1.jpg",640,336,false],"1536x1536":["https:\/\/elfederalmendoza.com.ar\/wp-content\/uploads\/2023\/05\/1.jpg",665,349,false],"2048x2048":["https:\/\/elfederalmendoza.com.ar\/wp-content\/uploads\/2023\/05\/1.jpg",665,349,false],"ultp_layout_landscape_large":["https:\/\/elfederalmendoza.com.ar\/wp-content\/uploads\/2023\/05\/1.jpg",665,349,false],"ultp_layout_landscape":["https:\/\/elfederalmendoza.com.ar\/wp-content\/uploads\/2023\/05\/1.jpg",665,349,false],"ultp_layout_portrait":["https:\/\/elfederalmendoza.com.ar\/wp-content\/uploads\/2023\/05\/1-600x349.jpg",600,349,true],"ultp_layout_square":["https:\/\/elfederalmendoza.com.ar\/wp-content\/uploads\/2023\/05\/1-600x349.jpg",600,349,true],"rpwe-thumbnail":["https:\/\/elfederalmendoza.com.ar\/wp-content\/uploads\/2023\/05\/1-45x45.jpg",45,45,true],"advps-thumb-one":["https:\/\/elfederalmendoza.com.ar\/wp-content\/uploads\/2023\/05\/1.jpg",665,349,false]},"rttpg_author":{"display_name":"Redacci\u00f3n El Federal","author_link":"https:\/\/elfederalmendoza.com.ar\/index.php\/author\/angelflores\/"},"rttpg_comment":0,"rttpg_category":"<a href=\"https:\/\/elfederalmendoza.com.ar\/index.php\/category\/mza\/\" rel=\"category tag\">Mendoza<\/a>","rttpg_excerpt":"La Unidad Investigativa del departamento de&nbsp;San Rafael, logr\u00f3 detener al&nbsp;autor&nbsp;de un&nbsp;asesinato&nbsp;cometido el pasado 13 de enero en La Ripiera. El&nbsp;autor&nbsp;del hecho fue identificado como Jonathan Antunez, quien ten\u00eda una vieja disputa con la v\u00edctima, Ferm\u00edn Andr\u00e9s Castro, a quien asesin\u00f3 de varios disparos. Ambos hab\u00edan compartido pabell\u00f3n en la penitenciar\u00eda. Tras un largo trabajo, se&hellip;","_links":{"self":[{"href":"https:\/\/elfederalmendoza.com.ar\/index.php\/wp-json\/wp\/v2\/posts\/22465","targetHints":{"allow":["GET"]}}],"collection":[{"href":"https:\/\/elfederalmendoza.com.ar\/index.php\/wp-json\/wp\/v2\/posts"}],"about":[{"href":"https:\/\/elfederalmendoza.com.ar\/index.php\/wp-json\/wp\/v2\/types\/post"}],"author":[{"embeddable":true,"href":"https:\/\/elfederalmendoza.com.ar\/index.php\/wp-json\/wp\/v2\/users\/2"}],"replies":[{"embeddable":true,"href":"https:\/\/elfederalmendoza.com.ar\/index.php\/wp-json\/wp\/v2\/comments?post=22465"}],"version-history":[{"count":1,"href":"https:\/\/elfederalmendoza.com.ar\/index.php\/wp-json\/wp\/v2\/posts\/22465\/revisions"}],"predecessor-version":[{"id":22467,"href":"https:\/\/elfederalmendoza.com.ar\/index.php\/wp-json\/wp\/v2\/posts\/22465\/revisions\/22467"}],"wp:featuredmedia":[{"embeddable":true,"href":"https:\/\/elfederalmendoza.com.ar\/index.php\/wp-json\/wp\/v2\/media\/22466"}],"wp:attachment":[{"href":"https:\/\/elfederalmendoza.com.ar\/index.php\/wp-json\/wp\/v2\/media?parent=22465"}],"wp:term":[{"taxonomy":"category","embeddable":true,"href":"https:\/\/elfederalmendoza.com.ar\/index.php\/wp-json\/wp\/v2\/categories?post=22465"},{"taxonomy":"post_tag","embeddable":true,"href":"https:\/\/elfederalmendoza.com.ar\/index.php\/wp-json\/wp\/v2\/tags?post=22465"}],"curies":[{"name":"wp","href":"https:\/\/api.w.org\/{rel}","templated":true}]}}