{"id":22470,"date":"2023-05-04T10:09:10","date_gmt":"2023-05-04T13:09:10","guid":{"rendered":"https:\/\/elfederalmendoza.com\/?p=22470"},"modified":"2023-05-04T10:14:41","modified_gmt":"2023-05-04T13:14:41","slug":"los-taxis-y-remises-en-mendoza-aumentaran-mas-de-un-50-su-tarifa-a-partir-del-10-de-mayo","status":"publish","type":"post","link":"https:\/\/elfederalmendoza.com.ar\/index.php\/2023\/05\/04\/los-taxis-y-remises-en-mendoza-aumentaran-mas-de-un-50-su-tarifa-a-partir-del-10-de-mayo\/","title":{"rendered":"Los taxis y remises de Mendoza aumentar\u00e1n m\u00e1s de un 50% su tarifa a partir del 10 de mayo"},"content":{"rendered":"\n<p>Luego de la audiencia p\u00fablica donde se trat\u00f3 el pedido de las empresas, el gobierno acord\u00f3 otorgar un aumento del 51,44% en la tarifa de<strong>&nbsp;taxis<\/strong>&nbsp;y&nbsp;<strong>remises<\/strong>&nbsp;en la provincia de<strong>&nbsp;Mendoza<\/strong>.<\/p>\n\n\n\n<p>La ficha pasar\u00e1 de 9 pesos a 13,62, mientras que la bajada de bandera pasar\u00e1 de 172 a 260,44 pesos. Seg\u00fan explic\u00f3 H\u00e9ctor Canizzo, secretario de\u00a0APROTAM, la tarifa actual tiene siete meses de atraso en el reconocimiento de los costos.<\/p>\n\n\n\n<p>La suba se har\u00e1 efectiva a partir del pr\u00f3ximo mi\u00e9rcoles 10 de mayo.<\/p>\n\n\n\n<p>Cabe destacar que el aumento fue acordado luego de varias reuniones entre representantes de las empresas y del gobierno provincial, y tras un intenso debate en la audiencia p\u00fablica.<\/p>\n\n\n\n<p>Por su parte, los usuarios de<strong>\u00a0taxis\u00a0<\/strong>y\u00a0<strong>remises<\/strong>\u00a0expresaron su descontento con la medida, argumentando que ya resultaba costoso utilizar estos servicios y que el aumento s\u00f3lo empeora la situaci\u00f3n.<\/p>\n\n\n\n<p>Mientras tanto, desde el sector empresarial de taxis y remises sostuvieron que la suba era necesaria para poder afrontar los costos operativos.<\/p>\n\n\n\n<p><em>Fuente: Diario Mendoza<\/em><\/p>\n","protected":false},"excerpt":{"rendered":"<p>Luego de la audiencia p\u00fablica donde se trat\u00f3 el pedido de las empresas, el gobierno acord\u00f3 otorgar un aumento del 51,44% en la tarifa de&nbsp;taxis&nbsp;y&nbsp;remises&nbsp;en la provincia de&nbsp;Mendoza. La ficha pasar\u00e1 de 9 pesos a 13,62, mientras que la bajada de bandera pasar\u00e1 de 172 a 260,44 pesos. Seg\u00fan explic\u00f3 H\u00e9ctor Canizzo, secretario de\u00a0APROTAM, la<a class=\"read-more\" href=\"https:\/\/elfederalmendoza.com.ar\/index.php\/2023\/05\/04\/los-taxis-y-remises-en-mendoza-aumentaran-mas-de-un-50-su-tarifa-a-partir-del-10-de-mayo\/\"> [&hellip;]<\/a><\/p>\n","protected":false},"author":2,"featured_media":22471,"comment_status":"open","ping_status":"open","sticky":false,"template":"","format":"standard","meta":{"footnotes":""},"categories":[1],"tags":[],"class_list":["post-22470","post","type-post","status-publish","format-standard","has-post-thumbnail","hentry","category-mza"],"rttpg_featured_image_url":{"full":["https:\/\/elfederalmendoza.com.ar\/wp-content\/uploads\/2023\/05\/1683140444938.jpg",1024,576,false],"landscape":["https:\/\/elfederalmendoza.com.ar\/wp-content\/uploads\/2023\/05\/1683140444938.jpg",1024,576,false],"portraits":["https:\/\/elfederalmendoza.com.ar\/wp-content\/uploads\/2023\/05\/1683140444938.jpg",1024,576,false],"thumbnail":["https:\/\/elfederalmendoza.com.ar\/wp-content\/uploads\/2023\/05\/1683140444938-150x150.jpg",150,150,true],"medium":["https:\/\/elfederalmendoza.com.ar\/wp-content\/uploads\/2023\/05\/1683140444938-300x169.jpg",300,169,true],"large":["https:\/\/elfederalmendoza.com.ar\/wp-content\/uploads\/2023\/05\/1683140444938.jpg",640,360,false],"1536x1536":["https:\/\/elfederalmendoza.com.ar\/wp-content\/uploads\/2023\/05\/1683140444938.jpg",1024,576,false],"2048x2048":["https:\/\/elfederalmendoza.com.ar\/wp-content\/uploads\/2023\/05\/1683140444938.jpg",1024,576,false],"ultp_layout_landscape_large":["https:\/\/elfederalmendoza.com.ar\/wp-content\/uploads\/2023\/05\/1683140444938.jpg",1024,576,false],"ultp_layout_landscape":["https:\/\/elfederalmendoza.com.ar\/wp-content\/uploads\/2023\/05\/1683140444938-870x570.jpg",870,570,true],"ultp_layout_portrait":["https:\/\/elfederalmendoza.com.ar\/wp-content\/uploads\/2023\/05\/1683140444938-600x576.jpg",600,576,true],"ultp_layout_square":["https:\/\/elfederalmendoza.com.ar\/wp-content\/uploads\/2023\/05\/1683140444938-600x576.jpg",600,576,true],"rpwe-thumbnail":["https:\/\/elfederalmendoza.com.ar\/wp-content\/uploads\/2023\/05\/1683140444938-45x45.jpg",45,45,true],"advps-thumb-one":["https:\/\/elfederalmendoza.com.ar\/wp-content\/uploads\/2023\/05\/1683140444938-1024x420.jpg",1024,420,true]},"rttpg_author":{"display_name":"Redacci\u00f3n El Federal","author_link":"https:\/\/elfederalmendoza.com.ar\/index.php\/author\/angelflores\/"},"rttpg_comment":0,"rttpg_category":"<a href=\"https:\/\/elfederalmendoza.com.ar\/index.php\/category\/mza\/\" rel=\"category tag\">Mendoza<\/a>","rttpg_excerpt":"Luego de la audiencia p\u00fablica donde se trat\u00f3 el pedido de las empresas, el gobierno acord\u00f3 otorgar un aumento del 51,44% en la tarifa de&nbsp;taxis&nbsp;y&nbsp;remises&nbsp;en la provincia de&nbsp;Mendoza. La ficha pasar\u00e1 de 9 pesos a 13,62, mientras que la bajada de bandera pasar\u00e1 de 172 a 260,44 pesos. Seg\u00fan explic\u00f3 H\u00e9ctor Canizzo, secretario de\u00a0APROTAM, la&hellip;","_links":{"self":[{"href":"https:\/\/elfederalmendoza.com.ar\/index.php\/wp-json\/wp\/v2\/posts\/22470","targetHints":{"allow":["GET"]}}],"collection":[{"href":"https:\/\/elfederalmendoza.com.ar\/index.php\/wp-json\/wp\/v2\/posts"}],"about":[{"href":"https:\/\/elfederalmendoza.com.ar\/index.php\/wp-json\/wp\/v2\/types\/post"}],"author":[{"embeddable":true,"href":"https:\/\/elfederalmendoza.com.ar\/index.php\/wp-json\/wp\/v2\/users\/2"}],"replies":[{"embeddable":true,"href":"https:\/\/elfederalmendoza.com.ar\/index.php\/wp-json\/wp\/v2\/comments?post=22470"}],"version-history":[{"count":3,"href":"https:\/\/elfederalmendoza.com.ar\/index.php\/wp-json\/wp\/v2\/posts\/22470\/revisions"}],"predecessor-version":[{"id":22474,"href":"https:\/\/elfederalmendoza.com.ar\/index.php\/wp-json\/wp\/v2\/posts\/22470\/revisions\/22474"}],"wp:featuredmedia":[{"embeddable":true,"href":"https:\/\/elfederalmendoza.com.ar\/index.php\/wp-json\/wp\/v2\/media\/22471"}],"wp:attachment":[{"href":"https:\/\/elfederalmendoza.com.ar\/index.php\/wp-json\/wp\/v2\/media?parent=22470"}],"wp:term":[{"taxonomy":"category","embeddable":true,"href":"https:\/\/elfederalmendoza.com.ar\/index.php\/wp-json\/wp\/v2\/categories?post=22470"},{"taxonomy":"post_tag","embeddable":true,"href":"https:\/\/elfederalmendoza.com.ar\/index.php\/wp-json\/wp\/v2\/tags?post=22470"}],"curies":[{"name":"wp","href":"https:\/\/api.w.org\/{rel}","templated":true}]}}