{"id":22475,"date":"2023-05-04T10:21:38","date_gmt":"2023-05-04T13:21:38","guid":{"rendered":"https:\/\/elfederalmendoza.com\/?p=22475"},"modified":"2023-05-04T10:21:41","modified_gmt":"2023-05-04T13:21:41","slug":"agredieron-en-san-rafael-a-policias-que-le-pidieron-los-documentos-a-un-joven-el-padre-les-pego-con-un-casco-de-moto","status":"publish","type":"post","link":"https:\/\/elfederalmendoza.com.ar\/index.php\/2023\/05\/04\/agredieron-en-san-rafael-a-policias-que-le-pidieron-los-documentos-a-un-joven-el-padre-les-pego-con-un-casco-de-moto\/","title":{"rendered":"Agredieron en San Rafael a polic\u00edas que le pidieron los documentos a un joven: el padre les peg\u00f3 con un casco de moto"},"content":{"rendered":"\n<p>Una pareja de&nbsp;<strong>polic\u00edas<\/strong>&nbsp;fue&nbsp;<strong>agredida<\/strong>&nbsp;en el km 0 del departamento&nbsp;<strong>San Rafael<\/strong>, en la intersecci\u00f3n de las calles Yrigoyen y San Mart\u00edn, luego de interceptar a un joven que caminaba por el lugar y le solicitaran sus documentos.<\/p>\n\n\n\n<p>El joven llam\u00f3 a su padre, quien arrib\u00f3 al lugar y atac\u00f3 a los efectivos, incluso a una mujer\u00a0<strong>polic\u00eda<\/strong>, con el casco de su moto. Los uniformados intentaron reducirlo, pero no fue posible hasta la llegada de m\u00e1s\u00a0<strong>polic\u00edas<\/strong>. Finalmente, seis uniformados pudieron esposar al\u00a0<strong>agresor<\/strong>.<\/p>\n\n\n<div class=\"wp-block-image\">\n<figure class=\"aligncenter size-full\"><img loading=\"lazy\" decoding=\"async\" width=\"700\" height=\"430\" src=\"https:\/\/elfederalmendoza.com\/wp-content\/uploads\/2023\/05\/image.png\" alt=\"\" class=\"wp-image-22477\" srcset=\"https:\/\/elfederalmendoza.com.ar\/wp-content\/uploads\/2023\/05\/image.png 700w, https:\/\/elfederalmendoza.com.ar\/wp-content\/uploads\/2023\/05\/image-300x184.png 300w\" sizes=\"auto, (max-width: 700px) 100vw, 700px\" \/><\/figure><\/div>\n\n\n<p>El agresor ser\u00eda un ex penitenciario exonerado, inform\u00f3&nbsp;<em>Alerta San Rafael<\/em>. Hasta el momento, no se han dado a conocer las causas de la agresi\u00f3n.<\/p>\n\n\n\n<p>La situaci\u00f3n gener\u00f3 un gran revuelo en el lugar y se vivi\u00f3 una trifulca que dej\u00f3 a la&nbsp;<strong>polic\u00eda&nbsp;<\/strong>golpeada.&nbsp;<\/p>\n","protected":false},"excerpt":{"rendered":"<p>Una pareja de&nbsp;polic\u00edas&nbsp;fue&nbsp;agredida&nbsp;en el km 0 del departamento&nbsp;San Rafael, en la intersecci\u00f3n de las calles Yrigoyen y San Mart\u00edn, luego de interceptar a un joven que caminaba por el lugar y le solicitaran sus documentos. El joven llam\u00f3 a su padre, quien arrib\u00f3 al lugar y atac\u00f3 a los efectivos, incluso a una mujer\u00a0polic\u00eda, con<a class=\"read-more\" href=\"https:\/\/elfederalmendoza.com.ar\/index.php\/2023\/05\/04\/agredieron-en-san-rafael-a-policias-que-le-pidieron-los-documentos-a-un-joven-el-padre-les-pego-con-un-casco-de-moto\/\"> [&hellip;]<\/a><\/p>\n","protected":false},"author":2,"featured_media":22476,"comment_status":"open","ping_status":"open","sticky":false,"template":"","format":"standard","meta":{"footnotes":""},"categories":[1],"tags":[],"class_list":["post-22475","post","type-post","status-publish","format-standard","has-post-thumbnail","hentry","category-mza"],"rttpg_featured_image_url":{"full":["https:\/\/elfederalmendoza.com.ar\/wp-content\/uploads\/2023\/05\/64532a812078a__780x780.webp",780,585,false],"landscape":["https:\/\/elfederalmendoza.com.ar\/wp-content\/uploads\/2023\/05\/64532a812078a__780x780.webp",780,585,false],"portraits":["https:\/\/elfederalmendoza.com.ar\/wp-content\/uploads\/2023\/05\/64532a812078a__780x780.webp",780,585,false],"thumbnail":["https:\/\/elfederalmendoza.com.ar\/wp-content\/uploads\/2023\/05\/64532a812078a__780x780-150x150.webp",150,150,true],"medium":["https:\/\/elfederalmendoza.com.ar\/wp-content\/uploads\/2023\/05\/64532a812078a__780x780-300x225.webp",300,225,true],"large":["https:\/\/elfederalmendoza.com.ar\/wp-content\/uploads\/2023\/05\/64532a812078a__780x780.webp",640,480,false],"1536x1536":["https:\/\/elfederalmendoza.com.ar\/wp-content\/uploads\/2023\/05\/64532a812078a__780x780.webp",780,585,false],"2048x2048":["https:\/\/elfederalmendoza.com.ar\/wp-content\/uploads\/2023\/05\/64532a812078a__780x780.webp",780,585,false],"ultp_layout_landscape_large":["https:\/\/elfederalmendoza.com.ar\/wp-content\/uploads\/2023\/05\/64532a812078a__780x780.webp",780,585,false],"ultp_layout_landscape":["https:\/\/elfederalmendoza.com.ar\/wp-content\/uploads\/2023\/05\/64532a812078a__780x780-780x570.webp",780,570,true],"ultp_layout_portrait":["https:\/\/elfederalmendoza.com.ar\/wp-content\/uploads\/2023\/05\/64532a812078a__780x780-600x585.webp",600,585,true],"ultp_layout_square":["https:\/\/elfederalmendoza.com.ar\/wp-content\/uploads\/2023\/05\/64532a812078a__780x780-600x585.webp",600,585,true],"rpwe-thumbnail":["https:\/\/elfederalmendoza.com.ar\/wp-content\/uploads\/2023\/05\/64532a812078a__780x780-45x45.webp",45,45,true],"advps-thumb-one":["https:\/\/elfederalmendoza.com.ar\/wp-content\/uploads\/2023\/05\/64532a812078a__780x780-780x420.webp",780,420,true]},"rttpg_author":{"display_name":"Redacci\u00f3n El Federal","author_link":"https:\/\/elfederalmendoza.com.ar\/index.php\/author\/angelflores\/"},"rttpg_comment":0,"rttpg_category":"<a href=\"https:\/\/elfederalmendoza.com.ar\/index.php\/category\/mza\/\" rel=\"category tag\">Mendoza<\/a>","rttpg_excerpt":"Una pareja de&nbsp;polic\u00edas&nbsp;fue&nbsp;agredida&nbsp;en el km 0 del departamento&nbsp;San Rafael, en la intersecci\u00f3n de las calles Yrigoyen y San Mart\u00edn, luego de interceptar a un joven que caminaba por el lugar y le solicitaran sus documentos. El joven llam\u00f3 a su padre, quien arrib\u00f3 al lugar y atac\u00f3 a los efectivos, incluso a una mujer\u00a0polic\u00eda, con&hellip;","_links":{"self":[{"href":"https:\/\/elfederalmendoza.com.ar\/index.php\/wp-json\/wp\/v2\/posts\/22475","targetHints":{"allow":["GET"]}}],"collection":[{"href":"https:\/\/elfederalmendoza.com.ar\/index.php\/wp-json\/wp\/v2\/posts"}],"about":[{"href":"https:\/\/elfederalmendoza.com.ar\/index.php\/wp-json\/wp\/v2\/types\/post"}],"author":[{"embeddable":true,"href":"https:\/\/elfederalmendoza.com.ar\/index.php\/wp-json\/wp\/v2\/users\/2"}],"replies":[{"embeddable":true,"href":"https:\/\/elfederalmendoza.com.ar\/index.php\/wp-json\/wp\/v2\/comments?post=22475"}],"version-history":[{"count":1,"href":"https:\/\/elfederalmendoza.com.ar\/index.php\/wp-json\/wp\/v2\/posts\/22475\/revisions"}],"predecessor-version":[{"id":22478,"href":"https:\/\/elfederalmendoza.com.ar\/index.php\/wp-json\/wp\/v2\/posts\/22475\/revisions\/22478"}],"wp:featuredmedia":[{"embeddable":true,"href":"https:\/\/elfederalmendoza.com.ar\/index.php\/wp-json\/wp\/v2\/media\/22476"}],"wp:attachment":[{"href":"https:\/\/elfederalmendoza.com.ar\/index.php\/wp-json\/wp\/v2\/media?parent=22475"}],"wp:term":[{"taxonomy":"category","embeddable":true,"href":"https:\/\/elfederalmendoza.com.ar\/index.php\/wp-json\/wp\/v2\/categories?post=22475"},{"taxonomy":"post_tag","embeddable":true,"href":"https:\/\/elfederalmendoza.com.ar\/index.php\/wp-json\/wp\/v2\/tags?post=22475"}],"curies":[{"name":"wp","href":"https:\/\/api.w.org\/{rel}","templated":true}]}}