{"id":22479,"date":"2023-05-04T02:23:00","date_gmt":"2023-05-04T05:23:00","guid":{"rendered":"https:\/\/elfederalmendoza.com\/?p=22479"},"modified":"2023-05-04T10:31:42","modified_gmt":"2023-05-04T13:31:42","slug":"alberto-fernandez-como-si-fuera-un-vecino-mas-deben-mejorar-los-sueldos-y-hay-que-resolver-la-inflacion","status":"publish","type":"post","link":"https:\/\/elfederalmendoza.com.ar\/index.php\/2023\/05\/04\/alberto-fernandez-como-si-fuera-un-vecino-mas-deben-mejorar-los-sueldos-y-hay-que-resolver-la-inflacion\/","title":{"rendered":"Alberto Fern\u00e1ndez, como si fuera un vecino m\u00e1s: \u00abDeben mejorar los sueldos y hay que resolver la inflaci\u00f3n\u00bb"},"content":{"rendered":"\n<p><strong>El presidente Alberto Fern\u00e1ndez viaj\u00f3 directamente en el avi\u00f3n que lo hab\u00eda llevado ayer a Brasilia para entrevistarse con su par Lula Da Silva a la provincia de Catamarca, donde esta tarde entreg\u00f3 viviendas y reconoci\u00f3 que&nbsp;\u201cdeben mejorar los sueldos\u201d&nbsp;y que&nbsp;\u201cla inflaci\u00f3n es un problema que tenemos que combatir y resolver\u201d, aunque resalt\u00f3 que lo tendr\u00e1 que hacer en medio de muchas dificultades econ\u00f3micas.<\/strong><\/p>\n\n\n\n<p>El acto se desarroll\u00f3 a 96 kil\u00f3metros de la capital catamarque\u00f1a, en Los Altos, una ciudad de apenas 9.000 habitantes. Comparti\u00f3 el escenario con el gobernador Ra\u00fal Jalil, el ministro de H\u00e1bitat y Desarrollo Territorial, Santiago Maggiotti y el intendente Ra\u00fal Barot. M\u00e1s all\u00e1 de resaltar la importancia que tiene la construcci\u00f3n de viviendas a trav\u00e9s de la ayuda estatal, el Presidente mencion\u00f3 su reciente viaje a Brasil y repas\u00f3 los problemas que afronta su gobierno.<\/p>\n\n\n\n<p>\u201cCuando asumimos est\u00e1bamos convencidos de que hab\u00eda que poner a una Argentina de pie. Una Argentina que estaba de rodillas, endeudada, donde todos hab\u00edan perdido las expectativas. Hoy estamos en un provincia donde casi todo el mundo tiene trabajo y eso nos llena de satisfacci\u00f3n. Sabemos igual que hay muchos problemas,&nbsp;que los sueldos deben mejorar&nbsp;y que hay muchos otros temas que resolver\u201d, expres\u00f3 en uno de los \u00faltimos tramos de su discurso.<\/p>\n\n\n\n<p>Y cerr\u00f3: \u201cHay familias que la pelean, nos ha pasado de todo en estos casi cuatro a\u00f1os, pero nunca perdimos la esperanza, Sabemos que\u00a0hay muchos temas que resolver, que la inflaci\u00f3n es un problema que tenemos que combatir, que tenemos que resolver en un escenario muy complejo, pero ante todo eso, nunca perdimos el rumbo. Siempre supimos que primero est\u00e1 la gente. Y para eso trabajamos\u201d.<\/p>\n\n\n\n<p>Fern\u00e1ndez hab\u00eda dicho el 15 de marzo del a\u00f1o pasado en la inauguraci\u00f3n de la estaci\u00f3n de tren de Tortuguitas que tres d\u00edas despu\u00e9s iba a empezar la guerra contra la inflaci\u00f3n en la Argentina. \u201cVamos a terminar con los especuladores y vamos a poner las cosas en orden\u201d, dijo. Un objetivo que estuvo lejos de poder cumplir. Argentina tuvo una inflaci\u00f3n interanual que super\u00f3 el 100%.<\/p>\n\n\n\n<p>Entre el p\u00fablico que lo escuchaba, adem\u00e1s de cientos de vecinos, entre los que se distingu\u00eda a varios portando carteles en agradecimiento por la visita presidencial, estaban el canciller&nbsp;Santiago Cafiero, la ministra de Desarrollo Social,&nbsp;Victoria Tolosa Paz, la primera dama,&nbsp;Fabiola Y\u00e1\u00f1ez,&nbsp;y el Secretario General de la Presidencia, Julio Vitobello. Todos hab\u00edan sido parte de la comitiva de Alberto Fern\u00e1ndez que estuvo con Lula el d\u00eda anterior. Solamente faltaban el titular de Econom\u00eda,&nbsp;Sergio Massa, que se qued\u00f3 para una reuni\u00f3n con Rodrigo Maia, presidente de la \u201cConfedera\u00e7\u00e3o Nacional das Institui\u00e7\u00f5es Financeiras (CNF)\u201d, una entidad donde est\u00e1n las principales instituciones de los bancos y la bolsa de valores del vecino pa\u00eds- y luego con autoridades del Banco Interamericano de Desarrollo, y el el jefe de Gabinete,&nbsp;Agust\u00edn Rossi,&nbsp;retorn\u00f3 a Buenos Aires porque ten\u00eda previstas una serie de reuniones y porque a las 19 iba a presentar en la Feria del Libro, el libro que escribi\u00f3 sobre su paso por el ministerio de Defensa, \u201cFondef. Una pol\u00edtica de Estado\u201d.<\/p>\n\n\n\n<p>En este acto realizado en Catamarca se entregaron 42 viviendas del Programa Casa Propia en el barrio Los Altos, de la localidad de Santa Rosa, que insumieron 280 millones de pesos. En simult\u00e1neo el ministerio que conduce Maggiotti estaba entregando otras 34 en la provincia de Santa Fe.<\/p>\n\n\n\n<p>El costado pol\u00edtico se pudo advertir en las palabras que antes del Presidente pronunciaron el ministro de H\u00e1bitat y el gobernador catamarque\u00f1o,&nbsp;Ra\u00fal Jalil. Maggiotti se refiri\u00f3 a la reactivaci\u00f3n que signific\u00f3 para la zona la construcci\u00f3n de estas casas de las casi 5.000 que se erigieron desde 2019, habl\u00f3 de&nbsp;\u201cla igualdad de oportunidades\u201d&nbsp;y sostuvo para contraponer la actual gesti\u00f3n con las propuestas de algunos candidatos de la oposici\u00f3n que&nbsp;\u201chablan de achicar el Estado y nosotros creemos que tiene que estar para igualar derechos&nbsp;y que despu\u00e9s dependa del esfuerzo de cada uno\u201d. Luego expres\u00f3 que en las elecciones \u201cse va a elegir entre los que piensan que se deben construir viviendas y los que no\u201d.<\/p>\n\n\n\n<p>Jalil, uno de los gobernadores que teji\u00f3 una mayor cercan\u00eda con el primer mandatario y con el que se hab\u00eda reunido a solas en la Rosada el 29 de abril- resalt\u00f3 la llegada del gas a Los Altos y a otros 120 mil catamarque\u00f1os. Despu\u00e9s record\u00f3 que \u201ceste es un a\u00f1o pol\u00edtico y&nbsp;vamos a estar todos juntos, encontraremos a nuestro candidato o candidata como la encontramos antes\u201d, en referencia a la indefinici\u00f3n que a\u00fan reina dentro del Frente de Todos.<\/p>\n\n\n\n<p>Luego explic\u00f3 porque decidi\u00f3 no desdoblar los comicios de los nacionales: \u201cConvoque en octubre porque vamos a ganar las PASO, vamos a ganar a nivel nacional. \u00bfY porque tenemos que estar juntos? Por esto, por las 5000 viviendas que se hicieron en estos \u00faltimos a\u00f1os, con el gobierno anterior tuvo cero viviendas\u201d.<\/p>\n\n\n\n<p>El presidente y las dem\u00e1s autoridades hicieron la entrega simb\u00f3lica de las llaves y las escrituras de 5 de las casas. \u201cPasamos un tiempo muy ingrato para todos\u201d, por la pandemia, dijo. Pero a pesar de esto \u201cnunca nos han quebrado la voluntad\u201d, agreg\u00f3. Tambi\u00e9n hubo referencias al pasar sobre la guerra en Ucrania y la sequ\u00eda. Intent\u00f3 dejar al final un mensaje positivo: \u201cVamos a seguir trabajando para poner a la Argentina de pie\u201d.<\/p>\n\n\n\n<p>Este jueves el jefe de Estado se trasladar\u00e1 hasta Lan\u00fas, donde estar\u00e1 haciendo una recorrida por la Universidad de ese municipio del sur del Gran Buenos Aires donde gobierna la oposici\u00f3n de Juntos por el Cambio.<\/p>\n","protected":false},"excerpt":{"rendered":"<p>El presidente Alberto Fern\u00e1ndez viaj\u00f3 directamente en el avi\u00f3n que lo hab\u00eda llevado ayer a Brasilia para entrevistarse con su par Lula Da Silva a la provincia de Catamarca, donde esta tarde entreg\u00f3 viviendas y reconoci\u00f3 que&nbsp;\u201cdeben mejorar los sueldos\u201d&nbsp;y que&nbsp;\u201cla inflaci\u00f3n es un problema que tenemos que combatir y resolver\u201d, aunque resalt\u00f3 que lo<a class=\"read-more\" href=\"https:\/\/elfederalmendoza.com.ar\/index.php\/2023\/05\/04\/alberto-fernandez-como-si-fuera-un-vecino-mas-deben-mejorar-los-sueldos-y-hay-que-resolver-la-inflacion\/\"> [&hellip;]<\/a><\/p>\n","protected":false},"author":2,"featured_media":19702,"comment_status":"open","ping_status":"open","sticky":false,"template":"","format":"standard","meta":{"footnotes":""},"categories":[5618],"tags":[],"class_list":["post-22479","post","type-post","status-publish","format-standard","has-post-thumbnail","hentry","category-arg"],"rttpg_featured_image_url":{"full":["https:\/\/elfederalmendoza.com.ar\/wp-content\/uploads\/2023\/01\/tras-el-desplante-de-la-seleccion-alberto-fernandez-aseguro-que-no-esta-ofendido-con-los-jugadores-1477845.jpg",950,534,false],"landscape":["https:\/\/elfederalmendoza.com.ar\/wp-content\/uploads\/2023\/01\/tras-el-desplante-de-la-seleccion-alberto-fernandez-aseguro-que-no-esta-ofendido-con-los-jugadores-1477845.jpg",950,534,false],"portraits":["https:\/\/elfederalmendoza.com.ar\/wp-content\/uploads\/2023\/01\/tras-el-desplante-de-la-seleccion-alberto-fernandez-aseguro-que-no-esta-ofendido-con-los-jugadores-1477845.jpg",950,534,false],"thumbnail":["https:\/\/elfederalmendoza.com.ar\/wp-content\/uploads\/2023\/01\/tras-el-desplante-de-la-seleccion-alberto-fernandez-aseguro-que-no-esta-ofendido-con-los-jugadores-1477845-150x150.jpg",150,150,true],"medium":["https:\/\/elfederalmendoza.com.ar\/wp-content\/uploads\/2023\/01\/tras-el-desplante-de-la-seleccion-alberto-fernandez-aseguro-que-no-esta-ofendido-con-los-jugadores-1477845-300x169.jpg",300,169,true],"large":["https:\/\/elfederalmendoza.com.ar\/wp-content\/uploads\/2023\/01\/tras-el-desplante-de-la-seleccion-alberto-fernandez-aseguro-que-no-esta-ofendido-con-los-jugadores-1477845.jpg",640,360,false],"1536x1536":["https:\/\/elfederalmendoza.com.ar\/wp-content\/uploads\/2023\/01\/tras-el-desplante-de-la-seleccion-alberto-fernandez-aseguro-que-no-esta-ofendido-con-los-jugadores-1477845.jpg",950,534,false],"2048x2048":["https:\/\/elfederalmendoza.com.ar\/wp-content\/uploads\/2023\/01\/tras-el-desplante-de-la-seleccion-alberto-fernandez-aseguro-que-no-esta-ofendido-con-los-jugadores-1477845.jpg",950,534,false],"ultp_layout_landscape_large":["https:\/\/elfederalmendoza.com.ar\/wp-content\/uploads\/2023\/01\/tras-el-desplante-de-la-seleccion-alberto-fernandez-aseguro-que-no-esta-ofendido-con-los-jugadores-1477845.jpg",950,534,false],"ultp_layout_landscape":["https:\/\/elfederalmendoza.com.ar\/wp-content\/uploads\/2023\/01\/tras-el-desplante-de-la-seleccion-alberto-fernandez-aseguro-que-no-esta-ofendido-con-los-jugadores-1477845-870x534.jpg",870,534,true],"ultp_layout_portrait":["https:\/\/elfederalmendoza.com.ar\/wp-content\/uploads\/2023\/01\/tras-el-desplante-de-la-seleccion-alberto-fernandez-aseguro-que-no-esta-ofendido-con-los-jugadores-1477845-600x534.jpg",600,534,true],"ultp_layout_square":["https:\/\/elfederalmendoza.com.ar\/wp-content\/uploads\/2023\/01\/tras-el-desplante-de-la-seleccion-alberto-fernandez-aseguro-que-no-esta-ofendido-con-los-jugadores-1477845-600x534.jpg",600,534,true],"rpwe-thumbnail":["https:\/\/elfederalmendoza.com.ar\/wp-content\/uploads\/2023\/01\/tras-el-desplante-de-la-seleccion-alberto-fernandez-aseguro-que-no-esta-ofendido-con-los-jugadores-1477845-45x45.jpg",45,45,true],"advps-thumb-one":["https:\/\/elfederalmendoza.com.ar\/wp-content\/uploads\/2023\/01\/tras-el-desplante-de-la-seleccion-alberto-fernandez-aseguro-que-no-esta-ofendido-con-los-jugadores-1477845-950x420.jpg",950,420,true]},"rttpg_author":{"display_name":"Redacci\u00f3n El Federal","author_link":"https:\/\/elfederalmendoza.com.ar\/index.php\/author\/angelflores\/"},"rttpg_comment":0,"rttpg_category":"<a href=\"https:\/\/elfederalmendoza.com.ar\/index.php\/category\/arg\/\" rel=\"category tag\">Argentina<\/a>","rttpg_excerpt":"El presidente Alberto Fern\u00e1ndez viaj\u00f3 directamente en el avi\u00f3n que lo hab\u00eda llevado ayer a Brasilia para entrevistarse con su par Lula Da Silva a la provincia de Catamarca, donde esta tarde entreg\u00f3 viviendas y reconoci\u00f3 que&nbsp;\u201cdeben mejorar los sueldos\u201d&nbsp;y que&nbsp;\u201cla inflaci\u00f3n es un problema que tenemos que combatir y resolver\u201d, aunque resalt\u00f3 que lo&hellip;","_links":{"self":[{"href":"https:\/\/elfederalmendoza.com.ar\/index.php\/wp-json\/wp\/v2\/posts\/22479","targetHints":{"allow":["GET"]}}],"collection":[{"href":"https:\/\/elfederalmendoza.com.ar\/index.php\/wp-json\/wp\/v2\/posts"}],"about":[{"href":"https:\/\/elfederalmendoza.com.ar\/index.php\/wp-json\/wp\/v2\/types\/post"}],"author":[{"embeddable":true,"href":"https:\/\/elfederalmendoza.com.ar\/index.php\/wp-json\/wp\/v2\/users\/2"}],"replies":[{"embeddable":true,"href":"https:\/\/elfederalmendoza.com.ar\/index.php\/wp-json\/wp\/v2\/comments?post=22479"}],"version-history":[{"count":1,"href":"https:\/\/elfederalmendoza.com.ar\/index.php\/wp-json\/wp\/v2\/posts\/22479\/revisions"}],"predecessor-version":[{"id":22480,"href":"https:\/\/elfederalmendoza.com.ar\/index.php\/wp-json\/wp\/v2\/posts\/22479\/revisions\/22480"}],"wp:featuredmedia":[{"embeddable":true,"href":"https:\/\/elfederalmendoza.com.ar\/index.php\/wp-json\/wp\/v2\/media\/19702"}],"wp:attachment":[{"href":"https:\/\/elfederalmendoza.com.ar\/index.php\/wp-json\/wp\/v2\/media?parent=22479"}],"wp:term":[{"taxonomy":"category","embeddable":true,"href":"https:\/\/elfederalmendoza.com.ar\/index.php\/wp-json\/wp\/v2\/categories?post=22479"},{"taxonomy":"post_tag","embeddable":true,"href":"https:\/\/elfederalmendoza.com.ar\/index.php\/wp-json\/wp\/v2\/tags?post=22479"}],"curies":[{"name":"wp","href":"https:\/\/api.w.org\/{rel}","templated":true}]}}