{"id":22481,"date":"2023-05-04T11:52:05","date_gmt":"2023-05-04T14:52:05","guid":{"rendered":"https:\/\/elfederalmendoza.com\/?p=22481"},"modified":"2023-05-04T11:52:30","modified_gmt":"2023-05-04T14:52:30","slug":"detuvieron-en-buenos-aires-a-la-pareja-de-una-mujer-que-desaparecio-hace-mas-de-un-mes-en-mendoza","status":"publish","type":"post","link":"https:\/\/elfederalmendoza.com.ar\/index.php\/2023\/05\/04\/detuvieron-en-buenos-aires-a-la-pareja-de-una-mujer-que-desaparecio-hace-mas-de-un-mes-en-mendoza\/","title":{"rendered":"Detuvieron en Buenos Aires a la pareja de una mujer que desapareci\u00f3 hace m\u00e1s de un mes en Mendoza"},"content":{"rendered":"\n<p><strong>Carlos Miguel D\u00edaz<\/strong>&nbsp;fue detenido la noche del mi\u00e9rcoles en el partido de San Mart\u00edn, Buenos Aires, por la desaparici\u00f3n de su pareja,&nbsp;<strong>Ivana Romina Molina<\/strong>, quien es intensamente buscada desde hace m\u00e1s de un mes en Ciudad.<\/p>\n\n\n\n<p>El hombre, de 64 a\u00f1os,\u00a0<mark>hab\u00eda quedado con pedido de captura debido a las contradicciones que present\u00f3 el relato que ofreci\u00f3 en su declaraci\u00f3n en el expediente por el paradero de su c\u00f3nyuge<\/mark>.<\/p>\n\n\n\n<p>La fiscal de Homicidios<strong>\u00a0Claudia R\u00edos<\/strong>\u00a0activ\u00f3 semanas atr\u00e1s el protocolo de\u00a0<strong>femicidio<\/strong>, ya que la principal hip\u00f3tesis sostiene que la mujer fue v\u00edctima de un violento ataque contra su vida.<\/p>\n\n\n<div class=\"wp-block-image\">\n<figure class=\"aligncenter size-full\"><img loading=\"lazy\" decoding=\"async\" width=\"800\" height=\"600\" src=\"https:\/\/elfederalmendoza.com\/wp-content\/uploads\/2023\/05\/image-2.png\" alt=\"\" class=\"wp-image-22485\" srcset=\"https:\/\/elfederalmendoza.com.ar\/wp-content\/uploads\/2023\/05\/image-2.png 800w, https:\/\/elfederalmendoza.com.ar\/wp-content\/uploads\/2023\/05\/image-2-300x225.png 300w, https:\/\/elfederalmendoza.com.ar\/wp-content\/uploads\/2023\/05\/image-2-768x576.png 768w\" sizes=\"auto, (max-width: 800px) 100vw, 800px\" \/><\/figure><\/div>\n\n\n<p>Por ese motivo, se realiz\u00f3 una exhaustiva b\u00fasqueda del principal sospechoso y en los \u00faltimos d\u00edas los\u00a0<mark>pesquisas de la\u00a0<strong>Divisi\u00f3n Homicidios<\/strong>, dependiente de Investigaciones, llegaron al dato de que D\u00edaz pod\u00eda estar ocult\u00e1ndose en una localidad del conurbano<\/mark>.<\/p>\n\n\n\n<p>Luego de un trabajo en conjunto con sus pares de la\u00a0<strong>Superintendencia de Investigaciones Federal<\/strong>\u00a0de la\u00a0<strong>Polic\u00eda Federal Argentina<\/strong>\u00a0(<strong>PFA<\/strong>) se efectiviz\u00f3 la captura del acusado en terreno bonaerense.<\/p>\n\n\n\n<p>Fuentes judiciales sostuvieron que desde hace d\u00edas una comisi\u00f3n de polic\u00edas de Homicidios viaj\u00f3 hasta Buenos Aires y, ahora, deber\u00e1 trasladar a D\u00edaz en las pr\u00f3ximas horas.<\/p>\n\n\n\n<p>Una vez que llegue a Mendoza,&nbsp;<mark>quedar\u00e1 a disposici\u00f3n de la fiscal R\u00edos, quien definir\u00e1 si lo imputar\u00e1 por el femicidio de Ivana Molina<\/mark>.<\/p>\n\n\n\n<h2 class=\"wp-block-heading\" id=\"h-el-caso\">El caso<\/h2>\n\n\n\n<p>Molina desapareci\u00f3 el s\u00e1bado 1 de abril, cuando sali\u00f3 junto a su pareja del domicilio que ambos compart\u00edan en el&nbsp;<strong>barrio Las Rosas<\/strong>, ubicado junto al San Mart\u00edn, en el l\u00edmite entre el oeste de Ciudad y Las Heras.<\/p>\n\n\n\n<p>Ese d\u00eda, ambos se dirigieron hasta la zona de los barrios Flores y Olivares, donde testigos la vieron por \u00faltima vez. Asimismo, por aquellas horas la mujer registr\u00f3 su \u00faltima conexi\u00f3n de WhatsApp.<\/p>\n\n\n\n<p>Al cabo de algunos d\u00edas, una sobrina de la mujer,&nbsp;<mark>advirti\u00f3 su ausencia y se comenz\u00f3 a preocupar. La chica trat\u00f3 de contactar a su familiar y no lo logr\u00f3. Tampoco la encontr\u00f3 en su casa y nadie sab\u00eda nada sobre ella<\/mark>.<\/p>\n\n\n\n<p>Fue por eso, que, junto a otros parientes de Molina, se dirigieron el lunes 10 de ese mes para radicar la denuncia por el paradero de la mujer en la&nbsp;<strong>Oficina Fiscal N\u00ba 2<\/strong>.<\/p>\n\n\n\n<p>A pocos d\u00edas del inicio de la investigaci\u00f3n, D\u00edaz qued\u00f3 en el centro de las sospechas, ya que despu\u00e9s de declarar en el expediente, escap\u00f3 de la provincia.<\/p>\n\n\n\n<p>En tanto,\u00a0<mark>se realizaron rastrillajes con canes especializados en la localizaci\u00f3n de rastros humanos, pero no hubo ning\u00fan indicio que permitiera encontrar a la mujer<\/mark>.<\/p>\n\n\n\n<p><em>Fuente: El Sol<\/em><\/p>\n","protected":false},"excerpt":{"rendered":"<p>Carlos Miguel D\u00edaz&nbsp;fue detenido la noche del mi\u00e9rcoles en el partido de San Mart\u00edn, Buenos Aires, por la desaparici\u00f3n de su pareja,&nbsp;Ivana Romina Molina, quien es intensamente buscada desde hace m\u00e1s de un mes en Ciudad. El hombre, de 64 a\u00f1os,\u00a0hab\u00eda quedado con pedido de captura debido a las contradicciones que present\u00f3 el relato que<a class=\"read-more\" href=\"https:\/\/elfederalmendoza.com.ar\/index.php\/2023\/05\/04\/detuvieron-en-buenos-aires-a-la-pareja-de-una-mujer-que-desaparecio-hace-mas-de-un-mes-en-mendoza\/\"> [&hellip;]<\/a><\/p>\n","protected":false},"author":2,"featured_media":22482,"comment_status":"open","ping_status":"open","sticky":false,"template":"","format":"standard","meta":{"footnotes":""},"categories":[1],"tags":[],"class_list":["post-22481","post","type-post","status-publish","format-standard","has-post-thumbnail","hentry","category-mza"],"rttpg_featured_image_url":{"full":["https:\/\/elfederalmendoza.com.ar\/wp-content\/uploads\/2023\/05\/2023-05-04-11_34_29-HV6ISDMFHVFXDMDVLCSGBAV5TA.jpg-Imagen-AVIF-992-\u00d7-558-pixeles-\u2014-Mozilla-Firefo.webp",868,553,false],"landscape":["https:\/\/elfederalmendoza.com.ar\/wp-content\/uploads\/2023\/05\/2023-05-04-11_34_29-HV6ISDMFHVFXDMDVLCSGBAV5TA.jpg-Imagen-AVIF-992-\u00d7-558-pixeles-\u2014-Mozilla-Firefo.webp",868,553,false],"portraits":["https:\/\/elfederalmendoza.com.ar\/wp-content\/uploads\/2023\/05\/2023-05-04-11_34_29-HV6ISDMFHVFXDMDVLCSGBAV5TA.jpg-Imagen-AVIF-992-\u00d7-558-pixeles-\u2014-Mozilla-Firefo.webp",868,553,false],"thumbnail":["https:\/\/elfederalmendoza.com.ar\/wp-content\/uploads\/2023\/05\/2023-05-04-11_34_29-HV6ISDMFHVFXDMDVLCSGBAV5TA.jpg-Imagen-AVIF-992-\u00d7-558-pixeles-\u2014-Mozilla-Firefo-150x150.webp",150,150,true],"medium":["https:\/\/elfederalmendoza.com.ar\/wp-content\/uploads\/2023\/05\/2023-05-04-11_34_29-HV6ISDMFHVFXDMDVLCSGBAV5TA.jpg-Imagen-AVIF-992-\u00d7-558-pixeles-\u2014-Mozilla-Firefo-300x191.webp",300,191,true],"large":["https:\/\/elfederalmendoza.com.ar\/wp-content\/uploads\/2023\/05\/2023-05-04-11_34_29-HV6ISDMFHVFXDMDVLCSGBAV5TA.jpg-Imagen-AVIF-992-\u00d7-558-pixeles-\u2014-Mozilla-Firefo.webp",640,408,false],"1536x1536":["https:\/\/elfederalmendoza.com.ar\/wp-content\/uploads\/2023\/05\/2023-05-04-11_34_29-HV6ISDMFHVFXDMDVLCSGBAV5TA.jpg-Imagen-AVIF-992-\u00d7-558-pixeles-\u2014-Mozilla-Firefo.webp",868,553,false],"2048x2048":["https:\/\/elfederalmendoza.com.ar\/wp-content\/uploads\/2023\/05\/2023-05-04-11_34_29-HV6ISDMFHVFXDMDVLCSGBAV5TA.jpg-Imagen-AVIF-992-\u00d7-558-pixeles-\u2014-Mozilla-Firefo.webp",868,553,false],"ultp_layout_landscape_large":["https:\/\/elfederalmendoza.com.ar\/wp-content\/uploads\/2023\/05\/2023-05-04-11_34_29-HV6ISDMFHVFXDMDVLCSGBAV5TA.jpg-Imagen-AVIF-992-\u00d7-558-pixeles-\u2014-Mozilla-Firefo.webp",868,553,false],"ultp_layout_landscape":["https:\/\/elfederalmendoza.com.ar\/wp-content\/uploads\/2023\/05\/2023-05-04-11_34_29-HV6ISDMFHVFXDMDVLCSGBAV5TA.jpg-Imagen-AVIF-992-\u00d7-558-pixeles-\u2014-Mozilla-Firefo.webp",868,553,false],"ultp_layout_portrait":["https:\/\/elfederalmendoza.com.ar\/wp-content\/uploads\/2023\/05\/2023-05-04-11_34_29-HV6ISDMFHVFXDMDVLCSGBAV5TA.jpg-Imagen-AVIF-992-\u00d7-558-pixeles-\u2014-Mozilla-Firefo-600x553.webp",600,553,true],"ultp_layout_square":["https:\/\/elfederalmendoza.com.ar\/wp-content\/uploads\/2023\/05\/2023-05-04-11_34_29-HV6ISDMFHVFXDMDVLCSGBAV5TA.jpg-Imagen-AVIF-992-\u00d7-558-pixeles-\u2014-Mozilla-Firefo-600x553.webp",600,553,true],"rpwe-thumbnail":["https:\/\/elfederalmendoza.com.ar\/wp-content\/uploads\/2023\/05\/2023-05-04-11_34_29-HV6ISDMFHVFXDMDVLCSGBAV5TA.jpg-Imagen-AVIF-992-\u00d7-558-pixeles-\u2014-Mozilla-Firefo-45x45.webp",45,45,true],"advps-thumb-one":["https:\/\/elfederalmendoza.com.ar\/wp-content\/uploads\/2023\/05\/2023-05-04-11_34_29-HV6ISDMFHVFXDMDVLCSGBAV5TA.jpg-Imagen-AVIF-992-\u00d7-558-pixeles-\u2014-Mozilla-Firefo-868x420.webp",868,420,true]},"rttpg_author":{"display_name":"Redacci\u00f3n El Federal","author_link":"https:\/\/elfederalmendoza.com.ar\/index.php\/author\/angelflores\/"},"rttpg_comment":0,"rttpg_category":"<a href=\"https:\/\/elfederalmendoza.com.ar\/index.php\/category\/mza\/\" rel=\"category tag\">Mendoza<\/a>","rttpg_excerpt":"Carlos Miguel D\u00edaz&nbsp;fue detenido la noche del mi\u00e9rcoles en el partido de San Mart\u00edn, Buenos Aires, por la desaparici\u00f3n de su pareja,&nbsp;Ivana Romina Molina, quien es intensamente buscada desde hace m\u00e1s de un mes en Ciudad. El hombre, de 64 a\u00f1os,\u00a0hab\u00eda quedado con pedido de captura debido a las contradicciones que present\u00f3 el relato que&hellip;","_links":{"self":[{"href":"https:\/\/elfederalmendoza.com.ar\/index.php\/wp-json\/wp\/v2\/posts\/22481","targetHints":{"allow":["GET"]}}],"collection":[{"href":"https:\/\/elfederalmendoza.com.ar\/index.php\/wp-json\/wp\/v2\/posts"}],"about":[{"href":"https:\/\/elfederalmendoza.com.ar\/index.php\/wp-json\/wp\/v2\/types\/post"}],"author":[{"embeddable":true,"href":"https:\/\/elfederalmendoza.com.ar\/index.php\/wp-json\/wp\/v2\/users\/2"}],"replies":[{"embeddable":true,"href":"https:\/\/elfederalmendoza.com.ar\/index.php\/wp-json\/wp\/v2\/comments?post=22481"}],"version-history":[{"count":2,"href":"https:\/\/elfederalmendoza.com.ar\/index.php\/wp-json\/wp\/v2\/posts\/22481\/revisions"}],"predecessor-version":[{"id":22486,"href":"https:\/\/elfederalmendoza.com.ar\/index.php\/wp-json\/wp\/v2\/posts\/22481\/revisions\/22486"}],"wp:featuredmedia":[{"embeddable":true,"href":"https:\/\/elfederalmendoza.com.ar\/index.php\/wp-json\/wp\/v2\/media\/22482"}],"wp:attachment":[{"href":"https:\/\/elfederalmendoza.com.ar\/index.php\/wp-json\/wp\/v2\/media?parent=22481"}],"wp:term":[{"taxonomy":"category","embeddable":true,"href":"https:\/\/elfederalmendoza.com.ar\/index.php\/wp-json\/wp\/v2\/categories?post=22481"},{"taxonomy":"post_tag","embeddable":true,"href":"https:\/\/elfederalmendoza.com.ar\/index.php\/wp-json\/wp\/v2\/tags?post=22481"}],"curies":[{"name":"wp","href":"https:\/\/api.w.org\/{rel}","templated":true}]}}