{"id":22487,"date":"2023-05-05T07:11:08","date_gmt":"2023-05-05T10:11:08","guid":{"rendered":"https:\/\/elfederalmendoza.com\/?p=22487"},"modified":"2023-05-05T07:14:05","modified_gmt":"2023-05-05T10:14:05","slug":"relatos-salvajes-la-ira-de-un-hombre-y-una-fuerte-discusion-callejera-por-un-accidente-de-transito","status":"publish","type":"post","link":"https:\/\/elfederalmendoza.com.ar\/index.php\/2023\/05\/05\/relatos-salvajes-la-ira-de-un-hombre-y-una-fuerte-discusion-callejera-por-un-accidente-de-transito\/","title":{"rendered":"Relatos Salvajes: La ira de un hombre y una fuerte discusi\u00f3n callejera en un accidente de tr\u00e1nsito"},"content":{"rendered":"\n<p>Este jueves, en las calles de Bermejo, se vivieron momentos de tensi\u00f3n por una discusi\u00f3n callejera. Fue luego de que una mujer que conduc\u00eda un auto chocara a una moto.<\/p>\n\n\n\n<p>En las calles de&nbsp;<strong>Guaymall\u00e9n<\/strong>, se vivieron momentos de gran tensi\u00f3n con una fuerte discusi\u00f3n callejera. Fue luego de que una mujer chocara con su auto a una moto.<\/p>\n\n\n\n<p>El hecho ocurri\u00f3 hoy aproximadamente a las 7 de la tarde en el <strong>Carril Mathus Hoyos y Ventura Araujo, de Bermejo<\/strong>, en el departamento de Guaymall\u00e9n.<\/p>\n\n\n\n<p>Si bien, por suerte, no hubo ning\u00fan&nbsp;<strong>herido de gravedad<\/strong>, el hombre de la moto se&nbsp;<strong>exasper\u00f3 con la mujer que manejaba el auto que lo choc\u00f3 a \u00e9l y a su acompa\u00f1ante, qui\u00e9n qued\u00f3 tirada en el piso<\/strong>.&nbsp;<\/p>\n\n\n\n<figure class=\"wp-block-image is-resized\"><img loading=\"lazy\" decoding=\"async\" src=\"https:\/\/www.mendozapost.com\/files\/image\/478\/478577\/645451e1a0307_570_1013!.jpg?s=22728a4ff7e60887de858e88bff147e3&amp;d=1683247788\" alt=\"\" width=\"960\" height=\"1706\"\/><figcaption class=\"wp-element-caption\">Una fuerte discusi\u00f3n se vivi\u00f3 hoy en Bermejo.<\/figcaption><\/figure>\n\n\n\n<figure class=\"wp-block-image is-resized\"><img loading=\"lazy\" decoding=\"async\" src=\"https:\/\/www.mendozapost.com\/files\/image\/478\/478575\/645451cc93ba3_570_1013!.jpg?s=4f8011c9b19338ca916adde309b500e8&amp;d=1683247829\" alt=\"\" width=\"958\" height=\"1703\"\/><figcaption class=\"wp-element-caption\">El hombre asiste a la mujer que qued\u00f3 en el piso.<\/figcaption><\/figure>\n\n\n\n<figure class=\"wp-block-image is-resized\"><img loading=\"lazy\" decoding=\"async\" src=\"https:\/\/www.mendozapost.com\/files\/image\/478\/478581\/645452e3395e2_570_591!.jpg?s=711ee53edaffb463960b49012d2fc93d&amp;d=1683247849\" alt=\"\" width=\"955\" height=\"990\"\/><figcaption class=\"wp-element-caption\">No hubo heridos de gravedad.<\/figcaption><\/figure>\n","protected":false},"excerpt":{"rendered":"<p>Este jueves, en las calles de Bermejo, se vivieron momentos de tensi\u00f3n por una discusi\u00f3n callejera. Fue luego de que una mujer que conduc\u00eda un auto chocara a una moto. En las calles de&nbsp;Guaymall\u00e9n, se vivieron momentos de gran tensi\u00f3n con una fuerte discusi\u00f3n callejera. Fue luego de que una mujer chocara con su auto<a class=\"read-more\" href=\"https:\/\/elfederalmendoza.com.ar\/index.php\/2023\/05\/05\/relatos-salvajes-la-ira-de-un-hombre-y-una-fuerte-discusion-callejera-por-un-accidente-de-transito\/\"> [&hellip;]<\/a><\/p>\n","protected":false},"author":2,"featured_media":22488,"comment_status":"open","ping_status":"open","sticky":false,"template":"","format":"standard","meta":{"footnotes":""},"categories":[1],"tags":[],"class_list":["post-22487","post","type-post","status-publish","format-standard","has-post-thumbnail","hentry","category-mza"],"rttpg_featured_image_url":{"full":["https:\/\/elfederalmendoza.com.ar\/wp-content\/uploads\/2023\/05\/relatos-salvajes.jpg",795,638,false],"landscape":["https:\/\/elfederalmendoza.com.ar\/wp-content\/uploads\/2023\/05\/relatos-salvajes.jpg",795,638,false],"portraits":["https:\/\/elfederalmendoza.com.ar\/wp-content\/uploads\/2023\/05\/relatos-salvajes.jpg",795,638,false],"thumbnail":["https:\/\/elfederalmendoza.com.ar\/wp-content\/uploads\/2023\/05\/relatos-salvajes-150x150.jpg",150,150,true],"medium":["https:\/\/elfederalmendoza.com.ar\/wp-content\/uploads\/2023\/05\/relatos-salvajes-300x241.jpg",300,241,true],"large":["https:\/\/elfederalmendoza.com.ar\/wp-content\/uploads\/2023\/05\/relatos-salvajes.jpg",640,514,false],"1536x1536":["https:\/\/elfederalmendoza.com.ar\/wp-content\/uploads\/2023\/05\/relatos-salvajes.jpg",795,638,false],"2048x2048":["https:\/\/elfederalmendoza.com.ar\/wp-content\/uploads\/2023\/05\/relatos-salvajes.jpg",795,638,false],"ultp_layout_landscape_large":["https:\/\/elfederalmendoza.com.ar\/wp-content\/uploads\/2023\/05\/relatos-salvajes.jpg",795,638,false],"ultp_layout_landscape":["https:\/\/elfederalmendoza.com.ar\/wp-content\/uploads\/2023\/05\/relatos-salvajes-795x570.jpg",795,570,true],"ultp_layout_portrait":["https:\/\/elfederalmendoza.com.ar\/wp-content\/uploads\/2023\/05\/relatos-salvajes-600x638.jpg",600,638,true],"ultp_layout_square":["https:\/\/elfederalmendoza.com.ar\/wp-content\/uploads\/2023\/05\/relatos-salvajes-600x600.jpg",600,600,true],"rpwe-thumbnail":["https:\/\/elfederalmendoza.com.ar\/wp-content\/uploads\/2023\/05\/relatos-salvajes-45x45.jpg",45,45,true],"advps-thumb-one":["https:\/\/elfederalmendoza.com.ar\/wp-content\/uploads\/2023\/05\/relatos-salvajes-795x420.jpg",795,420,true]},"rttpg_author":{"display_name":"Redacci\u00f3n El Federal","author_link":"https:\/\/elfederalmendoza.com.ar\/index.php\/author\/angelflores\/"},"rttpg_comment":0,"rttpg_category":"<a href=\"https:\/\/elfederalmendoza.com.ar\/index.php\/category\/mza\/\" rel=\"category tag\">Mendoza<\/a>","rttpg_excerpt":"Este jueves, en las calles de Bermejo, se vivieron momentos de tensi\u00f3n por una discusi\u00f3n callejera. Fue luego de que una mujer que conduc\u00eda un auto chocara a una moto. En las calles de&nbsp;Guaymall\u00e9n, se vivieron momentos de gran tensi\u00f3n con una fuerte discusi\u00f3n callejera. Fue luego de que una mujer chocara con su auto&hellip;","_links":{"self":[{"href":"https:\/\/elfederalmendoza.com.ar\/index.php\/wp-json\/wp\/v2\/posts\/22487","targetHints":{"allow":["GET"]}}],"collection":[{"href":"https:\/\/elfederalmendoza.com.ar\/index.php\/wp-json\/wp\/v2\/posts"}],"about":[{"href":"https:\/\/elfederalmendoza.com.ar\/index.php\/wp-json\/wp\/v2\/types\/post"}],"author":[{"embeddable":true,"href":"https:\/\/elfederalmendoza.com.ar\/index.php\/wp-json\/wp\/v2\/users\/2"}],"replies":[{"embeddable":true,"href":"https:\/\/elfederalmendoza.com.ar\/index.php\/wp-json\/wp\/v2\/comments?post=22487"}],"version-history":[{"count":2,"href":"https:\/\/elfederalmendoza.com.ar\/index.php\/wp-json\/wp\/v2\/posts\/22487\/revisions"}],"predecessor-version":[{"id":22490,"href":"https:\/\/elfederalmendoza.com.ar\/index.php\/wp-json\/wp\/v2\/posts\/22487\/revisions\/22490"}],"wp:featuredmedia":[{"embeddable":true,"href":"https:\/\/elfederalmendoza.com.ar\/index.php\/wp-json\/wp\/v2\/media\/22488"}],"wp:attachment":[{"href":"https:\/\/elfederalmendoza.com.ar\/index.php\/wp-json\/wp\/v2\/media?parent=22487"}],"wp:term":[{"taxonomy":"category","embeddable":true,"href":"https:\/\/elfederalmendoza.com.ar\/index.php\/wp-json\/wp\/v2\/categories?post=22487"},{"taxonomy":"post_tag","embeddable":true,"href":"https:\/\/elfederalmendoza.com.ar\/index.php\/wp-json\/wp\/v2\/tags?post=22487"}],"curies":[{"name":"wp","href":"https:\/\/api.w.org\/{rel}","templated":true}]}}