{"id":22511,"date":"2023-05-05T05:49:00","date_gmt":"2023-05-05T08:49:00","guid":{"rendered":"https:\/\/elfederalmendoza.com\/?p=22511"},"modified":"2023-05-05T17:50:00","modified_gmt":"2023-05-05T20:50:00","slug":"video-el-papa-se-durmio-mientras-leon-gieco-le-cantaba-en-el-vaticano","status":"publish","type":"post","link":"https:\/\/elfederalmendoza.com.ar\/index.php\/2023\/05\/05\/video-el-papa-se-durmio-mientras-leon-gieco-le-cantaba-en-el-vaticano\/","title":{"rendered":"Video: el Papa se durmi\u00f3 mientras Le\u00f3n Gieco le cantaba en el Vaticano"},"content":{"rendered":"\n<p>Este viernes,\u00a0<strong>Le\u00f3n Gieco<\/strong>\u00a0estuvo en el\u00a0<strong>Vaticano<\/strong>\u00a0 y cant\u00f3 all\u00ed un canci\u00f3n muy especial para el pa\u00eds,\u00a0<em>\u00abSolo le pido a Dios\u00bb<\/em>. El evento, considerado hist\u00f3rico por la iglesia cat\u00f3lica, fue en el Palacio Apost\u00f3lico del Vaticano. Sin embargo, el Papa mostr\u00f3 poco entusiasmo y hasta se qued\u00f3 algo dformido.<\/p>\n\n\n\n<p>Todo ocurri\u00f3 en el marco de un congreso del&nbsp;<strong>Instituto de Di\u00e1logo Interreligioso<\/strong>, donde estaba previsto que el creador de Los Orozco cantara ante el p\u00fablico asistente.<\/p>\n\n\n\n<p><em>\u00abHoy viv\u00ed una experiencia diferente y muy especial. Fui propuesto por AMIA para participar en el Congreso \u2018De Jorge a Francisco, de Argentina al Mundo&#8217; que organiza el I.D.I. Instituto de Dialogo Interreligioso en Roma\u00bb<\/em>, cont\u00f3\u00a0<strong>Gieco<\/strong>\u00a0en sus redes.<\/p>\n\n\n\n<figure class=\"wp-block-image is-resized\"><img loading=\"lazy\" decoding=\"async\" src=\"https:\/\/www.mendozapost.com\/files\/image\/478\/478721\/64555ba06fc36_570_322!.jpg?s=97dc8e2610ccae7b2737032ff73c8a05&amp;d=1683315620\" alt=\"\" width=\"959\" height=\"542\"\/><\/figure>\n\n\n\n<p>Francisco emocionado con la canci\u00f3n de Gieco.<\/p>\n\n\n\n<p>Asimismo, el compositor argentino agreg\u00f3 tambi\u00e9n:\u00a0<em>\u00abLa propuesta de AMIA ten\u00eda como fin poder contar desde una expresi\u00f3n art\u00edstica -en este caso la m\u00fasica- todo el trabajo que viene realizando el IDI desde su formaci\u00f3n. En ese marco, tuve la oportunidad de participar de una gran jornada y cantar \u2018Solo le pido a Dios&#8217; ante toda la comitiva reunida junto al Papa Francisco\u00bb.<\/em><\/p>\n\n\n\n<blockquote class=\"twitter-tweet\"><p lang=\"es\" dir=\"ltr\">\ud83c\udfb5 &quot;SOLO LE PIDO A DIOS&quot;<br><br>Le\u00f3n Gieco (<a href=\"https:\/\/twitter.com\/GiecoLeon?ref_src=twsrc%5Etfw\">@GiecoLeon<\/a>) cant\u00f3 &quot;Solo le pido a Dios&quot; frente al Papa Francisco (<a href=\"https:\/\/twitter.com\/Pontifex_es?ref_src=twsrc%5Etfw\">@Pontifex_es<\/a>) en el Vaticano. \ud83c\udde6\ud83c\uddf7\u2764\ufe0f <a href=\"https:\/\/t.co\/UbCwmsJJmW\">pic.twitter.com\/UbCwmsJJmW<\/a><\/p>&mdash; Data Diario (@DataDiario) <a href=\"https:\/\/twitter.com\/DataDiario\/status\/1654567249082982405?ref_src=twsrc%5Etfw\">May 5, 2023<\/a><\/blockquote> <script async src=\"https:\/\/platform.twitter.com\/widgets.js\" charset=\"utf-8\"><\/script>\n","protected":false},"excerpt":{"rendered":"<p>Este viernes,\u00a0Le\u00f3n Gieco\u00a0estuvo en el\u00a0Vaticano\u00a0 y cant\u00f3 all\u00ed un canci\u00f3n muy especial para el pa\u00eds,\u00a0\u00abSolo le pido a Dios\u00bb. El evento, considerado hist\u00f3rico por la iglesia cat\u00f3lica, fue en el Palacio Apost\u00f3lico del Vaticano. Sin embargo, el Papa mostr\u00f3 poco entusiasmo y hasta se qued\u00f3 algo dformido. Todo ocurri\u00f3 en el marco de un congreso<a class=\"read-more\" href=\"https:\/\/elfederalmendoza.com.ar\/index.php\/2023\/05\/05\/video-el-papa-se-durmio-mientras-leon-gieco-le-cantaba-en-el-vaticano\/\"> [&hellip;]<\/a><\/p>\n","protected":false},"author":2,"featured_media":22512,"comment_status":"open","ping_status":"open","sticky":false,"template":"","format":"standard","meta":{"footnotes":""},"categories":[5619],"tags":[],"class_list":["post-22511","post","type-post","status-publish","format-standard","has-post-thumbnail","hentry","category-mundo"],"rttpg_featured_image_url":{"full":["https:\/\/elfederalmendoza.com.ar\/wp-content\/uploads\/2023\/05\/se-durmio1.jpg",657,461,false],"landscape":["https:\/\/elfederalmendoza.com.ar\/wp-content\/uploads\/2023\/05\/se-durmio1.jpg",657,461,false],"portraits":["https:\/\/elfederalmendoza.com.ar\/wp-content\/uploads\/2023\/05\/se-durmio1.jpg",657,461,false],"thumbnail":["https:\/\/elfederalmendoza.com.ar\/wp-content\/uploads\/2023\/05\/se-durmio1-150x150.jpg",150,150,true],"medium":["https:\/\/elfederalmendoza.com.ar\/wp-content\/uploads\/2023\/05\/se-durmio1-300x211.jpg",300,211,true],"large":["https:\/\/elfederalmendoza.com.ar\/wp-content\/uploads\/2023\/05\/se-durmio1.jpg",640,449,false],"1536x1536":["https:\/\/elfederalmendoza.com.ar\/wp-content\/uploads\/2023\/05\/se-durmio1.jpg",657,461,false],"2048x2048":["https:\/\/elfederalmendoza.com.ar\/wp-content\/uploads\/2023\/05\/se-durmio1.jpg",657,461,false],"ultp_layout_landscape_large":["https:\/\/elfederalmendoza.com.ar\/wp-content\/uploads\/2023\/05\/se-durmio1.jpg",657,461,false],"ultp_layout_landscape":["https:\/\/elfederalmendoza.com.ar\/wp-content\/uploads\/2023\/05\/se-durmio1.jpg",657,461,false],"ultp_layout_portrait":["https:\/\/elfederalmendoza.com.ar\/wp-content\/uploads\/2023\/05\/se-durmio1-600x461.jpg",600,461,true],"ultp_layout_square":["https:\/\/elfederalmendoza.com.ar\/wp-content\/uploads\/2023\/05\/se-durmio1-600x461.jpg",600,461,true],"rpwe-thumbnail":["https:\/\/elfederalmendoza.com.ar\/wp-content\/uploads\/2023\/05\/se-durmio1-45x45.jpg",45,45,true],"advps-thumb-one":["https:\/\/elfederalmendoza.com.ar\/wp-content\/uploads\/2023\/05\/se-durmio1-657x420.jpg",657,420,true]},"rttpg_author":{"display_name":"Redacci\u00f3n El Federal","author_link":"https:\/\/elfederalmendoza.com.ar\/index.php\/author\/angelflores\/"},"rttpg_comment":0,"rttpg_category":"<a href=\"https:\/\/elfederalmendoza.com.ar\/index.php\/category\/mundo\/\" rel=\"category tag\">El Mundo<\/a>","rttpg_excerpt":"Este viernes,\u00a0Le\u00f3n Gieco\u00a0estuvo en el\u00a0Vaticano\u00a0 y cant\u00f3 all\u00ed un canci\u00f3n muy especial para el pa\u00eds,\u00a0\u00abSolo le pido a Dios\u00bb. El evento, considerado hist\u00f3rico por la iglesia cat\u00f3lica, fue en el Palacio Apost\u00f3lico del Vaticano. Sin embargo, el Papa mostr\u00f3 poco entusiasmo y hasta se qued\u00f3 algo dformido. Todo ocurri\u00f3 en el marco de un congreso&hellip;","_links":{"self":[{"href":"https:\/\/elfederalmendoza.com.ar\/index.php\/wp-json\/wp\/v2\/posts\/22511","targetHints":{"allow":["GET"]}}],"collection":[{"href":"https:\/\/elfederalmendoza.com.ar\/index.php\/wp-json\/wp\/v2\/posts"}],"about":[{"href":"https:\/\/elfederalmendoza.com.ar\/index.php\/wp-json\/wp\/v2\/types\/post"}],"author":[{"embeddable":true,"href":"https:\/\/elfederalmendoza.com.ar\/index.php\/wp-json\/wp\/v2\/users\/2"}],"replies":[{"embeddable":true,"href":"https:\/\/elfederalmendoza.com.ar\/index.php\/wp-json\/wp\/v2\/comments?post=22511"}],"version-history":[{"count":1,"href":"https:\/\/elfederalmendoza.com.ar\/index.php\/wp-json\/wp\/v2\/posts\/22511\/revisions"}],"predecessor-version":[{"id":22513,"href":"https:\/\/elfederalmendoza.com.ar\/index.php\/wp-json\/wp\/v2\/posts\/22511\/revisions\/22513"}],"wp:featuredmedia":[{"embeddable":true,"href":"https:\/\/elfederalmendoza.com.ar\/index.php\/wp-json\/wp\/v2\/media\/22512"}],"wp:attachment":[{"href":"https:\/\/elfederalmendoza.com.ar\/index.php\/wp-json\/wp\/v2\/media?parent=22511"}],"wp:term":[{"taxonomy":"category","embeddable":true,"href":"https:\/\/elfederalmendoza.com.ar\/index.php\/wp-json\/wp\/v2\/categories?post=22511"},{"taxonomy":"post_tag","embeddable":true,"href":"https:\/\/elfederalmendoza.com.ar\/index.php\/wp-json\/wp\/v2\/tags?post=22511"}],"curies":[{"name":"wp","href":"https:\/\/api.w.org\/{rel}","templated":true}]}}