{"id":22521,"date":"2023-05-06T08:49:11","date_gmt":"2023-05-06T11:49:11","guid":{"rendered":"https:\/\/elfederalmendoza.com\/?p=22521"},"modified":"2023-05-06T08:49:13","modified_gmt":"2023-05-06T11:49:13","slug":"regimiento-de-gualeguaychu-un-mayor-del-ejercito-y-un-suboficial-cumpliran-preventiva-en-la-carcel-por-abusar-a-mujeres-soldados","status":"publish","type":"post","link":"https:\/\/elfederalmendoza.com.ar\/index.php\/2023\/05\/06\/regimiento-de-gualeguaychu-un-mayor-del-ejercito-y-un-suboficial-cumpliran-preventiva-en-la-carcel-por-abusar-a-mujeres-soldados\/","title":{"rendered":"Regimiento de Gualeguaych\u00fa: Un mayor del ej\u00e9rcito y un suboficial cumplir\u00e1n preventiva en la c\u00e1rcel por abusar a mujeres soldados"},"content":{"rendered":"\n<p><strong>El juez federal de Gualeguaych\u00fa, Hern\u00e1n Viri, proces\u00f3 hoy con prisi\u00f3n preventiva al mayor del Ej\u00e9rcito Facundo Candiotti y el suboficial V\u00edctor Mercado por la trama de abusos sexuales<\/strong>\u00a0ocurridas en el Regimiento Dragones de aquella ciudad a ra\u00edz de la denuncia de varios soldados mujeres.<\/p>\n\n\n\n<p>Mercado fue procesado con preventiva por ser autor \u201cpenalmente responsable del\u00a0<strong>delito de abuso sexual gravemente ultrajante e<\/strong>n concurso real con el delito de lesiones psicol\u00f3gicas agravadas en calidad de autor por haber sido con violencia de g\u00e9nero\u00bb.<\/p>\n\n\n\n<p>En tanto que Candiotti por considerarlo prima facie\u00a0<strong>\u00abautor penalmente responsable del delito de encubrimiento<\/strong>\u00a0por ayudar al imputado Mercado a eludir la investigaci\u00f3n de Justicia, por haber hecho desaparecer y alterar prueba y por no denunciar la comisi\u00f3n de un delito, agravado por ser el hecho precedente un delito especialmente grave y por su condici\u00f3n de funcionario p\u00fablico\u201d.<\/p>\n\n\n\n<figure class=\"wp-block-image size-full is-resized\"><img loading=\"lazy\" decoding=\"async\" src=\"https:\/\/elfederalmendoza.com\/wp-content\/uploads\/2023\/05\/gualegaychu1.jpg\" alt=\"\" class=\"wp-image-22523\" width=\"958\" height=\"535\" srcset=\"https:\/\/elfederalmendoza.com.ar\/wp-content\/uploads\/2023\/05\/gualegaychu1.jpg 691w, https:\/\/elfederalmendoza.com.ar\/wp-content\/uploads\/2023\/05\/gualegaychu1-300x168.jpg 300w\" sizes=\"auto, (max-width: 958px) 100vw, 958px\" \/><\/figure>\n\n\n\n<p>Ambos procesamientos&nbsp;<strong>hab\u00edan sido solicitados por el fiscal del caso, Pedro Rebollo, quien investig\u00f3 junto con el fiscal la denuncia que las soldados comenzaron a realizar en 2021<\/strong>&nbsp;y que ya tienen tres casos acreditados, aunque se sospecha que van a sumarse otros casos m\u00e1s de mujeres por presuntos abusos en ese Regimiento Militar.<\/p>\n\n\n\n<p>Candiotti fue detenido ejerciendo la jefatura del lugar en tanto que Mercado en las instalaciones de Campo de Mayo a donde hab\u00eda sido transferido tras las primeras denuncias. En el marco de las investigaciones, hay un tercer militar que est\u00e1 procesado y la acusaci\u00f3n confirmada por la C\u00e1mara Federal de Paran\u00e1 tambi\u00e9n por abuso.<\/p>\n\n\n\n<p><strong>Los hechos denunciados por las v\u00edctimas datan de 2016 seg\u00fan una de las v\u00edctimas que denunci\u00f3 directamente a Mercado<\/strong>&nbsp;de quien dijo que le hac\u00eda comentarios inapropiados y hasta quiso besarla a la fuerza. Las otras v\u00edctimas tambi\u00e9n se\u00f1alaron situaciones de abuso sexual que implicaban a otras personas bajo investigaci\u00f3n.<\/p>\n\n\n\n<p><strong>El juez dio por probado que incluso utilizando las c\u00e1maras de seguridad del Regimiento le hac\u00edan un seguimiento a las v\u00edctimas para conocer todos sus movimientos<\/strong>&nbsp;y cuando en el caso de una de ellas iba a la zona de piletas, utilizaban los dispositivos para observar detalladamente sus partes \u00edntimas aprovechando que ella estaba en bikini.<\/p>\n\n\n\n<p><strong>Las tres mujeres acudieron a la Justicia Federal luego que no recibieran respuesta de la instituci\u00f3n militar p<\/strong>ues ellas hab\u00edan iniciado denuncias internas que nunca prosperaban. Por ello, es que recayeron las sospechas sobre Candiotti de encubrimiento.<\/p>\n\n\n\n<p>Adem\u00e1s<strong>, tambi\u00e9n se comprob\u00f3 que algunos testigos que se presentaban a declarar sufr\u00edan de amenazas sobre lo que iban a decir ante la Justicia una vez iniciada la causa y sufr\u00edan reprimendas<\/strong>, y en algunos casos se detect\u00f3 que se quiso destruir la prueba solicitada por el juez puertas adentro del Regimiento.<\/p>\n","protected":false},"excerpt":{"rendered":"<p>El juez federal de Gualeguaych\u00fa, Hern\u00e1n Viri, proces\u00f3 hoy con prisi\u00f3n preventiva al mayor del Ej\u00e9rcito Facundo Candiotti y el suboficial V\u00edctor Mercado por la trama de abusos sexuales\u00a0ocurridas en el Regimiento Dragones de aquella ciudad a ra\u00edz de la denuncia de varios soldados mujeres. Mercado fue procesado con preventiva por ser autor \u201cpenalmente responsable<a class=\"read-more\" href=\"https:\/\/elfederalmendoza.com.ar\/index.php\/2023\/05\/06\/regimiento-de-gualeguaychu-un-mayor-del-ejercito-y-un-suboficial-cumpliran-preventiva-en-la-carcel-por-abusar-a-mujeres-soldados\/\"> [&hellip;]<\/a><\/p>\n","protected":false},"author":2,"featured_media":22522,"comment_status":"open","ping_status":"open","sticky":false,"template":"","format":"standard","meta":{"footnotes":""},"categories":[5618],"tags":[],"class_list":["post-22521","post","type-post","status-publish","format-standard","has-post-thumbnail","hentry","category-arg"],"rttpg_featured_image_url":{"full":["https:\/\/elfederalmendoza.com.ar\/wp-content\/uploads\/2023\/05\/gualegaychu.jpg",982,543,false],"landscape":["https:\/\/elfederalmendoza.com.ar\/wp-content\/uploads\/2023\/05\/gualegaychu.jpg",982,543,false],"portraits":["https:\/\/elfederalmendoza.com.ar\/wp-content\/uploads\/2023\/05\/gualegaychu.jpg",982,543,false],"thumbnail":["https:\/\/elfederalmendoza.com.ar\/wp-content\/uploads\/2023\/05\/gualegaychu-150x150.jpg",150,150,true],"medium":["https:\/\/elfederalmendoza.com.ar\/wp-content\/uploads\/2023\/05\/gualegaychu-300x166.jpg",300,166,true],"large":["https:\/\/elfederalmendoza.com.ar\/wp-content\/uploads\/2023\/05\/gualegaychu.jpg",640,354,false],"1536x1536":["https:\/\/elfederalmendoza.com.ar\/wp-content\/uploads\/2023\/05\/gualegaychu.jpg",982,543,false],"2048x2048":["https:\/\/elfederalmendoza.com.ar\/wp-content\/uploads\/2023\/05\/gualegaychu.jpg",982,543,false],"ultp_layout_landscape_large":["https:\/\/elfederalmendoza.com.ar\/wp-content\/uploads\/2023\/05\/gualegaychu.jpg",982,543,false],"ultp_layout_landscape":["https:\/\/elfederalmendoza.com.ar\/wp-content\/uploads\/2023\/05\/gualegaychu-870x543.jpg",870,543,true],"ultp_layout_portrait":["https:\/\/elfederalmendoza.com.ar\/wp-content\/uploads\/2023\/05\/gualegaychu-600x543.jpg",600,543,true],"ultp_layout_square":["https:\/\/elfederalmendoza.com.ar\/wp-content\/uploads\/2023\/05\/gualegaychu-600x543.jpg",600,543,true],"rpwe-thumbnail":["https:\/\/elfederalmendoza.com.ar\/wp-content\/uploads\/2023\/05\/gualegaychu-45x45.jpg",45,45,true],"advps-thumb-one":["https:\/\/elfederalmendoza.com.ar\/wp-content\/uploads\/2023\/05\/gualegaychu-982x420.jpg",982,420,true]},"rttpg_author":{"display_name":"Redacci\u00f3n El Federal","author_link":"https:\/\/elfederalmendoza.com.ar\/index.php\/author\/angelflores\/"},"rttpg_comment":0,"rttpg_category":"<a href=\"https:\/\/elfederalmendoza.com.ar\/index.php\/category\/arg\/\" rel=\"category tag\">Argentina<\/a>","rttpg_excerpt":"El juez federal de Gualeguaych\u00fa, Hern\u00e1n Viri, proces\u00f3 hoy con prisi\u00f3n preventiva al mayor del Ej\u00e9rcito Facundo Candiotti y el suboficial V\u00edctor Mercado por la trama de abusos sexuales\u00a0ocurridas en el Regimiento Dragones de aquella ciudad a ra\u00edz de la denuncia de varios soldados mujeres. Mercado fue procesado con preventiva por ser autor \u201cpenalmente responsable&hellip;","_links":{"self":[{"href":"https:\/\/elfederalmendoza.com.ar\/index.php\/wp-json\/wp\/v2\/posts\/22521","targetHints":{"allow":["GET"]}}],"collection":[{"href":"https:\/\/elfederalmendoza.com.ar\/index.php\/wp-json\/wp\/v2\/posts"}],"about":[{"href":"https:\/\/elfederalmendoza.com.ar\/index.php\/wp-json\/wp\/v2\/types\/post"}],"author":[{"embeddable":true,"href":"https:\/\/elfederalmendoza.com.ar\/index.php\/wp-json\/wp\/v2\/users\/2"}],"replies":[{"embeddable":true,"href":"https:\/\/elfederalmendoza.com.ar\/index.php\/wp-json\/wp\/v2\/comments?post=22521"}],"version-history":[{"count":1,"href":"https:\/\/elfederalmendoza.com.ar\/index.php\/wp-json\/wp\/v2\/posts\/22521\/revisions"}],"predecessor-version":[{"id":22524,"href":"https:\/\/elfederalmendoza.com.ar\/index.php\/wp-json\/wp\/v2\/posts\/22521\/revisions\/22524"}],"wp:featuredmedia":[{"embeddable":true,"href":"https:\/\/elfederalmendoza.com.ar\/index.php\/wp-json\/wp\/v2\/media\/22522"}],"wp:attachment":[{"href":"https:\/\/elfederalmendoza.com.ar\/index.php\/wp-json\/wp\/v2\/media?parent=22521"}],"wp:term":[{"taxonomy":"category","embeddable":true,"href":"https:\/\/elfederalmendoza.com.ar\/index.php\/wp-json\/wp\/v2\/categories?post=22521"},{"taxonomy":"post_tag","embeddable":true,"href":"https:\/\/elfederalmendoza.com.ar\/index.php\/wp-json\/wp\/v2\/tags?post=22521"}],"curies":[{"name":"wp","href":"https:\/\/api.w.org\/{rel}","templated":true}]}}