{"id":22525,"date":"2023-05-06T09:29:16","date_gmt":"2023-05-06T12:29:16","guid":{"rendered":"https:\/\/elfederalmendoza.com\/?p=22525"},"modified":"2023-05-06T09:29:17","modified_gmt":"2023-05-06T12:29:17","slug":"alberto-fernandez-decidio-viajar-a-la-rioja-que-este-domingo-tiene-elecciones","status":"publish","type":"post","link":"https:\/\/elfederalmendoza.com.ar\/index.php\/2023\/05\/06\/alberto-fernandez-decidio-viajar-a-la-rioja-que-este-domingo-tiene-elecciones\/","title":{"rendered":"Alberto Fern\u00e1ndez decidi\u00f3 viajar a La Rioja que este domingo tiene elecciones"},"content":{"rendered":"\n<p>Despu\u00e9s de sopesar la conveniencia pol\u00edtica de mostrarse en&nbsp;<strong>La Rioja<\/strong>&nbsp;tras las elecciones del pr\u00f3ximo domingo, que se perfilan prometedoras para el oficialismo,&nbsp;<strong>Alberto Fern\u00e1ndez&nbsp;<\/strong>decidi\u00f3 finalmente viajar a la provincia del Norte Grande para festejar una eventual victoria, seg\u00fan inform\u00f3 Infobae.<\/p>\n\n\n\n<p>El Presidente estar\u00e1 en la capital riojana al d\u00eda siguiente de los comicios donde el peronismo espera obtener su primer triunfo contra&nbsp;<strong>Juntos por el Cambio,&nbsp;<\/strong>en un a\u00f1o complicado para el Gobierno por la crisis econ\u00f3mica y social, y tiene planeado reunirse con el gobernador,&nbsp;<strong>Ricardo Quintela,<\/strong>&nbsp;que busca la reelecci\u00f3n y<strong>, seg\u00fan las encuestas, es el virtual ganador.<\/strong><\/p>\n\n\n\n<p>El Presidente privilegi\u00f3 las tierras de Quintela por sobre las otras dos provincias donde se disputan los votos este domingo:&nbsp;<strong>Misiones,&nbsp;<\/strong>basti\u00f3n del cacique justicialista&nbsp;<strong>Oscar Herrera Ahuad,<\/strong>&nbsp;donde compite por la gobernaci\u00f3n el ex mandatario local&nbsp;<strong>Hugo Passalacqua<\/strong>; y&nbsp;<strong>Jujuy,&nbsp;<\/strong>donde gobierna el radical&nbsp;<strong>Gerardo Morales<\/strong>, que no puede reelegir, aspira a la presidencia e intentar\u00e1 que lo suceda su ministro de Econom\u00eda, Carlos Sadir. En ambos casos, las chances del PJ aparecen menos auspiciosas que en La Rioja.<\/p>\n\n\n\n<p>El viaje al norte se evaluaba desde la semana pasada, admitieron en la Presidencia, pero no se confirm\u00f3 hasta el jueves, y dos d\u00edas antes la visita a\u00fan se afinan los detalles de la agenda. Hab\u00eda dudas en Gobierno sobre los beneficios y riesgos pol\u00edticos de viajar en un momento donde los actores del FDT, aunque enfrentados, buscan llegar a cierto tipo de acuerdo para las PASO.<\/p>\n\n\n\n<p>Seg\u00fan se inform\u00f3, lo m\u00e1s probable es que Alberto Fern\u00e1ndez aterrice al mediod\u00eda en el aeropuerto local y visite la sede de la gobernaci\u00f3n para almorzar con<strong>&nbsp;Quintela.&nbsp;<\/strong>El jefe de Estado podr\u00eda estar, tambi\u00e9n, en la inauguraci\u00f3n de un Centro de Desarrollo Infantil (CDI), una actividad que Katopodis ten\u00eda programada desde hace tiempo, a la que el primer mandatario se sum\u00f3 sobre la hora. Pero m\u00e1s all\u00e1 de la actividad de gesti\u00f3n, en el Gobierno reconocieron que hay un&nbsp;<strong>\u201cmotivo pol\u00edtico\u201d&nbsp;<\/strong>para viajar.<\/p>\n\n\n\n<p>La del lunes ser\u00e1 la&nbsp;<strong>primera visita de corte netamente electoral<\/strong>&nbsp;a una provincia de parte del Presidente, que hace dos semanas decidi\u00f3 mantenerse distante de&nbsp;<strong>Neuqu\u00e9n y R\u00edo Negro<\/strong>&nbsp;durante el primer turno de elecciones generales en el interior, donde el oficialismo ten\u00eda&nbsp;<strong>poco para festejar.<\/strong><\/p>\n\n\n\n<p><img loading=\"lazy\" decoding=\"async\" alt=\"Alberto Fern\u00e1ndez se mostrar\u00e1 en La Rioja junto a Gabriel Katopodis, uno de los referentes afines que tambi\u00e9n dialoga con el ala dura e insiste para que haya una reuni\u00f3n entre el Presidente y Cristina Kirchner\" height=\"1366\" width=\"2048\" class=\"\" src=\"https:\/\/cloudfront-us-east-1.images.arcpublishing.com\/infobae\/NMDLGCYXXRAKZKPDBHHQQXE32Q.jfif\" srcset=\"https:\/\/www.infobae.com\/new-resizer\/Ys1qp2RdWTG86TFor01JED_cOQc=\/420x280\/filters:format(webp):quality(85)\/cloudfront-us-east-1.images.arcpublishing.com\/infobae\/NMDLGCYXXRAKZKPDBHHQQXE32Q.jfif 420w,https:\/\/www.infobae.com\/new-resizer\/qWqulzNRvW1gpQyhSKKGrhd0rc4=\/768x512\/filters:format(webp):quality(85)\/cloudfront-us-east-1.images.arcpublishing.com\/infobae\/NMDLGCYXXRAKZKPDBHHQQXE32Q.jfif 768w,https:\/\/www.infobae.com\/new-resizer\/7wFPJNe6h6aVNfp1OdgZjcJTHSM=\/992x661\/filters:format(webp):quality(85)\/cloudfront-us-east-1.images.arcpublishing.com\/infobae\/NMDLGCYXXRAKZKPDBHHQQXE32Q.jfif 992w,https:\/\/www.infobae.com\/new-resizer\/SM-ZZJr9-Ce1poZfJ36lGKjVNLI=\/1200x800\/filters:format(webp):quality(85)\/cloudfront-us-east-1.images.arcpublishing.com\/infobae\/NMDLGCYXXRAKZKPDBHHQQXE32Q.jfif 1200w,https:\/\/www.infobae.com\/new-resizer\/abDZyTP5EgtMTg-_EAnZI6JL8tg=\/1440x960\/filters:format(webp):quality(85)\/cloudfront-us-east-1.images.arcpublishing.com\/infobae\/NMDLGCYXXRAKZKPDBHHQQXE32Q.jfif 1440w\">Alberto Fern\u00e1ndez se mostrar\u00e1 en La Rioja junto a Gabriel Katopodis, uno de los referentes afines que tambi\u00e9n dialoga con el ala dura e insiste para que haya una reuni\u00f3n entre el Presidente y Cristina Kirchner<\/p>\n\n\n\n<p>\u201cEl Presidente tiene una excelente relaci\u00f3n con Quintela. No es la situaci\u00f3n de R\u00edo Negro ni de Neuqu\u00e9n, donde gobiernan otros partidos o no hab\u00eda mucha relaci\u00f3n\u201d, argument\u00f3 un alfil presidencial en referencia, respectivamente, al&nbsp;<strong>Movimiento Popular Neuquino&nbsp;<\/strong>(MPN), que termin\u00f3 derrotado despu\u00e9s de 60 a\u00f1os, bajo el mando del gobernador<strong>&nbsp;Omar Guti\u00e9rrez;<\/strong>&nbsp;y al senador peronista de Juntos Somos R\u00edo Negro,&nbsp;<strong>Alberto Weretilnek,&nbsp;<\/strong>que gan\u00f3 por amplio margen pero no est\u00e1 alineado con el gobierno nacional. En cambio, el PJ riojano, excepto algunos vaivenes, fue uno de los pocos que se mantuvieron en sinton\u00eda con el gobierno nacional, bajo el mando de Quintela.<\/p>\n\n\n\n<p>M\u00e1s all\u00e1 de las relaciones pol\u00edticas y personales, en la decisi\u00f3n del Presidente de visitar La Rioja influye el hecho de que la victoria del gobernador el PJ aparezca pr\u00e1cticamente asegurada contra el macrista&nbsp;<strong>Felipe \u00c1lvarez&nbsp;<\/strong>y el candidato que responde a&nbsp;<strong>Javier Milei,<\/strong>&nbsp;Mart\u00edn Menem, que se disputan el segundo puesto.<\/p>\n\n\n\n<p>El Presidente, entre reuniones, fotos y un eventual discurso, tendr\u00e1 la oportunidad de&nbsp;<strong>capitalizar el triunfo al \u201cponer en valor la gesti\u00f3n\u201d, como dijeron en la Naci\u00f3n.&nbsp;<\/strong>Estoa pesar de que el gobernador decidi\u00f3, como la mayor\u00eda de sus pares justicialistas,&nbsp;<strong>desdoblar la fecha&nbsp;<\/strong>de los comicios provinciales para evitar que la imagen alica\u00edda de los l\u00edderes nacionales complicara sus planes.&nbsp;<strong>\u201cParte del triunfo de Quintela tiene que ver con la obra de la Naci\u00f3n en temas de vivienda, ciencia, tecnolog\u00eda, entre otros. El viaje tiene que ver con poner esto en relevancia\u201d,&nbsp;<\/strong>dijeron en Balcarce 50, el viernes por la tarde, mientras ultimaban los pormenores de la visita con el \u00e1rea de Ceremonial de la Presidencia. De todas formas,<strong>&nbsp;no est\u00e1 planeado que ma\u00f1ana, el d\u00eda de la elecci\u00f3n, viaje ninguna figura de peso nacional, ni kirchnerista, ni del sector \u201cmoderado\u201d.<\/strong><\/p>\n\n\n\n<p>Para evitar suspicacias, en Gobierno se encargaron de aclarar que el primer mandatario no program\u00f3 el viaje por provecho pol\u00edtico. \u201cEsto&nbsp;<strong>no se trata de sacar ventaja.&nbsp;<\/strong>Alberto ya dijo que no va a ser candidato. Va a&nbsp;<strong>sobrevolar&nbsp;<\/strong>las elecciones, se va a poner por encima. Adem\u00e1s, La Rioja tiene un significado particular para \u00e9l, su pap\u00e1 es de all\u00e1, hay una relaci\u00f3n afectiva\u201d, aleg\u00f3 un funcionario de su confianza.<\/p>\n\n\n\n<p><img loading=\"lazy\" decoding=\"async\" alt=\"Wado de Pedro, af\u00edn a Cristina Kirchner, estuvo en La Rioja y recibi\u00f3 elogios de parte del gobernador peronista, que se encamina a la reelecci\u00f3n\" height=\"1066\" width=\"1600\" class=\"\" src=\"https:\/\/cloudfront-us-east-1.images.arcpublishing.com\/infobae\/GKPOLNKESFESLEPSOJ2626GMYQ.jpg\" srcset=\"https:\/\/www.infobae.com\/new-resizer\/CIk0SzheRS4rh9-bYMxGeoYwsg8=\/420x280\/filters:format(webp):quality(85)\/cloudfront-us-east-1.images.arcpublishing.com\/infobae\/GKPOLNKESFESLEPSOJ2626GMYQ.jpg 420w,https:\/\/www.infobae.com\/new-resizer\/heM9IGjUuY9aOvEwO3fY_cf96H0=\/768x512\/filters:format(webp):quality(85)\/cloudfront-us-east-1.images.arcpublishing.com\/infobae\/GKPOLNKESFESLEPSOJ2626GMYQ.jpg 768w,https:\/\/www.infobae.com\/new-resizer\/L02gstwuGXyHO_elDbawWbVhJqQ=\/992x661\/filters:format(webp):quality(85)\/cloudfront-us-east-1.images.arcpublishing.com\/infobae\/GKPOLNKESFESLEPSOJ2626GMYQ.jpg 992w,https:\/\/www.infobae.com\/new-resizer\/uVcd7j0BeXQGURtRL9a1_5Cqpyg=\/1200x800\/filters:format(webp):quality(85)\/cloudfront-us-east-1.images.arcpublishing.com\/infobae\/GKPOLNKESFESLEPSOJ2626GMYQ.jpg 1200w,https:\/\/www.infobae.com\/new-resizer\/WKn-XxsU50Wc4tc24xKRtkAClvg=\/1440x960\/filters:format(webp):quality(85)\/cloudfront-us-east-1.images.arcpublishing.com\/infobae\/GKPOLNKESFESLEPSOJ2626GMYQ.jpg 1440w\">Wado de Pedro, af\u00edn a Cristina Kirchner, estuvo en La Rioja y recibi\u00f3 elogios de parte del gobernador peronista, que se encamina a la reelecci\u00f3n<\/p>\n\n\n\n<p>Quintela, que adquiri\u00f3 relevancia pol\u00edtica en la v\u00edspera de los comicios, recibi\u00f3 esta semana a dos funcionarios nacionales que, no casualmente, representan a los espacios opuestos en la interna del Gobierno. Primero viaj\u00f3 el ministro del Interior (y presidenciable kirchnerista),&nbsp;<strong>Eduardo \u201cWado\u201d de Pedro.<\/strong>&nbsp;Despu\u00e9s estuvo su par de Obra P\u00fablica,&nbsp;<strong>Katopodis,&nbsp;<\/strong>que durante los dos primeros a\u00f1os de gesti\u00f3n estuvo muy cerca de Alberto Fern\u00e1ndez pero cultiva un perfil dialoguista con el resto del frente y tiene aspiraciones de competir en un lugar de peso en la provincia de Buenos Aires.<\/p>\n\n\n\n<p>El gobernador comparti\u00f3 escenario con ambos, aunque por separado, y les profes\u00f3 su respectivo apoyo, entre alusiones a la necesidad de concordia en el agrietado peronismo. El d\u00eda de la visita de \u201cWado\u201d, desde el entorno del ministro camporista se dedicaron a difundir un fragmento del discurso donde el gobernador ponderaba a De Pedro, que se posiciona con creciente intensidad para competir en las PASO. En la Casa Rosada, sin embargo, interpretaron las se\u00f1ales de Quintela, que integra la poderosa liga del Norte Grande, como un llamado a la unidad, sea a trav\u00e9s de unas PASO o de un acuerdo previo.&nbsp;<strong>\u201cNo dijo que apoyaba espec\u00edficamente a ninguno\u201d,<\/strong>&nbsp;dijeron, disgustado con el recorte, en el Ejecutivo nacional.<\/p>\n\n\n\n<p>M\u00e1s all\u00e1 de las divisiones, y mientras se debate la posibilidad de un encuentro entre Alberto Fern\u00e1ndez y Cristina Kirchner para calmar las aguas frente a las Primarias, el oficialismo en sus distintas vertientes se aferrar\u00e1 sin distinciones a la performance de Quintela, que muy probablemente encabece la primera elecci\u00f3n exitosa de un a\u00f1o que, sobre todo a nivel nacional, se perfila muy dif\u00edcil para el oficialismo.<\/p>\n","protected":false},"excerpt":{"rendered":"<p>Despu\u00e9s de sopesar la conveniencia pol\u00edtica de mostrarse en&nbsp;La Rioja&nbsp;tras las elecciones del pr\u00f3ximo domingo, que se perfilan prometedoras para el oficialismo,&nbsp;Alberto Fern\u00e1ndez&nbsp;decidi\u00f3 finalmente viajar a la provincia del Norte Grande para festejar una eventual victoria, seg\u00fan inform\u00f3 Infobae. El Presidente estar\u00e1 en la capital riojana al d\u00eda siguiente de los comicios donde el peronismo<a class=\"read-more\" href=\"https:\/\/elfederalmendoza.com.ar\/index.php\/2023\/05\/06\/alberto-fernandez-decidio-viajar-a-la-rioja-que-este-domingo-tiene-elecciones\/\"> [&hellip;]<\/a><\/p>\n","protected":false},"author":2,"featured_media":22526,"comment_status":"open","ping_status":"open","sticky":false,"template":"","format":"standard","meta":{"footnotes":""},"categories":[5618],"tags":[],"class_list":["post-22525","post","type-post","status-publish","format-standard","has-post-thumbnail","hentry","category-arg"],"rttpg_featured_image_url":{"full":["https:\/\/elfederalmendoza.com.ar\/wp-content\/uploads\/2023\/05\/PRESIDENTE-LA-RIOJA1.jpg",1920,1080,false],"landscape":["https:\/\/elfederalmendoza.com.ar\/wp-content\/uploads\/2023\/05\/PRESIDENTE-LA-RIOJA1.jpg",1920,1080,false],"portraits":["https:\/\/elfederalmendoza.com.ar\/wp-content\/uploads\/2023\/05\/PRESIDENTE-LA-RIOJA1.jpg",1920,1080,false],"thumbnail":["https:\/\/elfederalmendoza.com.ar\/wp-content\/uploads\/2023\/05\/PRESIDENTE-LA-RIOJA1-150x150.jpg",150,150,true],"medium":["https:\/\/elfederalmendoza.com.ar\/wp-content\/uploads\/2023\/05\/PRESIDENTE-LA-RIOJA1-300x169.jpg",300,169,true],"large":["https:\/\/elfederalmendoza.com.ar\/wp-content\/uploads\/2023\/05\/PRESIDENTE-LA-RIOJA1-1024x576.jpg",640,360,true],"1536x1536":["https:\/\/elfederalmendoza.com.ar\/wp-content\/uploads\/2023\/05\/PRESIDENTE-LA-RIOJA1-1536x864.jpg",1536,864,true],"2048x2048":["https:\/\/elfederalmendoza.com.ar\/wp-content\/uploads\/2023\/05\/PRESIDENTE-LA-RIOJA1.jpg",1920,1080,false],"ultp_layout_landscape_large":["https:\/\/elfederalmendoza.com.ar\/wp-content\/uploads\/2023\/05\/PRESIDENTE-LA-RIOJA1-1200x800.jpg",1200,800,true],"ultp_layout_landscape":["https:\/\/elfederalmendoza.com.ar\/wp-content\/uploads\/2023\/05\/PRESIDENTE-LA-RIOJA1-870x570.jpg",870,570,true],"ultp_layout_portrait":["https:\/\/elfederalmendoza.com.ar\/wp-content\/uploads\/2023\/05\/PRESIDENTE-LA-RIOJA1-600x900.jpg",600,900,true],"ultp_layout_square":["https:\/\/elfederalmendoza.com.ar\/wp-content\/uploads\/2023\/05\/PRESIDENTE-LA-RIOJA1-600x600.jpg",600,600,true],"rpwe-thumbnail":["https:\/\/elfederalmendoza.com.ar\/wp-content\/uploads\/2023\/05\/PRESIDENTE-LA-RIOJA1-45x45.jpg",45,45,true],"advps-thumb-one":["https:\/\/elfederalmendoza.com.ar\/wp-content\/uploads\/2023\/05\/PRESIDENTE-LA-RIOJA1-1200x420.jpg",1200,420,true]},"rttpg_author":{"display_name":"Redacci\u00f3n El Federal","author_link":"https:\/\/elfederalmendoza.com.ar\/index.php\/author\/angelflores\/"},"rttpg_comment":0,"rttpg_category":"<a href=\"https:\/\/elfederalmendoza.com.ar\/index.php\/category\/arg\/\" rel=\"category tag\">Argentina<\/a>","rttpg_excerpt":"Despu\u00e9s de sopesar la conveniencia pol\u00edtica de mostrarse en&nbsp;La Rioja&nbsp;tras las elecciones del pr\u00f3ximo domingo, que se perfilan prometedoras para el oficialismo,&nbsp;Alberto Fern\u00e1ndez&nbsp;decidi\u00f3 finalmente viajar a la provincia del Norte Grande para festejar una eventual victoria, seg\u00fan inform\u00f3 Infobae. El Presidente estar\u00e1 en la capital riojana al d\u00eda siguiente de los comicios donde el peronismo&hellip;","_links":{"self":[{"href":"https:\/\/elfederalmendoza.com.ar\/index.php\/wp-json\/wp\/v2\/posts\/22525","targetHints":{"allow":["GET"]}}],"collection":[{"href":"https:\/\/elfederalmendoza.com.ar\/index.php\/wp-json\/wp\/v2\/posts"}],"about":[{"href":"https:\/\/elfederalmendoza.com.ar\/index.php\/wp-json\/wp\/v2\/types\/post"}],"author":[{"embeddable":true,"href":"https:\/\/elfederalmendoza.com.ar\/index.php\/wp-json\/wp\/v2\/users\/2"}],"replies":[{"embeddable":true,"href":"https:\/\/elfederalmendoza.com.ar\/index.php\/wp-json\/wp\/v2\/comments?post=22525"}],"version-history":[{"count":1,"href":"https:\/\/elfederalmendoza.com.ar\/index.php\/wp-json\/wp\/v2\/posts\/22525\/revisions"}],"predecessor-version":[{"id":22527,"href":"https:\/\/elfederalmendoza.com.ar\/index.php\/wp-json\/wp\/v2\/posts\/22525\/revisions\/22527"}],"wp:featuredmedia":[{"embeddable":true,"href":"https:\/\/elfederalmendoza.com.ar\/index.php\/wp-json\/wp\/v2\/media\/22526"}],"wp:attachment":[{"href":"https:\/\/elfederalmendoza.com.ar\/index.php\/wp-json\/wp\/v2\/media?parent=22525"}],"wp:term":[{"taxonomy":"category","embeddable":true,"href":"https:\/\/elfederalmendoza.com.ar\/index.php\/wp-json\/wp\/v2\/categories?post=22525"},{"taxonomy":"post_tag","embeddable":true,"href":"https:\/\/elfederalmendoza.com.ar\/index.php\/wp-json\/wp\/v2\/tags?post=22525"}],"curies":[{"name":"wp","href":"https:\/\/api.w.org\/{rel}","templated":true}]}}