{"id":22528,"date":"2023-05-06T10:30:14","date_gmt":"2023-05-06T13:30:14","guid":{"rendered":"https:\/\/elfederalmendoza.com\/?p=22528"},"modified":"2023-05-06T10:42:20","modified_gmt":"2023-05-06T13:42:20","slug":"un-camion-en-contramano-mato-de-un-motociclista-en-el-acceso-sur","status":"publish","type":"post","link":"https:\/\/elfederalmendoza.com.ar\/index.php\/2023\/05\/06\/un-camion-en-contramano-mato-de-un-motociclista-en-el-acceso-sur\/","title":{"rendered":"Un cami\u00f3n en contramano atropell\u00f3 y mat\u00f3 de un motociclista en el Acceso Sur"},"content":{"rendered":"\n<p>Un hombre perdi\u00f3 la vida este viernes como consecuencia de las lesiones tras chocar con una camioneta y luego ser atropellado en su moto por un cami\u00f3n. El&nbsp;<strong>accidente fatal<\/strong>&nbsp;ocurri\u00f3 sobre el Acceso Sur en Luj\u00e1n de Cuyo.<\/p>\n\n\n\n<p>El tr\u00e1gico hecho se registr\u00f3&nbsp;<strong>entre las calles Bulnes y Castro Barros<\/strong>&nbsp;cuando el conductor identificado como <strong>Fernando Oscar L\u00f3pez<\/strong>, quien viv\u00eda en el Barrio Huarpes, circulaba de Norte a Sur y fue chocado por un cami\u00f3n que se dirig\u00eda por el mismo carril.<\/p>\n\n\n\n<figure class=\"wp-block-image\"><img decoding=\"async\" src=\"https:\/\/media.diariouno.com.ar\/p\/707d9f7a13f59b77b0bb90fd52ac58d8\/adjuntos\/298\/imagenes\/009\/152\/0009152929\/1200x0\/smart\/accidente-fatal-accidentes-mendozajpg.jpg\" alt=\"Accidentes en Mendoza: un hombre muri\u00f3 en un accidente fatal en el Acceso Sur.\"\/><\/figure>\n\n\n\n<p>Accidentes en Mendoza: un hombre muri\u00f3 en un accidente fatal en el Acceso Sur.<\/p>\n\n\n\n<h2 class=\"wp-block-heading\">C\u00f3mo fue el accidente fatal<\/h2>\n\n\n\n<p>Las primeras informaciones daban cuenta de que el motociclista, a bordo de una de una Motomel de 150 cc, hab\u00eda sido atropellado por una camioneta que se dio a la fuga. Luego de las pericias realizadas por la Polic\u00eda Cient\u00edfica se puedo&nbsp;<strong>confirmar que un camionero que conduc\u00eda por el acceso en contramano fue el causante del accidente.<\/strong><\/p>\n\n\n\n<p>Seg\u00fan el Ministerio de Seguridad,&nbsp;<strong>el siniestro vial tuvo lugar cuando una camioneta fren\u00f3<\/strong>&nbsp;-al encontrarse con el cami\u00f3n que circulaba en infracci\u00f3n-&nbsp;<strong>y fue embestida en su parte trasera por el conductor de la moto.<\/strong><\/p>\n\n\n\n<p>Como consecuencia del impacto,<strong>&nbsp;el motociclista cay\u00f3 al asfalto siendo arrollado por un cami\u00f3n Iveco<\/strong>&nbsp;que transportaba una motoniveladora.<\/p>\n\n\n\n<p>A los conductores de los tres veh\u00edculos se le realiz\u00f3 el control de alcoholemia, el cual dio negativo en todos los casos.<\/p>\n\n\n\n<p>En la investigaci\u00f3n interviene el personal de la Oficina Fiscal N\u00b0 15 de la Comisar\u00eda 47.<\/p>\n","protected":false},"excerpt":{"rendered":"<p>Un hombre perdi\u00f3 la vida este viernes como consecuencia de las lesiones tras chocar con una camioneta y luego ser atropellado en su moto por un cami\u00f3n. El&nbsp;accidente fatal&nbsp;ocurri\u00f3 sobre el Acceso Sur en Luj\u00e1n de Cuyo. El tr\u00e1gico hecho se registr\u00f3&nbsp;entre las calles Bulnes y Castro Barros&nbsp;cuando el conductor identificado como Fernando Oscar L\u00f3pez,<a class=\"read-more\" href=\"https:\/\/elfederalmendoza.com.ar\/index.php\/2023\/05\/06\/un-camion-en-contramano-mato-de-un-motociclista-en-el-acceso-sur\/\"> [&hellip;]<\/a><\/p>\n","protected":false},"author":2,"featured_media":22529,"comment_status":"open","ping_status":"open","sticky":false,"template":"","format":"standard","meta":{"footnotes":""},"categories":[1],"tags":[],"class_list":["post-22528","post","type-post","status-publish","format-standard","has-post-thumbnail","hentry","category-mza"],"rttpg_featured_image_url":{"full":["https:\/\/elfederalmendoza.com.ar\/wp-content\/uploads\/2023\/05\/huarpe.jpg",1048,585,false],"landscape":["https:\/\/elfederalmendoza.com.ar\/wp-content\/uploads\/2023\/05\/huarpe.jpg",1048,585,false],"portraits":["https:\/\/elfederalmendoza.com.ar\/wp-content\/uploads\/2023\/05\/huarpe.jpg",1048,585,false],"thumbnail":["https:\/\/elfederalmendoza.com.ar\/wp-content\/uploads\/2023\/05\/huarpe-150x150.jpg",150,150,true],"medium":["https:\/\/elfederalmendoza.com.ar\/wp-content\/uploads\/2023\/05\/huarpe-300x167.jpg",300,167,true],"large":["https:\/\/elfederalmendoza.com.ar\/wp-content\/uploads\/2023\/05\/huarpe-1024x572.jpg",640,358,true],"1536x1536":["https:\/\/elfederalmendoza.com.ar\/wp-content\/uploads\/2023\/05\/huarpe.jpg",1048,585,false],"2048x2048":["https:\/\/elfederalmendoza.com.ar\/wp-content\/uploads\/2023\/05\/huarpe.jpg",1048,585,false],"ultp_layout_landscape_large":["https:\/\/elfederalmendoza.com.ar\/wp-content\/uploads\/2023\/05\/huarpe.jpg",1048,585,false],"ultp_layout_landscape":["https:\/\/elfederalmendoza.com.ar\/wp-content\/uploads\/2023\/05\/huarpe-870x570.jpg",870,570,true],"ultp_layout_portrait":["https:\/\/elfederalmendoza.com.ar\/wp-content\/uploads\/2023\/05\/huarpe-600x585.jpg",600,585,true],"ultp_layout_square":["https:\/\/elfederalmendoza.com.ar\/wp-content\/uploads\/2023\/05\/huarpe-600x585.jpg",600,585,true],"rpwe-thumbnail":["https:\/\/elfederalmendoza.com.ar\/wp-content\/uploads\/2023\/05\/huarpe-45x45.jpg",45,45,true],"advps-thumb-one":["https:\/\/elfederalmendoza.com.ar\/wp-content\/uploads\/2023\/05\/huarpe-1048x420.jpg",1048,420,true]},"rttpg_author":{"display_name":"Redacci\u00f3n El Federal","author_link":"https:\/\/elfederalmendoza.com.ar\/index.php\/author\/angelflores\/"},"rttpg_comment":0,"rttpg_category":"<a href=\"https:\/\/elfederalmendoza.com.ar\/index.php\/category\/mza\/\" rel=\"category tag\">Mendoza<\/a>","rttpg_excerpt":"Un hombre perdi\u00f3 la vida este viernes como consecuencia de las lesiones tras chocar con una camioneta y luego ser atropellado en su moto por un cami\u00f3n. El&nbsp;accidente fatal&nbsp;ocurri\u00f3 sobre el Acceso Sur en Luj\u00e1n de Cuyo. El tr\u00e1gico hecho se registr\u00f3&nbsp;entre las calles Bulnes y Castro Barros&nbsp;cuando el conductor identificado como Fernando Oscar L\u00f3pez,&hellip;","_links":{"self":[{"href":"https:\/\/elfederalmendoza.com.ar\/index.php\/wp-json\/wp\/v2\/posts\/22528","targetHints":{"allow":["GET"]}}],"collection":[{"href":"https:\/\/elfederalmendoza.com.ar\/index.php\/wp-json\/wp\/v2\/posts"}],"about":[{"href":"https:\/\/elfederalmendoza.com.ar\/index.php\/wp-json\/wp\/v2\/types\/post"}],"author":[{"embeddable":true,"href":"https:\/\/elfederalmendoza.com.ar\/index.php\/wp-json\/wp\/v2\/users\/2"}],"replies":[{"embeddable":true,"href":"https:\/\/elfederalmendoza.com.ar\/index.php\/wp-json\/wp\/v2\/comments?post=22528"}],"version-history":[{"count":4,"href":"https:\/\/elfederalmendoza.com.ar\/index.php\/wp-json\/wp\/v2\/posts\/22528\/revisions"}],"predecessor-version":[{"id":22533,"href":"https:\/\/elfederalmendoza.com.ar\/index.php\/wp-json\/wp\/v2\/posts\/22528\/revisions\/22533"}],"wp:featuredmedia":[{"embeddable":true,"href":"https:\/\/elfederalmendoza.com.ar\/index.php\/wp-json\/wp\/v2\/media\/22529"}],"wp:attachment":[{"href":"https:\/\/elfederalmendoza.com.ar\/index.php\/wp-json\/wp\/v2\/media?parent=22528"}],"wp:term":[{"taxonomy":"category","embeddable":true,"href":"https:\/\/elfederalmendoza.com.ar\/index.php\/wp-json\/wp\/v2\/categories?post=22528"},{"taxonomy":"post_tag","embeddable":true,"href":"https:\/\/elfederalmendoza.com.ar\/index.php\/wp-json\/wp\/v2\/tags?post=22528"}],"curies":[{"name":"wp","href":"https:\/\/api.w.org\/{rel}","templated":true}]}}