{"id":22534,"date":"2023-05-07T08:56:49","date_gmt":"2023-05-07T11:56:49","guid":{"rendered":"https:\/\/elfederalmendoza.com\/?p=22534"},"modified":"2023-05-07T09:23:52","modified_gmt":"2023-05-07T12:23:52","slug":"video-un-candidato-a-intendente-de-la-rioja-rompio-un-bolson-en-medio-de-gritos-e-insultos-su-descargo-en-las-redes-sociales","status":"publish","type":"post","link":"https:\/\/elfederalmendoza.com.ar\/index.php\/2023\/05\/07\/video-un-candidato-a-intendente-de-la-rioja-rompio-un-bolson-en-medio-de-gritos-e-insultos-su-descargo-en-las-redes-sociales\/","title":{"rendered":"-VIDEO- Un candidato a intendente de La Rioja rompi\u00f3 un bols\u00f3n en medio de gritos e insultos: Su descargo en las redes sociales"},"content":{"rendered":"\n<p>Se trata de <strong>Ricardo \u00abBuchi\u00bb Arroyo<\/strong>, un dirigente peronista de la provincia de La Rioja, en la localidad de Chamical. Siempre cr\u00edtico y en ocasiones algo violento en sus actos y su forma de hablar, fue filmado por una persona, y el video caus\u00f3 el repudio de toda la comunidad. <\/p>\n\n\n\n<p>El video se viraliz\u00f3 en las redes sociales, donde se multiplicaron los mensajes y comentarios de rechazo por su violenta reacci\u00f3n, al ver a una persona en moto que tra\u00eda un bols\u00f3n, insultando y rompiendo la bolsa con mercader\u00edas en la puerta de su adversario pol\u00edtico, Renzo Castro,<strong> pr\u00e1ctica naturalizada en la provincia<\/strong>, en las elecciones que se realizan en el d\u00eda de hoy<\/p>\n\n\n\n<figure class=\"wp-block-video\"><video controls src=\"https:\/\/elfederalmendoza.com\/wp-content\/uploads\/2023\/05\/WhatsApp-Video-2023-05-06-at-4.02.19-PM.mp4\"><\/video><\/figure>\n\n\n\n<p>El candidato de la peque\u00f1a comunidad de Chamical en la provincia de La Rioja, trat\u00f3 de explicar su reacci\u00f3n en las redes sociales. <\/p>\n\n\n\n<p>En su descargo en la red social Facebook, public\u00f3: \u00abSi ustedes le creen todo a las personas que me critican voten a ellos. Yo les digo que los que me critican son todos corruptos porque apoyan a una dirigencia pol\u00edtica corrupta, si decir la verdad a pesar de que el v\u00eddeo lo demuestra que no hubo agresi\u00f3n a la se\u00f1orita, le solicite que me entregu\u00e9 el bols\u00f3n y yo el lunes le dar\u00e9 uno de mejor calidad por existir una veda, y ella me lo dio amablemente\u00bb.<\/p>\n\n\n\n<iframe loading=\"lazy\" src=\"https:\/\/www.facebook.com\/plugins\/post.php?href=https%3A%2F%2Fwww.facebook.com%2Fricardo.arroyo.71465%2Fposts%2Fpfbid0BQKBbH3Cj7RKsVo7vuxsjz27DMMnEYQkzti7AXzPxoAQu8XVJcvsXPFk8pvR47v2l&#038;show_text=true&#038;width=500\" width=\"500\" height=\"265\" style=\"border:none;overflow:hidden\" scrolling=\"no\" frameborder=\"0\" allowfullscreen=\"true\" allow=\"autoplay; clipboard-write; encrypted-media; picture-in-picture; web-share\"><\/iframe>\n\n\n\n<p>Agregando que \u00abEn ning\u00fan momento la agred\u00ed ni la acorrale con el auto como dicen ellos. Ellos saben que van a perder. Primero intentaron detenerme por una supuesta amenaza a una mujer, quer\u00edan encarcelarme, ahora a vista de todos les demostr\u00e9 que no hubo violencia como quieren encausarla, en esas cr\u00edticas mal intencionadas por su desesperaci\u00f3n atacan hasta m\u00ed vida privada, porque no investigan la vida privada de los que ostentan el poder, o ya se olvidaron de aquellos videos donde un poderoso pol\u00edtico de la Rioja le hac\u00eda el amor a una menor de edad y la justicia favoreci\u00f3 a ese hombre por el poder que tiene. Puedo dar cientos de ejemplos pero ustedes se sienten valientes porque se sienten protegidos por un poder corrupto\u00bb. <\/p>\n\n\n\n<p>Tambi\u00e9n public\u00f3 un video, explicando lo que ocurri\u00f3.<\/p>\n\n\n\n<iframe loading=\"lazy\" src=\"https:\/\/www.facebook.com\/plugins\/video.php?height=476&#038;href=https%3A%2F%2Fwww.facebook.com%2Fricardo.arroyo.71465%2Fvideos%2F548325324121618%2F&#038;show_text=false&#038;width=267&#038;t=0\" width=\"267\" height=\"476\" style=\"border:none;overflow:hidden\" scrolling=\"no\" frameborder=\"0\" allowfullscreen=\"true\" allow=\"autoplay; clipboard-write; encrypted-media; picture-in-picture; web-share\" allowFullScreen=\"true\"><\/iframe>\n\n\n\n<p>Esperemos el veredicto de las urnas, si la gente se da cuenta a travez de este intento desesperdo que hacen los que violan la Ley de la Veda Pol\u00edtica simplemente les digo que no me voten y si no le creen les vamos a reventar las urnas. A los obedientes que esclavisan a la gente les digo que le queda poco tiempo, Porque el veredicto del pueblo no se equivoca. YO ME ARRODILL\u00d3 ANTE DIOS \u00daNICAMENTE AMEN.<\/p>\n\n\n\n<p>De igual forma, los comentarios de repudio no tardaron de verse en las redes sociales.<\/p>\n\n\n\n<iframe loading=\"lazy\" src=\"https:\/\/www.facebook.com\/plugins\/post.php?href=https%3A%2F%2Fwww.facebook.com%2Flscuello%2Fposts%2Fpfbid06aBzhS9HTfoJvJGQSudtanXmbcrjaHZw5BCZbF3WHhxjhXNVkbi5TF2FZNr9V26Fl&#038;show_text=true&#038;width=500\" width=\"500\" height=\"783\" style=\"border:none;overflow:hidden\" scrolling=\"no\" frameborder=\"0\" allowfullscreen=\"true\" allow=\"autoplay; clipboard-write; encrypted-media; picture-in-picture; web-share\"><\/iframe>\n\n\n\n<figure class=\"wp-block-image size-full\"><img loading=\"lazy\" decoding=\"async\" width=\"720\" height=\"576\" src=\"https:\/\/elfederalmendoza.com\/wp-content\/uploads\/2023\/05\/arroyo.jpg\" alt=\"\" class=\"wp-image-22536\" srcset=\"https:\/\/elfederalmendoza.com.ar\/wp-content\/uploads\/2023\/05\/arroyo.jpg 720w, https:\/\/elfederalmendoza.com.ar\/wp-content\/uploads\/2023\/05\/arroyo-300x240.jpg 300w\" sizes=\"auto, (max-width: 720px) 100vw, 720px\" \/><\/figure>\n","protected":false},"excerpt":{"rendered":"<p>Se trata de Ricardo \u00abBuchi\u00bb Arroyo, un dirigente peronista de la provincia de La Rioja, en la localidad de Chamical. Siempre cr\u00edtico y en ocasiones algo violento en sus actos y su forma de hablar, fue filmado por una persona, y el video caus\u00f3 el repudio de toda la comunidad. El video se viraliz\u00f3 en<a class=\"read-more\" href=\"https:\/\/elfederalmendoza.com.ar\/index.php\/2023\/05\/07\/video-un-candidato-a-intendente-de-la-rioja-rompio-un-bolson-en-medio-de-gritos-e-insultos-su-descargo-en-las-redes-sociales\/\"> [&hellip;]<\/a><\/p>\n","protected":false},"author":2,"featured_media":22538,"comment_status":"open","ping_status":"open","sticky":false,"template":"","format":"standard","meta":{"footnotes":""},"categories":[5618],"tags":[],"class_list":["post-22534","post","type-post","status-publish","format-standard","has-post-thumbnail","hentry","category-arg"],"rttpg_featured_image_url":{"full":["https:\/\/elfederalmendoza.com.ar\/wp-content\/uploads\/2023\/05\/arroyo2.jpg",868,642,false],"landscape":["https:\/\/elfederalmendoza.com.ar\/wp-content\/uploads\/2023\/05\/arroyo2.jpg",868,642,false],"portraits":["https:\/\/elfederalmendoza.com.ar\/wp-content\/uploads\/2023\/05\/arroyo2.jpg",868,642,false],"thumbnail":["https:\/\/elfederalmendoza.com.ar\/wp-content\/uploads\/2023\/05\/arroyo2-150x150.jpg",150,150,true],"medium":["https:\/\/elfederalmendoza.com.ar\/wp-content\/uploads\/2023\/05\/arroyo2-300x222.jpg",300,222,true],"large":["https:\/\/elfederalmendoza.com.ar\/wp-content\/uploads\/2023\/05\/arroyo2.jpg",640,473,false],"1536x1536":["https:\/\/elfederalmendoza.com.ar\/wp-content\/uploads\/2023\/05\/arroyo2.jpg",868,642,false],"2048x2048":["https:\/\/elfederalmendoza.com.ar\/wp-content\/uploads\/2023\/05\/arroyo2.jpg",868,642,false],"ultp_layout_landscape_large":["https:\/\/elfederalmendoza.com.ar\/wp-content\/uploads\/2023\/05\/arroyo2.jpg",868,642,false],"ultp_layout_landscape":["https:\/\/elfederalmendoza.com.ar\/wp-content\/uploads\/2023\/05\/arroyo2-868x570.jpg",868,570,true],"ultp_layout_portrait":["https:\/\/elfederalmendoza.com.ar\/wp-content\/uploads\/2023\/05\/arroyo2-600x642.jpg",600,642,true],"ultp_layout_square":["https:\/\/elfederalmendoza.com.ar\/wp-content\/uploads\/2023\/05\/arroyo2-600x600.jpg",600,600,true],"rpwe-thumbnail":["https:\/\/elfederalmendoza.com.ar\/wp-content\/uploads\/2023\/05\/arroyo2-45x45.jpg",45,45,true],"advps-thumb-one":["https:\/\/elfederalmendoza.com.ar\/wp-content\/uploads\/2023\/05\/arroyo2-868x420.jpg",868,420,true]},"rttpg_author":{"display_name":"Redacci\u00f3n El Federal","author_link":"https:\/\/elfederalmendoza.com.ar\/index.php\/author\/angelflores\/"},"rttpg_comment":0,"rttpg_category":"<a href=\"https:\/\/elfederalmendoza.com.ar\/index.php\/category\/arg\/\" rel=\"category tag\">Argentina<\/a>","rttpg_excerpt":"Se trata de Ricardo \u00abBuchi\u00bb Arroyo, un dirigente peronista de la provincia de La Rioja, en la localidad de Chamical. Siempre cr\u00edtico y en ocasiones algo violento en sus actos y su forma de hablar, fue filmado por una persona, y el video caus\u00f3 el repudio de toda la comunidad. El video se viraliz\u00f3 en&hellip;","_links":{"self":[{"href":"https:\/\/elfederalmendoza.com.ar\/index.php\/wp-json\/wp\/v2\/posts\/22534","targetHints":{"allow":["GET"]}}],"collection":[{"href":"https:\/\/elfederalmendoza.com.ar\/index.php\/wp-json\/wp\/v2\/posts"}],"about":[{"href":"https:\/\/elfederalmendoza.com.ar\/index.php\/wp-json\/wp\/v2\/types\/post"}],"author":[{"embeddable":true,"href":"https:\/\/elfederalmendoza.com.ar\/index.php\/wp-json\/wp\/v2\/users\/2"}],"replies":[{"embeddable":true,"href":"https:\/\/elfederalmendoza.com.ar\/index.php\/wp-json\/wp\/v2\/comments?post=22534"}],"version-history":[{"count":2,"href":"https:\/\/elfederalmendoza.com.ar\/index.php\/wp-json\/wp\/v2\/posts\/22534\/revisions"}],"predecessor-version":[{"id":22541,"href":"https:\/\/elfederalmendoza.com.ar\/index.php\/wp-json\/wp\/v2\/posts\/22534\/revisions\/22541"}],"wp:featuredmedia":[{"embeddable":true,"href":"https:\/\/elfederalmendoza.com.ar\/index.php\/wp-json\/wp\/v2\/media\/22538"}],"wp:attachment":[{"href":"https:\/\/elfederalmendoza.com.ar\/index.php\/wp-json\/wp\/v2\/media?parent=22534"}],"wp:term":[{"taxonomy":"category","embeddable":true,"href":"https:\/\/elfederalmendoza.com.ar\/index.php\/wp-json\/wp\/v2\/categories?post=22534"},{"taxonomy":"post_tag","embeddable":true,"href":"https:\/\/elfederalmendoza.com.ar\/index.php\/wp-json\/wp\/v2\/tags?post=22534"}],"curies":[{"name":"wp","href":"https:\/\/api.w.org\/{rel}","templated":true}]}}