{"id":22543,"date":"2023-05-07T09:47:47","date_gmt":"2023-05-07T12:47:47","guid":{"rendered":"https:\/\/elfederalmendoza.com\/?p=22543"},"modified":"2023-05-07T09:47:47","modified_gmt":"2023-05-07T12:47:47","slug":"el-video-del-escandalo-entre-omar-de-marchi-y-mario-vadillo-sos-un-chanta","status":"publish","type":"post","link":"https:\/\/elfederalmendoza.com.ar\/index.php\/2023\/05\/07\/el-video-del-escandalo-entre-omar-de-marchi-y-mario-vadillo-sos-un-chanta\/","title":{"rendered":"El video del esc\u00e1ndalo entre Omar De Marchi y Mario Vadillo: \u00abSos un chanta\u00bb"},"content":{"rendered":"\n<p>La<strong>\u00a0Fiesta Nacional de la Ganader\u00eda de Zonas \u00c1ridas,\u00a0<\/strong>que se realiza todos los a\u00f1os en\u00a0<strong>General Alvear<\/strong>, esta vez fue escenario de un\u00a0<strong>picante intercambio<\/strong>\u00a0de acusaciones entre los<strong>\u00a0precandidatos<\/strong>\u00a0a gobernador\u00a0<strong>Omar De Marchi<\/strong>, por\u00a0<strong>La Uni\u00f3n Mendocina\u00a0<\/strong>y<strong>\u00a0Mario Vadillo<\/strong>, por el<strong>\u00a0Partido Verde.<\/strong><\/p>\n\n\n\n<blockquote class=\"twitter-tweet\"><p lang=\"es\" dir=\"ltr\">Duro cruce entre Omar De Marchi y Mario Vadillo en General Alvear <a href=\"https:\/\/t.co\/kO8GIAwOhG\">pic.twitter.com\/kO8GIAwOhG<\/a><\/p>&mdash; MendoVoz (@mendovozok) <a href=\"https:\/\/twitter.com\/mendovozok\/status\/1654952855856377858?ref_src=twsrc%5Etfw\">May 6, 2023<\/a><\/blockquote> <script async src=\"https:\/\/platform.twitter.com\/widgets.js\" charset=\"utf-8\"><\/script>\n\n\n\n<p>Ocurri\u00f3 este s\u00e1bado mientras Vadillo estaba dando una entrevista televisiva. De Marchi se acerc\u00f3 al lugar en el que estaba respondiendo a la prensa el l\u00edder del Partido Verde y all\u00ed comenz\u00f3 el fuego cruzado entre las dos figuras pol\u00edticas.<\/p>\n\n\n\n<p>La tensa situaci\u00f3n sucedi\u00f3 cuando Vadillo respond\u00eda a un periodista y estaba siendo filmado. De Marchi le grit\u00f3 \u00absos un chanta\u00bb y agreg\u00f3: \u00abA vos te salv\u00f3 los trapos (Marcelo) Romano en San Carlos, porque en los dem\u00e1s departamentos sacaste el 0,5% (de los votos)\u00bb.<\/p>\n\n\n\n<p>El momento encendi\u00f3 la discusi\u00f3n entre ambos pol\u00edticos que alzaron la voz y cruzaron acusaciones como \u201ccaradura\u201d y \u201ccorrupto\u201d.\u00a0<strong>De Marchi dijo que ten\u00eda \u201c100 razones\u201d para afirmar que su contrincante es un \u201ccorruptito de medio pelo\u201d, mientras que Vadillo le retruc\u00f3 diciendo que \u201chace 40 a\u00f1os que est\u00e1 en diferentes puestos electorales\u201d<\/strong>.<\/p>\n\n\n\n<figure class=\"wp-block-embed is-type-video is-provider-youtube wp-block-embed-youtube wp-embed-aspect-16-9 wp-has-aspect-ratio\"><div class=\"wp-block-embed__wrapper\">\nhttps:\/\/youtu.be\/oABWWdda7Nk\n<\/div><\/figure>\n","protected":false},"excerpt":{"rendered":"<p>La\u00a0Fiesta Nacional de la Ganader\u00eda de Zonas \u00c1ridas,\u00a0que se realiza todos los a\u00f1os en\u00a0General Alvear, esta vez fue escenario de un\u00a0picante intercambio\u00a0de acusaciones entre los\u00a0precandidatos\u00a0a gobernador\u00a0Omar De Marchi, por\u00a0La Uni\u00f3n Mendocina\u00a0y\u00a0Mario Vadillo, por el\u00a0Partido Verde. Duro cruce entre Omar De Marchi y Mario Vadillo en General Alvear pic.twitter.com\/kO8GIAwOhG &mdash; MendoVoz (@mendovozok) May 6, 2023 Ocurri\u00f3<a class=\"read-more\" href=\"https:\/\/elfederalmendoza.com.ar\/index.php\/2023\/05\/07\/el-video-del-escandalo-entre-omar-de-marchi-y-mario-vadillo-sos-un-chanta\/\"> [&hellip;]<\/a><\/p>\n","protected":false},"author":2,"featured_media":22544,"comment_status":"open","ping_status":"open","sticky":false,"template":"","format":"standard","meta":{"footnotes":""},"categories":[1],"tags":[],"class_list":["post-22543","post","type-post","status-publish","format-standard","has-post-thumbnail","hentry","category-mza"],"rttpg_featured_image_url":{"full":["https:\/\/elfederalmendoza.com.ar\/wp-content\/uploads\/2023\/05\/demarchi-chanta.jpg",883,571,false],"landscape":["https:\/\/elfederalmendoza.com.ar\/wp-content\/uploads\/2023\/05\/demarchi-chanta.jpg",883,571,false],"portraits":["https:\/\/elfederalmendoza.com.ar\/wp-content\/uploads\/2023\/05\/demarchi-chanta.jpg",883,571,false],"thumbnail":["https:\/\/elfederalmendoza.com.ar\/wp-content\/uploads\/2023\/05\/demarchi-chanta-150x150.jpg",150,150,true],"medium":["https:\/\/elfederalmendoza.com.ar\/wp-content\/uploads\/2023\/05\/demarchi-chanta-300x194.jpg",300,194,true],"large":["https:\/\/elfederalmendoza.com.ar\/wp-content\/uploads\/2023\/05\/demarchi-chanta.jpg",640,414,false],"1536x1536":["https:\/\/elfederalmendoza.com.ar\/wp-content\/uploads\/2023\/05\/demarchi-chanta.jpg",883,571,false],"2048x2048":["https:\/\/elfederalmendoza.com.ar\/wp-content\/uploads\/2023\/05\/demarchi-chanta.jpg",883,571,false],"ultp_layout_landscape_large":["https:\/\/elfederalmendoza.com.ar\/wp-content\/uploads\/2023\/05\/demarchi-chanta.jpg",883,571,false],"ultp_layout_landscape":["https:\/\/elfederalmendoza.com.ar\/wp-content\/uploads\/2023\/05\/demarchi-chanta-870x570.jpg",870,570,true],"ultp_layout_portrait":["https:\/\/elfederalmendoza.com.ar\/wp-content\/uploads\/2023\/05\/demarchi-chanta-600x571.jpg",600,571,true],"ultp_layout_square":["https:\/\/elfederalmendoza.com.ar\/wp-content\/uploads\/2023\/05\/demarchi-chanta-600x571.jpg",600,571,true],"rpwe-thumbnail":["https:\/\/elfederalmendoza.com.ar\/wp-content\/uploads\/2023\/05\/demarchi-chanta-45x45.jpg",45,45,true],"advps-thumb-one":["https:\/\/elfederalmendoza.com.ar\/wp-content\/uploads\/2023\/05\/demarchi-chanta-883x420.jpg",883,420,true]},"rttpg_author":{"display_name":"Redacci\u00f3n El Federal","author_link":"https:\/\/elfederalmendoza.com.ar\/index.php\/author\/angelflores\/"},"rttpg_comment":0,"rttpg_category":"<a href=\"https:\/\/elfederalmendoza.com.ar\/index.php\/category\/mza\/\" rel=\"category tag\">Mendoza<\/a>","rttpg_excerpt":"La\u00a0Fiesta Nacional de la Ganader\u00eda de Zonas \u00c1ridas,\u00a0que se realiza todos los a\u00f1os en\u00a0General Alvear, esta vez fue escenario de un\u00a0picante intercambio\u00a0de acusaciones entre los\u00a0precandidatos\u00a0a gobernador\u00a0Omar De Marchi, por\u00a0La Uni\u00f3n Mendocina\u00a0y\u00a0Mario Vadillo, por el\u00a0Partido Verde. Duro cruce entre Omar De Marchi y Mario Vadillo en General Alvear pic.twitter.com\/kO8GIAwOhG &mdash; MendoVoz (@mendovozok) May 6, 2023 Ocurri\u00f3&hellip;","_links":{"self":[{"href":"https:\/\/elfederalmendoza.com.ar\/index.php\/wp-json\/wp\/v2\/posts\/22543","targetHints":{"allow":["GET"]}}],"collection":[{"href":"https:\/\/elfederalmendoza.com.ar\/index.php\/wp-json\/wp\/v2\/posts"}],"about":[{"href":"https:\/\/elfederalmendoza.com.ar\/index.php\/wp-json\/wp\/v2\/types\/post"}],"author":[{"embeddable":true,"href":"https:\/\/elfederalmendoza.com.ar\/index.php\/wp-json\/wp\/v2\/users\/2"}],"replies":[{"embeddable":true,"href":"https:\/\/elfederalmendoza.com.ar\/index.php\/wp-json\/wp\/v2\/comments?post=22543"}],"version-history":[{"count":1,"href":"https:\/\/elfederalmendoza.com.ar\/index.php\/wp-json\/wp\/v2\/posts\/22543\/revisions"}],"predecessor-version":[{"id":22545,"href":"https:\/\/elfederalmendoza.com.ar\/index.php\/wp-json\/wp\/v2\/posts\/22543\/revisions\/22545"}],"wp:featuredmedia":[{"embeddable":true,"href":"https:\/\/elfederalmendoza.com.ar\/index.php\/wp-json\/wp\/v2\/media\/22544"}],"wp:attachment":[{"href":"https:\/\/elfederalmendoza.com.ar\/index.php\/wp-json\/wp\/v2\/media?parent=22543"}],"wp:term":[{"taxonomy":"category","embeddable":true,"href":"https:\/\/elfederalmendoza.com.ar\/index.php\/wp-json\/wp\/v2\/categories?post=22543"},{"taxonomy":"post_tag","embeddable":true,"href":"https:\/\/elfederalmendoza.com.ar\/index.php\/wp-json\/wp\/v2\/tags?post=22543"}],"curies":[{"name":"wp","href":"https:\/\/api.w.org\/{rel}","templated":true}]}}