{"id":22566,"date":"2023-05-08T10:36:27","date_gmt":"2023-05-08T13:36:27","guid":{"rendered":"https:\/\/elfederalmendoza.com\/?p=22566"},"modified":"2023-05-08T10:36:28","modified_gmt":"2023-05-08T13:36:28","slug":"un-hombre-fue-apunalado-por-su-hermano-durante-una-rina-familiar-en-guaymallen","status":"publish","type":"post","link":"https:\/\/elfederalmendoza.com.ar\/index.php\/2023\/05\/08\/un-hombre-fue-apunalado-por-su-hermano-durante-una-rina-familiar-en-guaymallen\/","title":{"rendered":"Un hombre fue apu\u00f1alado por su hermano durante una ri\u00f1a familiar en Guaymall\u00e9n"},"content":{"rendered":"\n<p>Durante una\u00a0<strong>ri\u00f1a familiar<\/strong>\u00a0en Guaymall\u00e9n un hombre result\u00f3 gravemente herido al ser\u00a0<strong>apu\u00f1alado<\/strong>\u00a0en el t\u00f3rax con un arma blanca por su hermano.<\/p>\n\n\n\n<p>La pelea entre los hermanos que cont\u00f3 adem\u00e1s con\u00a0<strong>otros integrantes de la familia que se unieron a la gresca\u00a0<\/strong>sucedi\u00f3 en una vivienda ubicada en la <strong>manzana A casa 18 del\u00a0barrio Lihue.<\/strong><\/p>\n\n\n\n<p>Personal policial constat\u00f3 que<strong>\u00a0la v\u00edctima contaba con decenas de antecedentes desde el a\u00f1o 1987.<\/strong>\u00a0Los mismos van<strong>\u00a0desde lesiones en ri\u00f1a hasta delitos de violencia de g\u00e9nero.<\/strong><\/p>\n\n\n\n<h2 class=\"wp-block-heading\">C\u00f3mo fue la ri\u00f1a familiar<\/h2>\n\n\n\n<p>El hecho comenz\u00f3 cuando los hombres identificados por el Ministerio de Seguridad como F.C. de 59 a\u00f1os y HC de 47 domiciliado en el lugar&nbsp;<strong>comenzaron una discusi\u00f3n supuestamente luego de estar tomando bebidas alcoh\u00f3licas.<\/strong><\/p>\n\n\n\n<p>Luego de ello, los hermanos comenzaron a agredirse y el mayor de ellos recibi\u00f3 la peor parte al ser apu\u00f1alado en el t\u00f3rax por lo que debi\u00f3 ser trasladado al Hospital Central donde se le realiz\u00f3 una operaci\u00f3n por l\u00edquido en el coraz\u00f3n.<\/p>\n\n\n\n<p>A su vez el portador del arma blanca, que se encontraba en estado de ebriedad,&nbsp;<strong>fue goleado reiteradamente con un martillo en la cabeza<\/strong>&nbsp;por otros integrantes de la familia que se sumaron a la disputa.<\/p>\n\n\n\n<p>Esto le dejo como consecuencia al menor de los hermanos&nbsp;<strong>m\u00faltiples lesiones&nbsp;<\/strong>por lo que debi\u00f3 ser asistido en el mismo nosocomio.<\/p>\n\n\n\n<p>Durante la investigaci\u00f3n participaron integrantes de la Oficina Fiscal N\u00b08 de Comisar\u00eda 25\u00b0.<\/p>\n","protected":false},"excerpt":{"rendered":"<p>Durante una\u00a0ri\u00f1a familiar\u00a0en Guaymall\u00e9n un hombre result\u00f3 gravemente herido al ser\u00a0apu\u00f1alado\u00a0en el t\u00f3rax con un arma blanca por su hermano. La pelea entre los hermanos que cont\u00f3 adem\u00e1s con\u00a0otros integrantes de la familia que se unieron a la gresca\u00a0sucedi\u00f3 en una vivienda ubicada en la manzana A casa 18 del\u00a0barrio Lihue. Personal policial constat\u00f3 que\u00a0la<a class=\"read-more\" href=\"https:\/\/elfederalmendoza.com.ar\/index.php\/2023\/05\/08\/un-hombre-fue-apunalado-por-su-hermano-durante-una-rina-familiar-en-guaymallen\/\"> [&hellip;]<\/a><\/p>\n","protected":false},"author":2,"featured_media":22567,"comment_status":"open","ping_status":"open","sticky":false,"template":"","format":"standard","meta":{"footnotes":""},"categories":[1],"tags":[],"class_list":["post-22566","post","type-post","status-publish","format-standard","has-post-thumbnail","hentry","category-mza"],"rttpg_featured_image_url":{"full":["https:\/\/elfederalmendoza.com.ar\/wp-content\/uploads\/2023\/05\/policia-de-mendoza4.jpg",709,405,false],"landscape":["https:\/\/elfederalmendoza.com.ar\/wp-content\/uploads\/2023\/05\/policia-de-mendoza4.jpg",709,405,false],"portraits":["https:\/\/elfederalmendoza.com.ar\/wp-content\/uploads\/2023\/05\/policia-de-mendoza4.jpg",709,405,false],"thumbnail":["https:\/\/elfederalmendoza.com.ar\/wp-content\/uploads\/2023\/05\/policia-de-mendoza4-150x150.jpg",150,150,true],"medium":["https:\/\/elfederalmendoza.com.ar\/wp-content\/uploads\/2023\/05\/policia-de-mendoza4-300x171.jpg",300,171,true],"large":["https:\/\/elfederalmendoza.com.ar\/wp-content\/uploads\/2023\/05\/policia-de-mendoza4.jpg",640,366,false],"1536x1536":["https:\/\/elfederalmendoza.com.ar\/wp-content\/uploads\/2023\/05\/policia-de-mendoza4.jpg",709,405,false],"2048x2048":["https:\/\/elfederalmendoza.com.ar\/wp-content\/uploads\/2023\/05\/policia-de-mendoza4.jpg",709,405,false],"ultp_layout_landscape_large":["https:\/\/elfederalmendoza.com.ar\/wp-content\/uploads\/2023\/05\/policia-de-mendoza4.jpg",709,405,false],"ultp_layout_landscape":["https:\/\/elfederalmendoza.com.ar\/wp-content\/uploads\/2023\/05\/policia-de-mendoza4.jpg",709,405,false],"ultp_layout_portrait":["https:\/\/elfederalmendoza.com.ar\/wp-content\/uploads\/2023\/05\/policia-de-mendoza4-600x405.jpg",600,405,true],"ultp_layout_square":["https:\/\/elfederalmendoza.com.ar\/wp-content\/uploads\/2023\/05\/policia-de-mendoza4-600x405.jpg",600,405,true],"rpwe-thumbnail":["https:\/\/elfederalmendoza.com.ar\/wp-content\/uploads\/2023\/05\/policia-de-mendoza4-45x45.jpg",45,45,true],"advps-thumb-one":["https:\/\/elfederalmendoza.com.ar\/wp-content\/uploads\/2023\/05\/policia-de-mendoza4.jpg",709,405,false]},"rttpg_author":{"display_name":"Redacci\u00f3n El Federal","author_link":"https:\/\/elfederalmendoza.com.ar\/index.php\/author\/angelflores\/"},"rttpg_comment":0,"rttpg_category":"<a href=\"https:\/\/elfederalmendoza.com.ar\/index.php\/category\/mza\/\" rel=\"category tag\">Mendoza<\/a>","rttpg_excerpt":"Durante una\u00a0ri\u00f1a familiar\u00a0en Guaymall\u00e9n un hombre result\u00f3 gravemente herido al ser\u00a0apu\u00f1alado\u00a0en el t\u00f3rax con un arma blanca por su hermano. La pelea entre los hermanos que cont\u00f3 adem\u00e1s con\u00a0otros integrantes de la familia que se unieron a la gresca\u00a0sucedi\u00f3 en una vivienda ubicada en la manzana A casa 18 del\u00a0barrio Lihue. Personal policial constat\u00f3 que\u00a0la&hellip;","_links":{"self":[{"href":"https:\/\/elfederalmendoza.com.ar\/index.php\/wp-json\/wp\/v2\/posts\/22566","targetHints":{"allow":["GET"]}}],"collection":[{"href":"https:\/\/elfederalmendoza.com.ar\/index.php\/wp-json\/wp\/v2\/posts"}],"about":[{"href":"https:\/\/elfederalmendoza.com.ar\/index.php\/wp-json\/wp\/v2\/types\/post"}],"author":[{"embeddable":true,"href":"https:\/\/elfederalmendoza.com.ar\/index.php\/wp-json\/wp\/v2\/users\/2"}],"replies":[{"embeddable":true,"href":"https:\/\/elfederalmendoza.com.ar\/index.php\/wp-json\/wp\/v2\/comments?post=22566"}],"version-history":[{"count":1,"href":"https:\/\/elfederalmendoza.com.ar\/index.php\/wp-json\/wp\/v2\/posts\/22566\/revisions"}],"predecessor-version":[{"id":22568,"href":"https:\/\/elfederalmendoza.com.ar\/index.php\/wp-json\/wp\/v2\/posts\/22566\/revisions\/22568"}],"wp:featuredmedia":[{"embeddable":true,"href":"https:\/\/elfederalmendoza.com.ar\/index.php\/wp-json\/wp\/v2\/media\/22567"}],"wp:attachment":[{"href":"https:\/\/elfederalmendoza.com.ar\/index.php\/wp-json\/wp\/v2\/media?parent=22566"}],"wp:term":[{"taxonomy":"category","embeddable":true,"href":"https:\/\/elfederalmendoza.com.ar\/index.php\/wp-json\/wp\/v2\/categories?post=22566"},{"taxonomy":"post_tag","embeddable":true,"href":"https:\/\/elfederalmendoza.com.ar\/index.php\/wp-json\/wp\/v2\/tags?post=22566"}],"curies":[{"name":"wp","href":"https:\/\/api.w.org\/{rel}","templated":true}]}}