{"id":22574,"date":"2023-05-08T06:50:00","date_gmt":"2023-05-08T09:50:00","guid":{"rendered":"https:\/\/elfederalmendoza.com\/?p=22574"},"modified":"2023-05-08T10:52:14","modified_gmt":"2023-05-08T13:52:14","slug":"cornejo-y-cobos-celebraron-el-triunfo-de-juntos-por-el-cambio-en-jujuy","status":"publish","type":"post","link":"https:\/\/elfederalmendoza.com.ar\/index.php\/2023\/05\/08\/cornejo-y-cobos-celebraron-el-triunfo-de-juntos-por-el-cambio-en-jujuy\/","title":{"rendered":"Cornejo y Cobos celebraron el triunfo de Juntos por el Cambio en Jujuy"},"content":{"rendered":"\n<p><strong>Alfredo Cornejo y Julio Cobos<\/strong>&nbsp;celebraron la amplia victoria de<strong>&nbsp;Juntos por el Cambio<\/strong>&nbsp;en Jujuy y felicitaron al vencedor en las elecciones,&nbsp;<strong>Carlos Sadir<\/strong>&nbsp;y al actual gobernador y precandidato presidencial&nbsp;<strong>Gerardo Morales<\/strong>.<\/p>\n\n\n\n<p>\u201c<em>Felicitaciones a Carlos Sadir, Gerardo Morales y todo el Frente Cambia Jujuy por el contundente triunfo en Jujuy, que ratifica la gesti\u00f3n. Destacables los rendimientos de nuestra coalici\u00f3n en las elecciones de La Rioja y Misiones. Un gran esfuerzo que pronto dar\u00e1 sus frutos<\/em>\u201c, expres\u00f3 Cornejo.<\/p>\n\n\n\n<figure class=\"wp-block-embed is-type-rich is-provider-twitter wp-block-embed-twitter\"><div class=\"wp-block-embed__wrapper\">\n<blockquote class=\"twitter-tweet\" data-width=\"550\" data-dnt=\"true\"><p lang=\"es\" dir=\"ltr\">Felicitaciones a <a href=\"https:\/\/twitter.com\/carlossadirjuy?ref_src=twsrc%5Etfw\">@carlossadirjuy<\/a>, <a href=\"https:\/\/twitter.com\/GerardoMorales?ref_src=twsrc%5Etfw\">@GerardoMorales<\/a> y todo el Frente <a href=\"https:\/\/twitter.com\/CambiaJujuy?ref_src=twsrc%5Etfw\">@CambiaJujuy<\/a> por el contundente triunfo en Jujuy, que ratifica la gesti\u00f3n.<br><br>Destacables los rendimientos de nuestra coalici\u00f3n en las elecciones de La Rioja y Misiones. Un gran esfuerzo que pronto dar\u00e1 sus frutos.<\/p>&mdash; Alfredo Cornejo (@alfredocornejo) <a href=\"https:\/\/twitter.com\/alfredocornejo\/status\/1655520263893659653?ref_src=twsrc%5Etfw\">May 8, 2023<\/a><\/blockquote><script async src=\"https:\/\/platform.twitter.com\/widgets.js\" charset=\"utf-8\"><\/script>\n<\/div><\/figure>\n\n\n\n<p>Cobos, cercano a Morales, tambi\u00e9n felicit\u00f3 al flamante gobernador juje\u00f1o. \u201c<em>Felicitaciones, por este contundente triunfo en Jujuy, que representa un gran respaldo a la gesti\u00f3n transformadora de Gerardo Morales en esa provincia. Este es el camino<\/em>\u201c.<\/p>\n\n\n\n<figure class=\"wp-block-embed is-type-rich is-provider-twitter wp-block-embed-twitter\"><div class=\"wp-block-embed__wrapper\">\n<blockquote class=\"twitter-tweet\" data-width=\"550\" data-dnt=\"true\"><p lang=\"es\" dir=\"ltr\">Felicitaciones, <a href=\"https:\/\/twitter.com\/carlossadirjuy?ref_src=twsrc%5Etfw\">@carlossadirjuy<\/a> por este contundente triunfo en Jujuy,  que representa un gran respaldo a la gesti\u00f3n transformadora de <a href=\"https:\/\/twitter.com\/GerardoMorales?ref_src=twsrc%5Etfw\">@GerardoMorales<\/a> en esa provincia. Este es el camino. <a href=\"https:\/\/t.co\/rsuA5wo0zI\">pic.twitter.com\/rsuA5wo0zI<\/a><\/p>&mdash; Julio Cobos (@juliocobos) <a href=\"https:\/\/twitter.com\/juliocobos\/status\/1655385075561775106?ref_src=twsrc%5Etfw\">May 8, 2023<\/a><\/blockquote><script async src=\"https:\/\/platform.twitter.com\/widgets.js\" charset=\"utf-8\"><\/script>\n<\/div><\/figure>\n\n\n\n<p>Con el 98,64% de los votos escrutados,&nbsp;<mark>Sadir obten\u00eda el 46,44% de los votos, seguido por el Frente de Todos, donde Rub\u00e9n Rivarola consigui\u00f3 el 20,93% mientras que Alejandro Vilca del Frente de Izquierda realiz\u00f3 una elecci\u00f3n hist\u00f3rica obteniendo el 12,01%<\/mark>.<\/p>\n\n\n\n<p><strong>Gerardo Morales<\/strong>\u00a0y\u00a0<strong>Horacio Rodriguez Larreta\u00a0<\/strong>acompa\u00f1aron a Sadir en los festejos. Este eje fue el gran ganador de la jornada, ya que si bien compiten en la interna presidencial de Juntos por el Cambio, existen conversaciones y una sinton\u00eda personal y pol\u00edtica para converger, antes o despu\u00e9s de las PASO, en un mismo espacio que unifique listas y organice en torno a ambos, incluso, un futuro gobierno.<\/p>\n\n\n\n<p>Con la presencia de dos precandidatos presidenciales,&nbsp;<mark>la elecci\u00f3n juje\u00f1a fue la que m\u00e1s tracci\u00f3n pol\u00edtica tuvo en la jornada del domingo<\/mark>, a pesar de no tener un peso muy importante en el padr\u00f3n electoral de la naci\u00f3n.<\/p>\n\n\n\n<p>A diferencia de Larreta, Patricia Bulrich se limit\u00f3 a saludar a Sadir via Twitter. \u201c\u00a1<em>Felicitaciones Carlos Sadir por tu triunfo! Los juje\u00f1os decidieron continuar con el cambio que Gerardo Morales comenz\u00f3 con coraje, quien no dud\u00f3 en terminar con la mafia de Milagro Sala. Ellos son testimonio de c\u00f3mo se puede vencer al kirchnerismo. Un fuerte abrazo a los candidatos electos de Juntos por el Cambio<\/em>\u201c.<\/p>\n\n\n\n<p>En tanto que en<mark>&nbsp;La Rioja se impuso Ricardo Quintela con el 48,08% de los votos, seguido por Felipe \u00c1lvarez de JxC con el 30,33% mientras que el libertario Mart\u00edn Menem se qued\u00f3 con el tercer puesto con el 14,81%.<\/mark><\/p>\n\n\n\n<p><mark>En Misiones, el Frente Renovador obtuvo una aplastante victoria con el 61,75% de los votos que consigui\u00f3 Hugo Passalacqua. Mart\u00edn Arjol de JxC qued\u00f3 segundo con el 25,51% mientras que el peronista Isaac Lenguazza apenas alcanz\u00f3 el 4,51%.<\/mark><\/p>\n","protected":false},"excerpt":{"rendered":"<p>Alfredo Cornejo y Julio Cobos&nbsp;celebraron la amplia victoria de&nbsp;Juntos por el Cambio&nbsp;en Jujuy y felicitaron al vencedor en las elecciones,&nbsp;Carlos Sadir&nbsp;y al actual gobernador y precandidato presidencial&nbsp;Gerardo Morales. \u201cFelicitaciones a Carlos Sadir, Gerardo Morales y todo el Frente Cambia Jujuy por el contundente triunfo en Jujuy, que ratifica la gesti\u00f3n. Destacables los rendimientos de nuestra<a class=\"read-more\" href=\"https:\/\/elfederalmendoza.com.ar\/index.php\/2023\/05\/08\/cornejo-y-cobos-celebraron-el-triunfo-de-juntos-por-el-cambio-en-jujuy\/\"> [&hellip;]<\/a><\/p>\n","protected":false},"author":2,"featured_media":22575,"comment_status":"open","ping_status":"open","sticky":false,"template":"","format":"standard","meta":{"footnotes":""},"categories":[1],"tags":[],"class_list":["post-22574","post","type-post","status-publish","format-standard","has-post-thumbnail","hentry","category-mza"],"rttpg_featured_image_url":{"full":["https:\/\/elfederalmendoza.com.ar\/wp-content\/uploads\/2023\/05\/Sadir.webp",1024,576,false],"landscape":["https:\/\/elfederalmendoza.com.ar\/wp-content\/uploads\/2023\/05\/Sadir.webp",1024,576,false],"portraits":["https:\/\/elfederalmendoza.com.ar\/wp-content\/uploads\/2023\/05\/Sadir.webp",1024,576,false],"thumbnail":["https:\/\/elfederalmendoza.com.ar\/wp-content\/uploads\/2023\/05\/Sadir-150x150.webp",150,150,true],"medium":["https:\/\/elfederalmendoza.com.ar\/wp-content\/uploads\/2023\/05\/Sadir-300x169.webp",300,169,true],"large":["https:\/\/elfederalmendoza.com.ar\/wp-content\/uploads\/2023\/05\/Sadir.webp",640,360,false],"1536x1536":["https:\/\/elfederalmendoza.com.ar\/wp-content\/uploads\/2023\/05\/Sadir.webp",1024,576,false],"2048x2048":["https:\/\/elfederalmendoza.com.ar\/wp-content\/uploads\/2023\/05\/Sadir.webp",1024,576,false],"ultp_layout_landscape_large":["https:\/\/elfederalmendoza.com.ar\/wp-content\/uploads\/2023\/05\/Sadir.webp",1024,576,false],"ultp_layout_landscape":["https:\/\/elfederalmendoza.com.ar\/wp-content\/uploads\/2023\/05\/Sadir-870x570.webp",870,570,true],"ultp_layout_portrait":["https:\/\/elfederalmendoza.com.ar\/wp-content\/uploads\/2023\/05\/Sadir-600x576.webp",600,576,true],"ultp_layout_square":["https:\/\/elfederalmendoza.com.ar\/wp-content\/uploads\/2023\/05\/Sadir-600x576.webp",600,576,true],"rpwe-thumbnail":["https:\/\/elfederalmendoza.com.ar\/wp-content\/uploads\/2023\/05\/Sadir-45x45.webp",45,45,true],"advps-thumb-one":["https:\/\/elfederalmendoza.com.ar\/wp-content\/uploads\/2023\/05\/Sadir-1024x420.webp",1024,420,true]},"rttpg_author":{"display_name":"Redacci\u00f3n El Federal","author_link":"https:\/\/elfederalmendoza.com.ar\/index.php\/author\/angelflores\/"},"rttpg_comment":0,"rttpg_category":"<a href=\"https:\/\/elfederalmendoza.com.ar\/index.php\/category\/mza\/\" rel=\"category tag\">Mendoza<\/a>","rttpg_excerpt":"Alfredo Cornejo y Julio Cobos&nbsp;celebraron la amplia victoria de&nbsp;Juntos por el Cambio&nbsp;en Jujuy y felicitaron al vencedor en las elecciones,&nbsp;Carlos Sadir&nbsp;y al actual gobernador y precandidato presidencial&nbsp;Gerardo Morales. \u201cFelicitaciones a Carlos Sadir, Gerardo Morales y todo el Frente Cambia Jujuy por el contundente triunfo en Jujuy, que ratifica la gesti\u00f3n. Destacables los rendimientos de nuestra&hellip;","_links":{"self":[{"href":"https:\/\/elfederalmendoza.com.ar\/index.php\/wp-json\/wp\/v2\/posts\/22574","targetHints":{"allow":["GET"]}}],"collection":[{"href":"https:\/\/elfederalmendoza.com.ar\/index.php\/wp-json\/wp\/v2\/posts"}],"about":[{"href":"https:\/\/elfederalmendoza.com.ar\/index.php\/wp-json\/wp\/v2\/types\/post"}],"author":[{"embeddable":true,"href":"https:\/\/elfederalmendoza.com.ar\/index.php\/wp-json\/wp\/v2\/users\/2"}],"replies":[{"embeddable":true,"href":"https:\/\/elfederalmendoza.com.ar\/index.php\/wp-json\/wp\/v2\/comments?post=22574"}],"version-history":[{"count":1,"href":"https:\/\/elfederalmendoza.com.ar\/index.php\/wp-json\/wp\/v2\/posts\/22574\/revisions"}],"predecessor-version":[{"id":22576,"href":"https:\/\/elfederalmendoza.com.ar\/index.php\/wp-json\/wp\/v2\/posts\/22574\/revisions\/22576"}],"wp:featuredmedia":[{"embeddable":true,"href":"https:\/\/elfederalmendoza.com.ar\/index.php\/wp-json\/wp\/v2\/media\/22575"}],"wp:attachment":[{"href":"https:\/\/elfederalmendoza.com.ar\/index.php\/wp-json\/wp\/v2\/media?parent=22574"}],"wp:term":[{"taxonomy":"category","embeddable":true,"href":"https:\/\/elfederalmendoza.com.ar\/index.php\/wp-json\/wp\/v2\/categories?post=22574"},{"taxonomy":"post_tag","embeddable":true,"href":"https:\/\/elfederalmendoza.com.ar\/index.php\/wp-json\/wp\/v2\/tags?post=22574"}],"curies":[{"name":"wp","href":"https:\/\/api.w.org\/{rel}","templated":true}]}}