{"id":22589,"date":"2023-05-08T12:42:53","date_gmt":"2023-05-08T15:42:53","guid":{"rendered":"https:\/\/elfederalmendoza.com\/?p=22589"},"modified":"2023-05-08T12:42:54","modified_gmt":"2023-05-08T15:42:54","slug":"estos-son-los-delincuentes-que-golpearon-a-un-jubilado-de-87-anos-y-a-su-hija-para-robarles-en-guaymallen","status":"publish","type":"post","link":"https:\/\/elfederalmendoza.com.ar\/index.php\/2023\/05\/08\/estos-son-los-delincuentes-que-golpearon-a-un-jubilado-de-87-anos-y-a-su-hija-para-robarles-en-guaymallen\/","title":{"rendered":"Estos son los delincuentes que golpearon a un jubilado de 87 a\u00f1os y a su hija para robarles en Guaymall\u00e9n"},"content":{"rendered":"\n<p>Dos parejas oriundas de Las Heras ingresaron a una casa del <strong>barrio San Jorge<\/strong> y atacaron a un hombre de 87 a\u00f1os. Les sustrajeron dinero y otros elementos y escaparon. Hubo persecuci\u00f3n. Polic\u00edas secuestraron un arma y recuperaron el bot\u00edn.<\/p>\n\n\n\n<p>Un asalto con v\u00edctimas lesionadas. Robo de dinero y objetos de valor. Persecuci\u00f3n y un par de polic\u00edas que terminaron cruzando una movilidad para evitar que los autores del ataque escaparan con todos los elementos sustra\u00eddos en el auto que se movilizaban, un Fiat Palio rojo. Uno de los malvivientes, el que conduc\u00eda el rodado, portaba un arma tipo pistola calibre 22 con bala en boca, la que descart\u00f3 en una acequia cuando se vio acorralado por los uniformados de la&nbsp;<strong>Comisar\u00eda 57\u00aa de El Bermejo<\/strong>, quienes lograron terminar con la carrera delictiva sin que resultaran lesionados.<\/p>\n\n\n\n<p><mark>El hecho de inseguridad ocurri\u00f3 este s\u00e1bado por la ma\u00f1ana, y los malvivientes, que terminaron a disposici\u00f3n de la Unidad Fiscal de Robos y Hurtos<\/mark>, fueron identificados como dos hombres y dos mujeres oriundos de Las Heras. Todos quedaron en la mira por otros casos similares en la zona. Investigadores consultados por este diario se\u00f1alaron que, al parecer, se trata de \u201cun grupito que ya cometi\u00f3 actos similares este a\u00f1o\u201d.<\/p>\n\n\n\n<p>La historia tuvo su inicio unos minutos antes de las 10, cuando la gavilla ingres\u00f3 a un domicilio del&nbsp;<strong>barrio San Jorge<\/strong>&nbsp;\u2013ubicado en la citada localidad guaymallina\u2013 y atac\u00f3 a un catamarque\u00f1o de 87 a\u00f1os en el ingreso de su hogar cuando llamaron a la puerta, y a su hija, oriunda de San Juan, de 54 a\u00f1os.&nbsp;<mark>Las v\u00edctimas fueron amenazas y golpeadas y tuvieron que recibir asistencia m\u00e9dica<\/mark>.<\/p>\n\n\n\n<p>Al octogenario le dieron un cachazo en la cabeza segundos despu\u00e9s de ser abordado en su domicilio de la manzana D y a su hija la atacaron mientras dorm\u00eda. Ambos fueron encerrados en una habitaci\u00f3n mientras los ladrones actuaban con toda la propiedad a su disposici\u00f3n.<\/p>\n\n\n\n<p>Lo cierto es que los cuatro detenidos fueron identificados por fuentes judiciales consultadas por&nbsp;<strong><em>El Sol<\/em><\/strong>&nbsp;como&nbsp;<strong>Gerem\u00edas Galiana<\/strong>&nbsp;(35) y&nbsp;<strong>Jonathan Mart\u00ednez&nbsp;<\/strong>(26) \u2013ambos con domicilio en el barrio 30 de Octubre de Las Heras\u2013 y&nbsp;<strong>Mar\u00eda Tapia<\/strong>&nbsp;(28) y&nbsp;<strong>Yianella Vargas<\/strong>&nbsp;(22), oriundas de los complejos Santa Teresita y el Belgrano, de ese mismo departamento.<\/p>\n\n\n\n<figure class=\"wp-block-image is-resized\"><img loading=\"lazy\" decoding=\"async\" src=\"https:\/\/i0.wp.com\/newspack-elsol.s3.amazonaws.com\/wp-content\/uploads\/2023\/05\/WhatsApp-Image-2023-05-06-at-15.10.46.jpeg?resize=713%2C429&amp;ssl=1\" alt=\"\" class=\"wp-image-1829325\" width=\"964\" height=\"580\"\/><figcaption class=\"wp-element-caption\">El auto en el que se movilizaban los cuatro sospechosos detenidos.<\/figcaption><\/figure>\n\n\n\n<p>El cuarteto, detallaron las fuentes, iba a ser imputado por robo agravado por ser en poblado y en banda, adem\u00e1s de otras calificaciones por las lesiones que provocaron y el arma apta para el disparo que portaba uno de ellos.<\/p>\n\n\n\n<p>La reconstrucci\u00f3n que realizaron los polic\u00edas se\u00f1ala que, a las 10.06, ingres\u00f3 el llamado de un vecino del barrio San Jorge al Centro Estrat\u00e9gico de Operaciones (CEO) contando que hab\u00eda observado a cuatro personas en un Fiat Palio \u2013describiendo que el conductor estaba con un arma\u2013 que se daban a la fuga luego de salir de un domicilio de la manzana D.<mark>&nbsp;Efectivamente, dos parejas de malvivientes acaban de perpetrar un asalto a un hombre y a su hija<\/mark>. Uno de los sujetos esperaba en la puerta haciendo de campana.<\/p>\n\n\n\n<p>De la propiedad, previo a golpear y encerrar a las v\u00edctimas en una de las habitaciones de la casa,&nbsp;<mark>se llevaron 56.000 pesos, un televisor, una notebook, una guitarra criolla con su funda, medicamentos, prendas de vestir y dos tel\u00e9fonos celulares<\/mark>, entre otros elementos de valor.<\/p>\n\n\n\n<p>Con las caracter\u00edsticas aportadas en la alerta al 911, la fuerza alert\u00f3 por frecuencia sobre la huida de los sospechosos. A los pocos minutos, uniformados que se movilizaban a unos dos kil\u00f3metros de la escena realizando tareas operativas en la&nbsp;<strong>camioneta 3.532 de la Comisar\u00eda 57\u00aa<\/strong>, visualizaron al&nbsp;<strong>Fiat Palio rojo<\/strong>&nbsp;en el interior del barrio Villa Paquita. Los efectivos dieron la voz de alto, pero los sospechosos aceleraron.<\/p>\n\n\n\n<figure class=\"wp-block-image is-resized\"><img loading=\"lazy\" decoding=\"async\" src=\"https:\/\/i0.wp.com\/newspack-elsol.s3.amazonaws.com\/wp-content\/uploads\/2023\/05\/WhatsApp-Image-2023-05-07-at-15.34.43-1024x576.jpeg?resize=780%2C439&amp;ssl=1\" alt=\"\" class=\"wp-image-1829273\" width=\"969\" height=\"545\"\/><figcaption class=\"wp-element-caption\">El veh\u00edculo, el arma y los objetos recuperados.<\/figcaption><\/figure>\n\n\n\n<p>Esto dio inicio a una persecuci\u00f3n que se prolong\u00f3 durante algunos minutos. Tomaron por calle Guido, a los pocos metros los dos polic\u00edas que ven\u00edan con las balizas y la sirena a todo lo que da cruzaron la patrulla y el conductor del Palio perdi\u00f3 el control de volante. No pudo continuar con el escape porque se incrust\u00f3 en una acequia.<\/p>\n\n\n\n<p>En ese momento,&nbsp;<mark>cuando los polic\u00edas estaban en inferioridad num\u00e9rica y ped\u00edan refuerzos, uno de los varones descart\u00f3 el arma de fuego que portaba y otro intent\u00f3 esconder el dinero robado en un paragolpes del Palio.<\/mark><\/p>\n\n\n\n<p>En el lugar de la detenci\u00f3n se vivieron momentos de tensi\u00f3n durante algunos minutos. Los polic\u00edas sacaron sus armas reglamentarias y apuntaron a los detenidos mientras se encontraban reducidos, debido a que exist\u00eda la posibilidad de fuego cruzado. Sin embargo, la situaci\u00f3n se control\u00f3 cuando detectaron que la pistola que portaban se encontraba en una acequia camuflada entre unas hojas.<\/p>\n\n\n\n<p>La pistola, una&nbsp;<strong>Bersa calibre 22<\/strong>&nbsp;con n\u00famero fabril limado, ten\u00eda cinco proyectiles en el cargador y uno listo para ser disparado. En cuesti\u00f3n de minutos, el sitio se llen\u00f3 de agentes y las dos mujeres fueron trasladadas a la Comisar\u00eda 45\u00aa.<\/p>\n\n\n\n<p>Por su parte, los varones quedaron alojados preventivamente en la 25\u00aa. Todos iban a pasar al penal este lunes o martes. El bot\u00edn, que fue recuperado en su totalidad, tambi\u00e9n qued\u00f3 a disposici\u00f3n de la Justicia.<\/p>\n\n\n\n<p>Diario Uno<\/p>\n","protected":false},"excerpt":{"rendered":"<p>Dos parejas oriundas de Las Heras ingresaron a una casa del barrio San Jorge y atacaron a un hombre de 87 a\u00f1os. Les sustrajeron dinero y otros elementos y escaparon. Hubo persecuci\u00f3n. Polic\u00edas secuestraron un arma y recuperaron el bot\u00edn. Un asalto con v\u00edctimas lesionadas. Robo de dinero y objetos de valor. Persecuci\u00f3n y un<a class=\"read-more\" href=\"https:\/\/elfederalmendoza.com.ar\/index.php\/2023\/05\/08\/estos-son-los-delincuentes-que-golpearon-a-un-jubilado-de-87-anos-y-a-su-hija-para-robarles-en-guaymallen\/\"> [&hellip;]<\/a><\/p>\n","protected":false},"author":2,"featured_media":22590,"comment_status":"open","ping_status":"open","sticky":false,"template":"","format":"standard","meta":{"footnotes":""},"categories":[1],"tags":[],"class_list":["post-22589","post","type-post","status-publish","format-standard","has-post-thumbnail","hentry","category-mza"],"rttpg_featured_image_url":{"full":["https:\/\/elfederalmendoza.com.ar\/wp-content\/uploads\/2023\/05\/delincuentes-Guaymallen-scaled.jpg",2560,2224,false],"landscape":["https:\/\/elfederalmendoza.com.ar\/wp-content\/uploads\/2023\/05\/delincuentes-Guaymallen-scaled.jpg",2560,2224,false],"portraits":["https:\/\/elfederalmendoza.com.ar\/wp-content\/uploads\/2023\/05\/delincuentes-Guaymallen-scaled.jpg",2560,2224,false],"thumbnail":["https:\/\/elfederalmendoza.com.ar\/wp-content\/uploads\/2023\/05\/delincuentes-Guaymallen-150x150.jpg",150,150,true],"medium":["https:\/\/elfederalmendoza.com.ar\/wp-content\/uploads\/2023\/05\/delincuentes-Guaymallen-300x261.jpg",300,261,true],"large":["https:\/\/elfederalmendoza.com.ar\/wp-content\/uploads\/2023\/05\/delincuentes-Guaymallen-1024x890.jpg",640,556,true],"1536x1536":["https:\/\/elfederalmendoza.com.ar\/wp-content\/uploads\/2023\/05\/delincuentes-Guaymallen-1536x1335.jpg",1536,1335,true],"2048x2048":["https:\/\/elfederalmendoza.com.ar\/wp-content\/uploads\/2023\/05\/delincuentes-Guaymallen-2048x1779.jpg",2048,1779,true],"ultp_layout_landscape_large":["https:\/\/elfederalmendoza.com.ar\/wp-content\/uploads\/2023\/05\/delincuentes-Guaymallen-1200x800.jpg",1200,800,true],"ultp_layout_landscape":["https:\/\/elfederalmendoza.com.ar\/wp-content\/uploads\/2023\/05\/delincuentes-Guaymallen-870x570.jpg",870,570,true],"ultp_layout_portrait":["https:\/\/elfederalmendoza.com.ar\/wp-content\/uploads\/2023\/05\/delincuentes-Guaymallen-600x900.jpg",600,900,true],"ultp_layout_square":["https:\/\/elfederalmendoza.com.ar\/wp-content\/uploads\/2023\/05\/delincuentes-Guaymallen-600x600.jpg",600,600,true],"rpwe-thumbnail":["https:\/\/elfederalmendoza.com.ar\/wp-content\/uploads\/2023\/05\/delincuentes-Guaymallen-45x45.jpg",45,45,true],"advps-thumb-one":["https:\/\/elfederalmendoza.com.ar\/wp-content\/uploads\/2023\/05\/delincuentes-Guaymallen-1200x420.jpg",1200,420,true]},"rttpg_author":{"display_name":"Redacci\u00f3n El Federal","author_link":"https:\/\/elfederalmendoza.com.ar\/index.php\/author\/angelflores\/"},"rttpg_comment":0,"rttpg_category":"<a href=\"https:\/\/elfederalmendoza.com.ar\/index.php\/category\/mza\/\" rel=\"category tag\">Mendoza<\/a>","rttpg_excerpt":"Dos parejas oriundas de Las Heras ingresaron a una casa del barrio San Jorge y atacaron a un hombre de 87 a\u00f1os. Les sustrajeron dinero y otros elementos y escaparon. Hubo persecuci\u00f3n. Polic\u00edas secuestraron un arma y recuperaron el bot\u00edn. Un asalto con v\u00edctimas lesionadas. Robo de dinero y objetos de valor. Persecuci\u00f3n y un&hellip;","_links":{"self":[{"href":"https:\/\/elfederalmendoza.com.ar\/index.php\/wp-json\/wp\/v2\/posts\/22589","targetHints":{"allow":["GET"]}}],"collection":[{"href":"https:\/\/elfederalmendoza.com.ar\/index.php\/wp-json\/wp\/v2\/posts"}],"about":[{"href":"https:\/\/elfederalmendoza.com.ar\/index.php\/wp-json\/wp\/v2\/types\/post"}],"author":[{"embeddable":true,"href":"https:\/\/elfederalmendoza.com.ar\/index.php\/wp-json\/wp\/v2\/users\/2"}],"replies":[{"embeddable":true,"href":"https:\/\/elfederalmendoza.com.ar\/index.php\/wp-json\/wp\/v2\/comments?post=22589"}],"version-history":[{"count":1,"href":"https:\/\/elfederalmendoza.com.ar\/index.php\/wp-json\/wp\/v2\/posts\/22589\/revisions"}],"predecessor-version":[{"id":22591,"href":"https:\/\/elfederalmendoza.com.ar\/index.php\/wp-json\/wp\/v2\/posts\/22589\/revisions\/22591"}],"wp:featuredmedia":[{"embeddable":true,"href":"https:\/\/elfederalmendoza.com.ar\/index.php\/wp-json\/wp\/v2\/media\/22590"}],"wp:attachment":[{"href":"https:\/\/elfederalmendoza.com.ar\/index.php\/wp-json\/wp\/v2\/media?parent=22589"}],"wp:term":[{"taxonomy":"category","embeddable":true,"href":"https:\/\/elfederalmendoza.com.ar\/index.php\/wp-json\/wp\/v2\/categories?post=22589"},{"taxonomy":"post_tag","embeddable":true,"href":"https:\/\/elfederalmendoza.com.ar\/index.php\/wp-json\/wp\/v2\/tags?post=22589"}],"curies":[{"name":"wp","href":"https:\/\/api.w.org\/{rel}","templated":true}]}}