{"id":22592,"date":"2023-05-08T18:33:33","date_gmt":"2023-05-08T21:33:33","guid":{"rendered":"https:\/\/elfederalmendoza.com\/?p=22592"},"modified":"2023-05-08T18:37:12","modified_gmt":"2023-05-08T21:37:12","slug":"mundial-sub-20-fifa-abrio-la-inscripcion-para-ser-voluntario-en-alguna-de-las-cuatro-sedes","status":"publish","type":"post","link":"https:\/\/elfederalmendoza.com.ar\/index.php\/2023\/05\/08\/mundial-sub-20-fifa-abrio-la-inscripcion-para-ser-voluntario-en-alguna-de-las-cuatro-sedes\/","title":{"rendered":"Mundial Sub 20 de F\u00fatbol: FIFA abri\u00f3 la inscripci\u00f3n para ser voluntario en alguna de las cuatro sedes argentinas"},"content":{"rendered":"\n<p>El&nbsp;<strong>Mundial Sub 20<\/strong>&nbsp;comenzar\u00e1 el pr\u00f3ximo 20 de mayo y se llevar\u00e1 a cabo en cuatro sedes diferentes: Santiago del Estero, Mendoza, San Juan y&nbsp;La Plata, donde los&nbsp;equipos de todo el mundo se enfrentar\u00e1n en busca de&nbsp;obtener el t\u00edtulo de campe\u00f3n mundial en esta categor\u00eda de f\u00fatbol juvenil.<\/p>\n\n\n\n<p>Si est\u00e1s buscando una oportunidad \u00fanica para ser parte del\u00a0<strong>Mundial Sub 20,<\/strong>\u00a0te alegrar\u00e1 saber que es posible inscribirse\u00a0<a href=\"https:\/\/volunteer.fifa.com\/register\">aqu\u00ed\u00a0<\/a>como voluntario para este evento deportivo.<\/p>\n\n\n\n<figure class=\"wp-block-image size-full\"><img loading=\"lazy\" decoding=\"async\" width=\"937\" height=\"637\" src=\"https:\/\/elfederalmendoza.com\/wp-content\/uploads\/2023\/05\/fifa.jpg\" alt=\"\" class=\"wp-image-22595\" srcset=\"https:\/\/elfederalmendoza.com.ar\/wp-content\/uploads\/2023\/05\/fifa.jpg 937w, https:\/\/elfederalmendoza.com.ar\/wp-content\/uploads\/2023\/05\/fifa-300x204.jpg 300w, https:\/\/elfederalmendoza.com.ar\/wp-content\/uploads\/2023\/05\/fifa-768x522.jpg 768w\" sizes=\"auto, (max-width: 937px) 100vw, 937px\" \/><\/figure>\n\n\n\n<p>Los voluntarios tendr\u00e1n&nbsp;la oportunidad de formar parte del equipo que ayudar\u00e1 a que el torneo sea un \u00e9xito. Las tareas del voluntariado incluyen la asistencia en la organizaci\u00f3n de eventos, la atenci\u00f3n al p\u00fablico y la log\u00edstica en los&nbsp;partidos.&nbsp;<\/p>\n\n\n\n<p>L\u00f3gicamente, aquellos que residan en alguna de las cuatro ciudades que ser\u00e1n sede del&nbsp;<strong>Mundial Sub 20&nbsp;<\/strong>tendr\u00e1n mayores posibilidades de ser convocados para formar parte del equipo de voluntarios.<\/p>\n\n\n\n<h2 class=\"wp-block-heading\">S\u00e1bado 20 de mayo<\/h2>\n\n\n\n<ul class=\"wp-block-list\">\n<li>15.00&nbsp;Guatemala vs Nueva Zelanda en el Estadio de Santiago del Estero (Grupo A)<\/li>\n\n\n\n<li>15.00&nbsp;Estados Unidos vs Ecuador en el Estadio de San Juan (Grupo B)<\/li>\n\n\n\n<li>18.00&nbsp;Argentina vs Uzbekist\u00e1n en el Estadio de Santiago del Estero (Grupo A)<\/li>\n\n\n\n<li>18.00&nbsp;Fiyi vs Eslovaquia en el Estadio de San Juan (Grupo B)<\/li>\n<\/ul>\n\n\n\n<h2 class=\"wp-block-heading\">Domingo 21 de mayo<\/h2>\n\n\n\n<ul class=\"wp-block-list\">\n<li>15.00&nbsp;Israel vs Colombia en el Estadio de La Plata (Grupo C)<\/li>\n\n\n\n<li>15.00&nbsp;Nigeria vs Rep\u00fablica Dominicana en el Estadio de Mendoza (Grupo D)<\/li>\n\n\n\n<li>18.00&nbsp;Senegal vs Jap\u00f3n en el Estadio de La Plata (Grupo C)<\/li>\n\n\n\n<li>18.00&nbsp;Italia vs Brasil en el Estadio de Mendoza (Grupo D)<\/li>\n<\/ul>\n\n\n\n<h2 class=\"wp-block-heading\">Lunes 22 de mayo<\/h2>\n\n\n\n<ul class=\"wp-block-list\">\n<li>15.00&nbsp;Inglaterra vs T\u00fanez en el Estadio de La Plata (Grupo E)<\/li>\n\n\n\n<li>15.00&nbsp;Francia vs Rep\u00fablica de Corea en el Estadio de Mendoza (Grupo F)<\/li>\n\n\n\n<li>18.00&nbsp;Uruguay vs Irak en el Estadio de La Plata (Grupo E)<\/li>\n\n\n\n<li>18.00&nbsp;Gambia vs Honduras en el Estadio de Mendoza (Grupo F)<\/li>\n<\/ul>\n\n\n\n<h2 class=\"wp-block-heading\">Martes 23 de mayo<\/h2>\n\n\n\n<ul class=\"wp-block-list\">\n<li>15.00&nbsp;Nueva Zelanda vs Uzbekist\u00e1n en el Estadio de Santiago del Estero (Grupo A)<\/li>\n\n\n\n<li>18.00&nbsp;Argentina vs Guatemala en el Estadio de Santiago del Estero (Grupo A)<\/li>\n\n\n\n<li>15.00&nbsp;Estados Unidos vs Fiyi en el Estadio de San Juan (Grupo B)<\/li>\n\n\n\n<li>18.00&nbsp;Eslovaquia vs Ecuador en el Estadio de San Juan (Grupo B)<\/li>\n<\/ul>\n\n\n\n<h2 class=\"wp-block-heading\">Mi\u00e9rcoles 24 de mayo<\/h2>\n\n\n\n<ul class=\"wp-block-list\">\n<li>15.00&nbsp;Senegal vs Israel en el Estadio de La Plata (Grupo C)<\/li>\n\n\n\n<li>15.00&nbsp;Italia vs Nigeria en el Estadio de Mendoza (Grupo D)<\/li>\n\n\n\n<li>18.00&nbsp;Colombia vs Jap\u00f3n en el Estadio de La Plata (Grupo C)<\/li>\n\n\n\n<li>18.00&nbsp;Rep\u00fablica Domincana vs Brasil en el Estadio de Mendoza (Grupo D)<\/li>\n<\/ul>\n\n\n\n<h2 class=\"wp-block-heading\">Jueves 25 de mayo<\/h2>\n\n\n\n<ul class=\"wp-block-list\">\n<li>15.00&nbsp;Uruguay vs Inglaterra en el Estadio de La Plata (Grupo E)<\/li>\n\n\n\n<li>15.00&nbsp;Francia vs Gambia en el Estadio de Mendoza (Grupo F)<\/li>\n\n\n\n<li>18.00&nbsp;T\u00fanez vs Irak en el Estadio de La Plata (Grupo E)<\/li>\n\n\n\n<li>18.00&nbsp;Honduras vs Rep\u00fablica de Corea en el Estadio de Mendoza (Grupo F)<\/li>\n<\/ul>\n\n\n\n<h2 class=\"wp-block-heading\">Viernes 26 de mayo<\/h2>\n\n\n\n<ul class=\"wp-block-list\">\n<li>15.00&nbsp;Eslovaquia vs Estados Unidos en el Estadio de San Juan (Grupo B)<\/li>\n\n\n\n<li>15.00&nbsp;Ecuador vs Fiyi en el Estadio de Santiago del Estero (Grupo B)<\/li>\n\n\n\n<li>18.00&nbsp;Uzbekist\u00e1n vs Guatemala en el Estadio de Santiago del Estero (Grupo A)<\/li>\n\n\n\n<li>18.00&nbsp;Argentina vs Nueva Zelanda en el Estadio de San Juan (Grupo A)<\/li>\n<\/ul>\n\n\n\n<h2 class=\"wp-block-heading\">S\u00e1bado 27 de mayo<\/h2>\n\n\n\n<ul class=\"wp-block-list\">\n<li>15.00&nbsp;Rep\u00fablica Dominicana vs Italia en el Estadio de Mendoza (Grupo D)<\/li>\n\n\n\n<li>15.00&nbsp;Brasil vs Nigeria en el Estadio de La Plata (Grupo D)<\/li>\n\n\n\n<li>18.00&nbsp;Colombia vs Senegal en el Estadio de La Plata (Grupo C)<\/li>\n\n\n\n<li>18.00&nbsp;Jap\u00f3n vs Israel en el Estadio de Mendoza (Grupo C)<\/li>\n<\/ul>\n\n\n\n<h2 class=\"wp-block-heading\">Domingo 28 de mayo<\/h2>\n\n\n\n<ul class=\"wp-block-list\">\n<li>15.00&nbsp;T\u00fanez vs Uruguay en el Estadio de Mendoza (Grupo E)<\/li>\n\n\n\n<li>15.00&nbsp;Honduras vs Francia en el Estadio de La Plata (Grupo F)<\/li>\n\n\n\n<li>18.00&nbsp;Irak vs Inglaterra en el Estadio de La Plata (Grupo E)<\/li>\n\n\n\n<li>18.00&nbsp;Rep\u00fablica de Corea vs Gambia en el Estadio de Mendoza (Grupo F)<\/li>\n<\/ul>\n\n\n\n<h2 class=\"wp-block-heading\">Grupos Mundial Sub 20<\/h2>\n\n\n\n<h2 class=\"wp-block-heading\">Martes 30 de mayo<\/h2>\n\n\n\n<ul class=\"wp-block-list\">\n<li>14.30&nbsp;Octavos de final: 1B vs 3 A\/C\/D en el Estadio de Mendoza (38)<\/li>\n\n\n\n<li>18.00&nbsp;Octavos de final: 2A vs 2C en el Estadio de Mendoza (37)<\/li>\n<\/ul>\n\n\n\n<h2 class=\"wp-block-heading\">Mi\u00e9rcoles 31 de mayo<\/h2>\n\n\n\n<ul class=\"wp-block-list\">\n<li>14.30&nbsp;Octavos de final: 1C vs 3 A\/B\/F en el Estadio de San Juan (42)<\/li>\n\n\n\n<li>14.30&nbsp;Octavos de final: 1D vs 3 B\/E\/F en el Estadio de La Plata (40)<\/li>\n\n\n\n<li>18.00&nbsp;Octavos de final: 1A vs 3 C\/D\/E en el Estadio de San Juan (41)<\/li>\n\n\n\n<li>18.00&nbsp;Octavos de final: 1E vs 2D en el Estadio de La Plata (39)<\/li>\n<\/ul>\n\n\n\n<h2 class=\"wp-block-heading\">Jueves 1 de junio<\/h2>\n\n\n\n<ul class=\"wp-block-list\">\n<li>14.30&nbsp;Octavos de final: 1F vs 2E en el Estadio de Santiago del Estero (44)<\/li>\n\n\n\n<li>18.00&nbsp;Octavos de final: 2B vs 2F en el Estadio de Santiago del Estero (43)<\/li>\n<\/ul>\n\n\n\n<h2 class=\"wp-block-heading\">S\u00e1bado 3 de junio<\/h2>\n\n\n\n<ul class=\"wp-block-list\">\n<li>14.30&nbsp;Cuartos de final: W37 vs W40 en el Estadio de San Juan (46)<\/li>\n\n\n\n<li>18.00&nbsp;Cuartos de final: W42 vs W39 en el Estadio de San Juan (47)<\/li>\n<\/ul>\n\n\n\n<h2 class=\"wp-block-heading\">Domingo 4 de junio<\/h2>\n\n\n\n<ul class=\"wp-block-list\">\n<li>14.30&nbsp;Cuartos de final: W43 vs W41 en el Estadio de Santiago del Estero (48)<\/li>\n\n\n\n<li>18.00&nbsp;Cuartos de final: W38 vs W44 en el Estadio de Santiago del Estero (45)<\/li>\n<\/ul>\n\n\n\n<h2 class=\"wp-block-heading\">Jueves 8 de junio<\/h2>\n\n\n\n<ul class=\"wp-block-list\">\n<li>14.30&nbsp;Semifinales: W45 vs W46 en el Estadio de La Plata (49)<\/li>\n\n\n\n<li>18.00&nbsp;Semifinales: W47 vs W48 en el Estadio de La Plata (50)<\/li>\n<\/ul>\n\n\n\n<h2 class=\"wp-block-heading\">Domingo 11 de junio<\/h2>\n\n\n\n<ul class=\"wp-block-list\">\n<li>14.30&nbsp;Tercer puesto: L49 vs L50 en el Estadio de La Plata<\/li>\n\n\n\n<li>18.00&nbsp;Final: W49 vs W50 en el Estadio de La Plata<\/li>\n<\/ul>\n","protected":false},"excerpt":{"rendered":"<p>El&nbsp;Mundial Sub 20&nbsp;comenzar\u00e1 el pr\u00f3ximo 20 de mayo y se llevar\u00e1 a cabo en cuatro sedes diferentes: Santiago del Estero, Mendoza, San Juan y&nbsp;La Plata, donde los&nbsp;equipos de todo el mundo se enfrentar\u00e1n en busca de&nbsp;obtener el t\u00edtulo de campe\u00f3n mundial en esta categor\u00eda de f\u00fatbol juvenil. Si est\u00e1s buscando una oportunidad \u00fanica para ser<a class=\"read-more\" href=\"https:\/\/elfederalmendoza.com.ar\/index.php\/2023\/05\/08\/mundial-sub-20-fifa-abrio-la-inscripcion-para-ser-voluntario-en-alguna-de-las-cuatro-sedes\/\"> [&hellip;]<\/a><\/p>\n","protected":false},"author":2,"featured_media":22593,"comment_status":"open","ping_status":"open","sticky":false,"template":"","format":"standard","meta":{"footnotes":""},"categories":[1],"tags":[],"class_list":["post-22592","post","type-post","status-publish","format-standard","has-post-thumbnail","hentry","category-mza"],"rttpg_featured_image_url":{"full":["https:\/\/elfederalmendoza.com.ar\/wp-content\/uploads\/2023\/05\/voluntarios-fifa1.jpg",1062,630,false],"landscape":["https:\/\/elfederalmendoza.com.ar\/wp-content\/uploads\/2023\/05\/voluntarios-fifa1.jpg",1062,630,false],"portraits":["https:\/\/elfederalmendoza.com.ar\/wp-content\/uploads\/2023\/05\/voluntarios-fifa1.jpg",1062,630,false],"thumbnail":["https:\/\/elfederalmendoza.com.ar\/wp-content\/uploads\/2023\/05\/voluntarios-fifa1-150x150.jpg",150,150,true],"medium":["https:\/\/elfederalmendoza.com.ar\/wp-content\/uploads\/2023\/05\/voluntarios-fifa1-300x178.jpg",300,178,true],"large":["https:\/\/elfederalmendoza.com.ar\/wp-content\/uploads\/2023\/05\/voluntarios-fifa1-1024x607.jpg",640,379,true],"1536x1536":["https:\/\/elfederalmendoza.com.ar\/wp-content\/uploads\/2023\/05\/voluntarios-fifa1.jpg",1062,630,false],"2048x2048":["https:\/\/elfederalmendoza.com.ar\/wp-content\/uploads\/2023\/05\/voluntarios-fifa1.jpg",1062,630,false],"ultp_layout_landscape_large":["https:\/\/elfederalmendoza.com.ar\/wp-content\/uploads\/2023\/05\/voluntarios-fifa1.jpg",1062,630,false],"ultp_layout_landscape":["https:\/\/elfederalmendoza.com.ar\/wp-content\/uploads\/2023\/05\/voluntarios-fifa1-870x570.jpg",870,570,true],"ultp_layout_portrait":["https:\/\/elfederalmendoza.com.ar\/wp-content\/uploads\/2023\/05\/voluntarios-fifa1-600x630.jpg",600,630,true],"ultp_layout_square":["https:\/\/elfederalmendoza.com.ar\/wp-content\/uploads\/2023\/05\/voluntarios-fifa1-600x600.jpg",600,600,true],"rpwe-thumbnail":["https:\/\/elfederalmendoza.com.ar\/wp-content\/uploads\/2023\/05\/voluntarios-fifa1-45x45.jpg",45,45,true],"advps-thumb-one":["https:\/\/elfederalmendoza.com.ar\/wp-content\/uploads\/2023\/05\/voluntarios-fifa1-1062x420.jpg",1062,420,true]},"rttpg_author":{"display_name":"Redacci\u00f3n El Federal","author_link":"https:\/\/elfederalmendoza.com.ar\/index.php\/author\/angelflores\/"},"rttpg_comment":0,"rttpg_category":"<a href=\"https:\/\/elfederalmendoza.com.ar\/index.php\/category\/mza\/\" rel=\"category tag\">Mendoza<\/a>","rttpg_excerpt":"El&nbsp;Mundial Sub 20&nbsp;comenzar\u00e1 el pr\u00f3ximo 20 de mayo y se llevar\u00e1 a cabo en cuatro sedes diferentes: Santiago del Estero, Mendoza, San Juan y&nbsp;La Plata, donde los&nbsp;equipos de todo el mundo se enfrentar\u00e1n en busca de&nbsp;obtener el t\u00edtulo de campe\u00f3n mundial en esta categor\u00eda de f\u00fatbol juvenil. Si est\u00e1s buscando una oportunidad \u00fanica para ser&hellip;","_links":{"self":[{"href":"https:\/\/elfederalmendoza.com.ar\/index.php\/wp-json\/wp\/v2\/posts\/22592","targetHints":{"allow":["GET"]}}],"collection":[{"href":"https:\/\/elfederalmendoza.com.ar\/index.php\/wp-json\/wp\/v2\/posts"}],"about":[{"href":"https:\/\/elfederalmendoza.com.ar\/index.php\/wp-json\/wp\/v2\/types\/post"}],"author":[{"embeddable":true,"href":"https:\/\/elfederalmendoza.com.ar\/index.php\/wp-json\/wp\/v2\/users\/2"}],"replies":[{"embeddable":true,"href":"https:\/\/elfederalmendoza.com.ar\/index.php\/wp-json\/wp\/v2\/comments?post=22592"}],"version-history":[{"count":2,"href":"https:\/\/elfederalmendoza.com.ar\/index.php\/wp-json\/wp\/v2\/posts\/22592\/revisions"}],"predecessor-version":[{"id":22596,"href":"https:\/\/elfederalmendoza.com.ar\/index.php\/wp-json\/wp\/v2\/posts\/22592\/revisions\/22596"}],"wp:featuredmedia":[{"embeddable":true,"href":"https:\/\/elfederalmendoza.com.ar\/index.php\/wp-json\/wp\/v2\/media\/22593"}],"wp:attachment":[{"href":"https:\/\/elfederalmendoza.com.ar\/index.php\/wp-json\/wp\/v2\/media?parent=22592"}],"wp:term":[{"taxonomy":"category","embeddable":true,"href":"https:\/\/elfederalmendoza.com.ar\/index.php\/wp-json\/wp\/v2\/categories?post=22592"},{"taxonomy":"post_tag","embeddable":true,"href":"https:\/\/elfederalmendoza.com.ar\/index.php\/wp-json\/wp\/v2\/tags?post=22592"}],"curies":[{"name":"wp","href":"https:\/\/api.w.org\/{rel}","templated":true}]}}