{"id":22597,"date":"2023-05-09T10:04:32","date_gmt":"2023-05-09T13:04:32","guid":{"rendered":"https:\/\/elfederalmendoza.com\/?p=22597"},"modified":"2023-05-09T10:04:34","modified_gmt":"2023-05-09T13:04:34","slug":"una-mujer-de-38-anos-fue-apunalada-en-una-gresca-con-otras-mujeres-en-guaymallen","status":"publish","type":"post","link":"https:\/\/elfederalmendoza.com.ar\/index.php\/2023\/05\/09\/una-mujer-de-38-anos-fue-apunalada-en-una-gresca-con-otras-mujeres-en-guaymallen\/","title":{"rendered":"Una mujer de 38 a\u00f1os fue apu\u00f1alada en una gresca con otras mujeres en Guaymall\u00e9n"},"content":{"rendered":"\n<p>Una\u00a0<strong>mujer de 38 a\u00f1os fue apu\u00f1alada<\/strong>\u00a0en medio de una pelea en el departamento de Guaymall\u00e9n y debi\u00f3 ser trasladada con heridas al Hospital Central.<\/p>\n\n\n\n<p>El hecho ocurri\u00f3 alrededor de las 21 en la esquina de<strong> Venecia y Congreso<\/strong>, en la mencionada comuna, all\u00ed se dio una pelea entre la v\u00edctima y <strong>un grupo de mujeres<\/strong>, estas la agredieron con un arma blanca y le provocaron cortes en su brazo izquierdo y en una de sus cejas.<\/p>\n\n\n\n<p>La mujer debi\u00f3 ser\u00a0<strong>trasladada al Hospital Central<\/strong>, donde la asistieron por las heridas. Qued\u00f3 fuera de peligro. La polic\u00eda investiga el hecho y a quienes la agredieron.<\/p>\n","protected":false},"excerpt":{"rendered":"<p>Una\u00a0mujer de 38 a\u00f1os fue apu\u00f1alada\u00a0en medio de una pelea en el departamento de Guaymall\u00e9n y debi\u00f3 ser trasladada con heridas al Hospital Central. El hecho ocurri\u00f3 alrededor de las 21 en la esquina de Venecia y Congreso, en la mencionada comuna, all\u00ed se dio una pelea entre la v\u00edctima y un grupo de mujeres,<a class=\"read-more\" href=\"https:\/\/elfederalmendoza.com.ar\/index.php\/2023\/05\/09\/una-mujer-de-38-anos-fue-apunalada-en-una-gresca-con-otras-mujeres-en-guaymallen\/\"> [&hellip;]<\/a><\/p>\n","protected":false},"author":2,"featured_media":22598,"comment_status":"open","ping_status":"open","sticky":false,"template":"","format":"standard","meta":{"footnotes":""},"categories":[1],"tags":[],"class_list":["post-22597","post","type-post","status-publish","format-standard","has-post-thumbnail","hentry","category-mza"],"rttpg_featured_image_url":{"full":["https:\/\/elfederalmendoza.com.ar\/wp-content\/uploads\/2023\/05\/MUJER-APUNALADA4.jpg",1040,610,false],"landscape":["https:\/\/elfederalmendoza.com.ar\/wp-content\/uploads\/2023\/05\/MUJER-APUNALADA4.jpg",1040,610,false],"portraits":["https:\/\/elfederalmendoza.com.ar\/wp-content\/uploads\/2023\/05\/MUJER-APUNALADA4.jpg",1040,610,false],"thumbnail":["https:\/\/elfederalmendoza.com.ar\/wp-content\/uploads\/2023\/05\/MUJER-APUNALADA4-150x150.jpg",150,150,true],"medium":["https:\/\/elfederalmendoza.com.ar\/wp-content\/uploads\/2023\/05\/MUJER-APUNALADA4-300x176.jpg",300,176,true],"large":["https:\/\/elfederalmendoza.com.ar\/wp-content\/uploads\/2023\/05\/MUJER-APUNALADA4-1024x601.jpg",640,376,true],"1536x1536":["https:\/\/elfederalmendoza.com.ar\/wp-content\/uploads\/2023\/05\/MUJER-APUNALADA4.jpg",1040,610,false],"2048x2048":["https:\/\/elfederalmendoza.com.ar\/wp-content\/uploads\/2023\/05\/MUJER-APUNALADA4.jpg",1040,610,false],"ultp_layout_landscape_large":["https:\/\/elfederalmendoza.com.ar\/wp-content\/uploads\/2023\/05\/MUJER-APUNALADA4.jpg",1040,610,false],"ultp_layout_landscape":["https:\/\/elfederalmendoza.com.ar\/wp-content\/uploads\/2023\/05\/MUJER-APUNALADA4-870x570.jpg",870,570,true],"ultp_layout_portrait":["https:\/\/elfederalmendoza.com.ar\/wp-content\/uploads\/2023\/05\/MUJER-APUNALADA4-600x610.jpg",600,610,true],"ultp_layout_square":["https:\/\/elfederalmendoza.com.ar\/wp-content\/uploads\/2023\/05\/MUJER-APUNALADA4-600x600.jpg",600,600,true],"rpwe-thumbnail":["https:\/\/elfederalmendoza.com.ar\/wp-content\/uploads\/2023\/05\/MUJER-APUNALADA4-45x45.jpg",45,45,true],"advps-thumb-one":["https:\/\/elfederalmendoza.com.ar\/wp-content\/uploads\/2023\/05\/MUJER-APUNALADA4-1040x420.jpg",1040,420,true]},"rttpg_author":{"display_name":"Redacci\u00f3n El Federal","author_link":"https:\/\/elfederalmendoza.com.ar\/index.php\/author\/angelflores\/"},"rttpg_comment":0,"rttpg_category":"<a href=\"https:\/\/elfederalmendoza.com.ar\/index.php\/category\/mza\/\" rel=\"category tag\">Mendoza<\/a>","rttpg_excerpt":"Una\u00a0mujer de 38 a\u00f1os fue apu\u00f1alada\u00a0en medio de una pelea en el departamento de Guaymall\u00e9n y debi\u00f3 ser trasladada con heridas al Hospital Central. El hecho ocurri\u00f3 alrededor de las 21 en la esquina de Venecia y Congreso, en la mencionada comuna, all\u00ed se dio una pelea entre la v\u00edctima y un grupo de mujeres,&hellip;","_links":{"self":[{"href":"https:\/\/elfederalmendoza.com.ar\/index.php\/wp-json\/wp\/v2\/posts\/22597","targetHints":{"allow":["GET"]}}],"collection":[{"href":"https:\/\/elfederalmendoza.com.ar\/index.php\/wp-json\/wp\/v2\/posts"}],"about":[{"href":"https:\/\/elfederalmendoza.com.ar\/index.php\/wp-json\/wp\/v2\/types\/post"}],"author":[{"embeddable":true,"href":"https:\/\/elfederalmendoza.com.ar\/index.php\/wp-json\/wp\/v2\/users\/2"}],"replies":[{"embeddable":true,"href":"https:\/\/elfederalmendoza.com.ar\/index.php\/wp-json\/wp\/v2\/comments?post=22597"}],"version-history":[{"count":1,"href":"https:\/\/elfederalmendoza.com.ar\/index.php\/wp-json\/wp\/v2\/posts\/22597\/revisions"}],"predecessor-version":[{"id":22599,"href":"https:\/\/elfederalmendoza.com.ar\/index.php\/wp-json\/wp\/v2\/posts\/22597\/revisions\/22599"}],"wp:featuredmedia":[{"embeddable":true,"href":"https:\/\/elfederalmendoza.com.ar\/index.php\/wp-json\/wp\/v2\/media\/22598"}],"wp:attachment":[{"href":"https:\/\/elfederalmendoza.com.ar\/index.php\/wp-json\/wp\/v2\/media?parent=22597"}],"wp:term":[{"taxonomy":"category","embeddable":true,"href":"https:\/\/elfederalmendoza.com.ar\/index.php\/wp-json\/wp\/v2\/categories?post=22597"},{"taxonomy":"post_tag","embeddable":true,"href":"https:\/\/elfederalmendoza.com.ar\/index.php\/wp-json\/wp\/v2\/tags?post=22597"}],"curies":[{"name":"wp","href":"https:\/\/api.w.org\/{rel}","templated":true}]}}