{"id":226,"date":"2019-11-04T07:23:14","date_gmt":"2019-11-04T10:23:14","guid":{"rendered":"https:\/\/elfederalmendoza.com\/?p=226"},"modified":"2019-11-04T09:27:23","modified_gmt":"2019-11-04T12:27:23","slug":"cornejo-recibio-en-francia-la-peor-noticia-murio-su-madre","status":"publish","type":"post","link":"https:\/\/elfederalmendoza.com.ar\/index.php\/2019\/11\/04\/cornejo-recibio-en-francia-la-peor-noticia-murio-su-madre\/","title":{"rendered":"Cornejo recibi\u00f3 en Francia la peor noticia: muri\u00f3 su madre"},"content":{"rendered":"<p><strong>La madre del gobernador Alfredo Cornejo, quien se encuentra en Francia en medio de un viaje oficial, muri\u00f3 ayer por la ma\u00f1ana a los 85 a\u00f1os. Ramona Neila estaba internada en el Hospital Central desde hace varios d\u00edas<\/strong>, tras haber sido trasladada desde el Victorino Tagarelli de San Carlos. Recordemos que la familia Cornejo es oriunda de Eugenio Bustos y all\u00ed viv\u00eda la mam\u00e1 del gobernador. Incluso anoche era velada en una sala de esa localidad del Valle de Uco, sin la presencia de su hijo, que no logr\u00f3 encontrar un vuelo desde Europa que lo trajera r\u00e1pidamente hasta Mendoza para darle la \u00faltima despedida a su madre.<\/p>\n<p>\u201cAgradezco las muestras de afecto, cari\u00f1o y acompa\u00f1amiento hacia mi familia y hacia m\u00ed. No puedo responder todos los mensajes recibidos, pero sepan que estoy muy gratificado por el gesto\u201d,<strong>\u00a0public\u00f3 ayer a las 4 de la tarde en Twitter el mandatario provincial tras haber recibido condolencias de todo el arco pol\u00edtico mendocino, desde los funcionarios de su gabinete hasta sus eternos rivales peronistas.<\/strong><\/p>\n<p>Cornejo repite as\u00ed el dolor personal que vivi\u00f3 hace casi un a\u00f1o<strong>\u00a0cuando falleci\u00f3 su padre<\/strong>, Carlos Cornejo<strong>. Fue el 27 de noviembre de 2018 en otro hospital p\u00fablico de la provincia, el del Carmen en Godoy Cruz.<\/strong><\/p>\n<div class=\"peperito-text\">\n<div class=\"col-xs-4\">\n<div class=\"square\">De esta manera, un gobernador que puede jactarse de estar retir\u00e1ndose con \u201cprestigio\u201d -como suele repetir \u00e9l- de la Casa de Gobierno, lo har\u00e1 tambi\u00e9n habiendo perdido a ambos progenitores durante su paso por el cargo m\u00e1s importante de la provincia.<\/div>\n<\/div>\n<\/div>\n<p>En el caso de su madre, si bien ten\u00eda una salud delicada, no puede decirse que estaba grave. Incluso fue entrevistada hace pocas semanas, el 7 de octubre, por un portal web del Valle de Uco, a cuyos periodistas recibi\u00f3 en su casa de siempre en el Barrio Ceferino de Eugenio Bustos.\u00a0<strong>Las fotos publicadas en El Cuco Digital la mostraron sentada en un sill\u00f3n tejiendo, y despu\u00e9s en el patio junto a su hija Silvia y su nieta Janet.\u00a0<\/strong><\/p>\n<div class=\"peperito-text\">\n<div class=\"col-xs-20\">\n<h5><strong style=\"font-size: 16px;\">Adem\u00e1s de a la hija del medio, que es Delegada de la Direcci\u00f3n General de Escuelas del Valle de Uco, y al actual Gobernador, Ramona tuvo a una tercera hija, Cecilia, que tambi\u00e9n es docente y adem\u00e1s directora de la Cooperadora del Tagarelli,<\/strong><span style=\"font-size: 16px;\">\u00a0el hospital de Eugenio Bustos que el gobernador ampli\u00f3 y reinaugur\u00f3 en setiembre junto a su madre, con quien se mostr\u00f3 ese d\u00eda recorriendo las nuevas salas y servicios donde un mes despu\u00e9s, do\u00f1a Ramona ser\u00eda internada antes de ser trasladada hasta el hospital Central cuando su salud empeor\u00f3 esta semana.<\/span><\/h5>\n<figure id=\"attachment_227\" aria-describedby=\"caption-attachment-227\" style=\"width: 882px\" class=\"wp-caption alignnone\"><img loading=\"lazy\" decoding=\"async\" class=\" wp-image-227\" src=\"https:\/\/elfederalmendoza.com\/wp-content\/uploads\/2019\/11\/image5dbf78b693adc-240x300.jpg\" alt=\"\" width=\"882\" height=\"1103\" srcset=\"https:\/\/elfederalmendoza.com.ar\/wp-content\/uploads\/2019\/11\/image5dbf78b693adc-240x300.jpg 240w, https:\/\/elfederalmendoza.com.ar\/wp-content\/uploads\/2019\/11\/image5dbf78b693adc-768x960.jpg 768w, https:\/\/elfederalmendoza.com.ar\/wp-content\/uploads\/2019\/11\/image5dbf78b693adc-820x1024.jpg 820w, https:\/\/elfederalmendoza.com.ar\/wp-content\/uploads\/2019\/11\/image5dbf78b693adc.jpg 850w\" sizes=\"auto, (max-width: 882px) 100vw, 882px\" \/><figcaption id=\"caption-attachment-227\" class=\"wp-caption-text\">Una de las ultimas fotos juntos en el d\u00eda de la madre.<\/figcaption><\/figure>\n<\/div>\n<\/div>\n","protected":false},"excerpt":{"rendered":"<p>La madre del gobernador Alfredo Cornejo, quien se encuentra en Francia en medio de un viaje oficial, muri\u00f3 ayer por la ma\u00f1ana a los 85 a\u00f1os. Ramona Neila estaba internada en el Hospital Central desde hace varios d\u00edas, tras haber sido trasladada desde el Victorino Tagarelli de San Carlos. Recordemos que la familia Cornejo es<a class=\"read-more\" href=\"https:\/\/elfederalmendoza.com.ar\/index.php\/2019\/11\/04\/cornejo-recibio-en-francia-la-peor-noticia-murio-su-madre\/\"> [&hellip;]<\/a><\/p>\n","protected":false},"author":2,"featured_media":228,"comment_status":"open","ping_status":"open","sticky":false,"template":"","format":"image","meta":{"footnotes":""},"categories":[1],"tags":[89,101,100],"class_list":["post-226","post","type-post","status-publish","format-image","has-post-thumbnail","hentry","category-mza","tag-alfredo-cornejo","tag-francia","tag-madre","post_format-post-format-image"],"rttpg_featured_image_url":{"full":["https:\/\/elfederalmendoza.com.ar\/wp-content\/uploads\/2019\/11\/cornejo.png",618,344,false],"landscape":["https:\/\/elfederalmendoza.com.ar\/wp-content\/uploads\/2019\/11\/cornejo.png",618,344,false],"portraits":["https:\/\/elfederalmendoza.com.ar\/wp-content\/uploads\/2019\/11\/cornejo.png",618,344,false],"thumbnail":["https:\/\/elfederalmendoza.com.ar\/wp-content\/uploads\/2019\/11\/cornejo-150x150.png",150,150,true],"medium":["https:\/\/elfederalmendoza.com.ar\/wp-content\/uploads\/2019\/11\/cornejo-300x167.png",300,167,true],"large":["https:\/\/elfederalmendoza.com.ar\/wp-content\/uploads\/2019\/11\/cornejo.png",618,344,false],"1536x1536":["https:\/\/elfederalmendoza.com.ar\/wp-content\/uploads\/2019\/11\/cornejo.png",618,344,false],"2048x2048":["https:\/\/elfederalmendoza.com.ar\/wp-content\/uploads\/2019\/11\/cornejo.png",618,344,false],"ultp_layout_landscape_large":["https:\/\/elfederalmendoza.com.ar\/wp-content\/uploads\/2019\/11\/cornejo.png",618,344,false],"ultp_layout_landscape":["https:\/\/elfederalmendoza.com.ar\/wp-content\/uploads\/2019\/11\/cornejo.png",618,344,false],"ultp_layout_portrait":["https:\/\/elfederalmendoza.com.ar\/wp-content\/uploads\/2019\/11\/cornejo.png",600,334,false],"ultp_layout_square":["https:\/\/elfederalmendoza.com.ar\/wp-content\/uploads\/2019\/11\/cornejo.png",600,334,false],"rpwe-thumbnail":["https:\/\/elfederalmendoza.com.ar\/wp-content\/uploads\/2019\/11\/cornejo-45x45.png",45,45,true],"advps-thumb-one":["https:\/\/elfederalmendoza.com.ar\/wp-content\/uploads\/2019\/11\/cornejo-600x220.png",600,220,true]},"rttpg_author":{"display_name":"Redacci\u00f3n El Federal","author_link":"https:\/\/elfederalmendoza.com.ar\/index.php\/author\/angelflores\/"},"rttpg_comment":0,"rttpg_category":"<a href=\"https:\/\/elfederalmendoza.com.ar\/index.php\/category\/mza\/\" rel=\"category tag\">Mendoza<\/a>","rttpg_excerpt":"La madre del gobernador Alfredo Cornejo, quien se encuentra en Francia en medio de un viaje oficial, muri\u00f3 ayer por la ma\u00f1ana a los 85 a\u00f1os. Ramona Neila estaba internada en el Hospital Central desde hace varios d\u00edas, tras haber sido trasladada desde el Victorino Tagarelli de San Carlos. Recordemos que la familia Cornejo es&hellip;","_links":{"self":[{"href":"https:\/\/elfederalmendoza.com.ar\/index.php\/wp-json\/wp\/v2\/posts\/226","targetHints":{"allow":["GET"]}}],"collection":[{"href":"https:\/\/elfederalmendoza.com.ar\/index.php\/wp-json\/wp\/v2\/posts"}],"about":[{"href":"https:\/\/elfederalmendoza.com.ar\/index.php\/wp-json\/wp\/v2\/types\/post"}],"author":[{"embeddable":true,"href":"https:\/\/elfederalmendoza.com.ar\/index.php\/wp-json\/wp\/v2\/users\/2"}],"replies":[{"embeddable":true,"href":"https:\/\/elfederalmendoza.com.ar\/index.php\/wp-json\/wp\/v2\/comments?post=226"}],"version-history":[{"count":1,"href":"https:\/\/elfederalmendoza.com.ar\/index.php\/wp-json\/wp\/v2\/posts\/226\/revisions"}],"predecessor-version":[{"id":229,"href":"https:\/\/elfederalmendoza.com.ar\/index.php\/wp-json\/wp\/v2\/posts\/226\/revisions\/229"}],"wp:featuredmedia":[{"embeddable":true,"href":"https:\/\/elfederalmendoza.com.ar\/index.php\/wp-json\/wp\/v2\/media\/228"}],"wp:attachment":[{"href":"https:\/\/elfederalmendoza.com.ar\/index.php\/wp-json\/wp\/v2\/media?parent=226"}],"wp:term":[{"taxonomy":"category","embeddable":true,"href":"https:\/\/elfederalmendoza.com.ar\/index.php\/wp-json\/wp\/v2\/categories?post=226"},{"taxonomy":"post_tag","embeddable":true,"href":"https:\/\/elfederalmendoza.com.ar\/index.php\/wp-json\/wp\/v2\/tags?post=226"}],"curies":[{"name":"wp","href":"https:\/\/api.w.org\/{rel}","templated":true}]}}