{"id":22600,"date":"2023-05-09T02:23:00","date_gmt":"2023-05-09T05:23:00","guid":{"rendered":"https:\/\/elfederalmendoza.com\/?p=22600"},"modified":"2023-05-09T15:32:46","modified_gmt":"2023-05-09T18:32:46","slug":"la-corte-suprema-suspendio-las-elecciones-del-domingo-en-tucuman-y-san-juan","status":"publish","type":"post","link":"https:\/\/elfederalmendoza.com.ar\/index.php\/2023\/05\/09\/la-corte-suprema-suspendio-las-elecciones-del-domingo-en-tucuman-y-san-juan\/","title":{"rendered":"La Corte Suprema suspendi\u00f3 las elecciones del domingo en Tucum\u00e1n y San Juan"},"content":{"rendered":"\n<p>Sobre el filo de la veda electoral previa a las elecciones en cinco provincias que se realizar\u00e1n este domingo, la Corte Suprema de Justicia resolvi\u00f3 los reclamos de las oposiciones pol\u00edticas en dos de esos distritos, por la supuesta inconstitucionalidad de las candidaturas a gobernador o vice de los postulantes peronistas. Se trata de San Juan y Tucum\u00e1n, donde Sergio U\u00f1ac y Juan Manzur pretenden permanecer o volver a la f\u00f3rmula provincial, pese a que ya la ocuparon en m\u00e1s de tres per\u00edodos. L<strong>a mayor\u00eda de la Corte orden\u00f3 suspender las elecciones programadas para este domingo en las dos provincias.<\/strong><\/p>\n\n\n\n<p>Con el voto de los ministros Horacio Rosatti, Carlos Rosenkrantz y Juan Carlos Maqueda, la Corte acept\u00f3 las medidas cautelares presentadas por la oposici\u00f3n en esas provincias, y&nbsp;<strong>pidi\u00f3 informes que deber\u00e1n ser respondidos en un plazo de cinco d\u00edas.<\/strong><\/p>\n\n\n\n<p><strong>El otro ministro de la Corte, Ricardo Lorenzetti, se encuentra en Europa,&nbsp;<\/strong>donde la semana pasada particip\u00f3 de un encuentro en el Vaticano junto al Papa.<\/p>\n\n\n\n<p>Los reclamos que llegaron al m\u00e1ximo tribunal como sede originaria de los expedientes provenientes de las provincias, aterrizaron all\u00ed hace pocas semanas, cuando fueron oficializadas las f\u00f3rmulas electorales en cada distrito.<\/p>\n\n\n\n<p>En Cuyo, la alianza electoral San Juan por Todos argument\u00f3 que seg\u00fan&nbsp;la Constituci\u00f3n sanjuanina, el gobernador y el vice deben estar cuatro a\u00f1os en el poder y pueden ser reelegidos consecutivamente hasta dos veces.<\/p>\n\n\n\n<p>\u00abPor cuanto ha cumplido, seg\u00fan sostienen tres per\u00edodos constitucionales consecutivos en el desempe\u00f1o de las magistraturas de vicegobernador y gobernador, que fue elegido vicegobernador por el per\u00edodo constitucional 2011-2015 y luego elegido gobernador en los dos per\u00edodos consecutivos siguientes (2015-2019 y 2019-2023)\u00bb, expresaron en un la presentaci\u00f3n judicial.<\/p>\n\n\n\n<p>All\u00ed agregan que \u00abla eventual reelecci\u00f3n de U\u00f1ac redundar\u00eda en el ejercicio de su cargo por un cuarto per\u00edodo, evento taxativamente prohibido por la norma\u00bb. Para el oficialismo peronista, los cargos de gobernador y de vice no son id\u00e9nticos ni asemejables a la luz de esa misma Constituci\u00f3n, y por eso n<strong>o deber\u00eda tenerse en cuenta para el c\u00f3mputo actual el per\u00edodo en que U\u00f1ac fue vicegobernador de Jos\u00e9 Luis Gioja.<\/strong><\/p>\n\n\n\n<p>Una\u200b aritm\u00e9tica igualmente rocambolesca se traz\u00f3 en Tucum\u00e1n, donde Juan Manzur&nbsp;fue dos veces vicegobernador -entre 2007 y 2015-&nbsp;y dos veces gobernador, desde 2015 y hasta ahora. All\u00ed, el art\u00edculo de la Constituci\u00f3n torturado para interpretarlo de un modo o el opuesto, es el&nbsp;90, que permite al vicegobernador ser candidato a la gobernaci\u00f3n despu\u00e9s de dos per\u00edodos en esa silla, pero no clara si&nbsp;un gobernador con dos mandatos en el poder&nbsp;puede ser candidato a vice.<\/p>\n\n\n\n<p>Tal como se esperaba, la Corte tucumana le dio luz verde a Manzur, quien adem\u00e1s hasta \u00faltimo momento mantuvo abiertas varias opciones frente a este a\u00f1o electoral, incluida competir por la presidencia. \u00abDeclarar que, de acuerdo a lo dispuesto por el art\u00edculo 90 de la Constituci\u00f3n de Tucum\u00e1n, el Gobernador que ha sido elegido en dos oportunidades consecutivas para tal funci\u00f3n&nbsp;<strong>puede ser propuesto como candidato a, y eventualmente elegido como, Vicegobernador<\/strong>&nbsp;en el siguiente per\u00edodo\u00bb, dice el fallo de la Corte tucumana fechado en noviembre pasado, cuya apelaci\u00f3n es la que ahora resolvi\u00f3 el m\u00e1ximo tribunal nacional.<\/p>\n\n\n\n<p>Las especulaciones respecto a lo que har\u00eda la Corte nacional eran muchas. Con el correr de los d\u00edas, la que parec\u00eda imponerse era la de manifestarse despu\u00e9s de las elecciones, lo que hubiese dejado los reclamos casi en un terreno abstracto: era muy dif\u00edcil imaginar que el m\u00e1ximo tribunal ordenara repetir los comicios sin U\u00f1ac ni Manzur en las nuevas boletas.<\/p>\n\n\n\n<p>Tambi\u00e9n se analizaban viejas intervenciones del m\u00e1ximo tribunal en cuestiones electorales, como la autorizaci\u00f3n a Santa Cruz para que mantuviese el controvertido sistema de Ley de Lemas porque consider\u00f3 que era una cuesti\u00f3n de ese distrito y que el sistema federal de gobierno le imped\u00eda entrometerse.<\/p>\n\n\n\n<p>Pero La Corte tambi\u00e9n impidi\u00f3 que el santiague\u00f1o Gerardo Zamora, el riojano Sergio Casas y el rionegrino Alberto Weretilneck se presenten a distintas elecciones.<\/p>\n\n\n\n<p>En marzo de 2019, cuando rechaz\u00f3 la postulaci\u00f3n para la re-reelecci\u00f3n de Alberto Weretilneck en R\u00edo Negro y la candidatura del entonces gobernador Sergio Casas, en La Rioja, los ministros&nbsp;tomaron como&nbsp;antecedente la sentencia de la Corte de 2013 que impidi\u00f3 la re-reelecci\u00f3n de Gerardo Zamora en Santiago del Estero.<\/p>\n\n\n\n<p>Cuando el peronista Sergio Casas, era gobernador de La Rioja, y Alberto Weretilneck, m\u00e1ximo mandatario de R\u00edo Negro por un partido provincial, intentaron presentarse en 2019, habiendo sido vicegobernadores y despu\u00e9s gobernadores quisieron ir por un mandato m\u00e1s, la Corte tambi\u00e9n lo rechaz\u00f3.<\/p>\n","protected":false},"excerpt":{"rendered":"<p>Sobre el filo de la veda electoral previa a las elecciones en cinco provincias que se realizar\u00e1n este domingo, la Corte Suprema de Justicia resolvi\u00f3 los reclamos de las oposiciones pol\u00edticas en dos de esos distritos, por la supuesta inconstitucionalidad de las candidaturas a gobernador o vice de los postulantes peronistas. Se trata de San<a class=\"read-more\" href=\"https:\/\/elfederalmendoza.com.ar\/index.php\/2023\/05\/09\/la-corte-suprema-suspendio-las-elecciones-del-domingo-en-tucuman-y-san-juan\/\"> [&hellip;]<\/a><\/p>\n","protected":false},"author":2,"featured_media":22616,"comment_status":"open","ping_status":"open","sticky":false,"template":"","format":"standard","meta":{"footnotes":""},"categories":[1],"tags":[],"class_list":["post-22600","post","type-post","status-publish","format-standard","has-post-thumbnail","hentry","category-mza"],"rttpg_featured_image_url":{"full":["https:\/\/elfederalmendoza.com.ar\/wp-content\/uploads\/2023\/05\/descarga-3.jpg",272,185,false],"landscape":["https:\/\/elfederalmendoza.com.ar\/wp-content\/uploads\/2023\/05\/descarga-3.jpg",272,185,false],"portraits":["https:\/\/elfederalmendoza.com.ar\/wp-content\/uploads\/2023\/05\/descarga-3.jpg",272,185,false],"thumbnail":["https:\/\/elfederalmendoza.com.ar\/wp-content\/uploads\/2023\/05\/descarga-3-150x150.jpg",150,150,true],"medium":["https:\/\/elfederalmendoza.com.ar\/wp-content\/uploads\/2023\/05\/descarga-3.jpg",272,185,false],"large":["https:\/\/elfederalmendoza.com.ar\/wp-content\/uploads\/2023\/05\/descarga-3.jpg",272,185,false],"1536x1536":["https:\/\/elfederalmendoza.com.ar\/wp-content\/uploads\/2023\/05\/descarga-3.jpg",272,185,false],"2048x2048":["https:\/\/elfederalmendoza.com.ar\/wp-content\/uploads\/2023\/05\/descarga-3.jpg",272,185,false],"ultp_layout_landscape_large":["https:\/\/elfederalmendoza.com.ar\/wp-content\/uploads\/2023\/05\/descarga-3.jpg",272,185,false],"ultp_layout_landscape":["https:\/\/elfederalmendoza.com.ar\/wp-content\/uploads\/2023\/05\/descarga-3.jpg",272,185,false],"ultp_layout_portrait":["https:\/\/elfederalmendoza.com.ar\/wp-content\/uploads\/2023\/05\/descarga-3.jpg",272,185,false],"ultp_layout_square":["https:\/\/elfederalmendoza.com.ar\/wp-content\/uploads\/2023\/05\/descarga-3.jpg",272,185,false],"rpwe-thumbnail":["https:\/\/elfederalmendoza.com.ar\/wp-content\/uploads\/2023\/05\/descarga-3-45x45.jpg",45,45,true],"advps-thumb-one":["https:\/\/elfederalmendoza.com.ar\/wp-content\/uploads\/2023\/05\/descarga-3.jpg",272,185,false]},"rttpg_author":{"display_name":"Redacci\u00f3n El Federal","author_link":"https:\/\/elfederalmendoza.com.ar\/index.php\/author\/angelflores\/"},"rttpg_comment":0,"rttpg_category":"<a href=\"https:\/\/elfederalmendoza.com.ar\/index.php\/category\/mza\/\" rel=\"category tag\">Mendoza<\/a>","rttpg_excerpt":"Sobre el filo de la veda electoral previa a las elecciones en cinco provincias que se realizar\u00e1n este domingo, la Corte Suprema de Justicia resolvi\u00f3 los reclamos de las oposiciones pol\u00edticas en dos de esos distritos, por la supuesta inconstitucionalidad de las candidaturas a gobernador o vice de los postulantes peronistas. Se trata de San&hellip;","_links":{"self":[{"href":"https:\/\/elfederalmendoza.com.ar\/index.php\/wp-json\/wp\/v2\/posts\/22600","targetHints":{"allow":["GET"]}}],"collection":[{"href":"https:\/\/elfederalmendoza.com.ar\/index.php\/wp-json\/wp\/v2\/posts"}],"about":[{"href":"https:\/\/elfederalmendoza.com.ar\/index.php\/wp-json\/wp\/v2\/types\/post"}],"author":[{"embeddable":true,"href":"https:\/\/elfederalmendoza.com.ar\/index.php\/wp-json\/wp\/v2\/users\/2"}],"replies":[{"embeddable":true,"href":"https:\/\/elfederalmendoza.com.ar\/index.php\/wp-json\/wp\/v2\/comments?post=22600"}],"version-history":[{"count":1,"href":"https:\/\/elfederalmendoza.com.ar\/index.php\/wp-json\/wp\/v2\/posts\/22600\/revisions"}],"predecessor-version":[{"id":22617,"href":"https:\/\/elfederalmendoza.com.ar\/index.php\/wp-json\/wp\/v2\/posts\/22600\/revisions\/22617"}],"wp:featuredmedia":[{"embeddable":true,"href":"https:\/\/elfederalmendoza.com.ar\/index.php\/wp-json\/wp\/v2\/media\/22616"}],"wp:attachment":[{"href":"https:\/\/elfederalmendoza.com.ar\/index.php\/wp-json\/wp\/v2\/media?parent=22600"}],"wp:term":[{"taxonomy":"category","embeddable":true,"href":"https:\/\/elfederalmendoza.com.ar\/index.php\/wp-json\/wp\/v2\/categories?post=22600"},{"taxonomy":"post_tag","embeddable":true,"href":"https:\/\/elfederalmendoza.com.ar\/index.php\/wp-json\/wp\/v2\/tags?post=22600"}],"curies":[{"name":"wp","href":"https:\/\/api.w.org\/{rel}","templated":true}]}}