{"id":22601,"date":"2023-05-09T11:12:34","date_gmt":"2023-05-09T14:12:34","guid":{"rendered":"https:\/\/elfederalmendoza.com\/?p=22601"},"modified":"2023-05-09T11:12:34","modified_gmt":"2023-05-09T14:12:34","slug":"un-hombre-se-atrinchero-luego-de-ser-denunciado-por-intentar-matar-a-su-pareja-en-las-heras-gran-operativo-policial","status":"publish","type":"post","link":"https:\/\/elfederalmendoza.com.ar\/index.php\/2023\/05\/09\/un-hombre-se-atrinchero-luego-de-ser-denunciado-por-intentar-matar-a-su-pareja-en-las-heras-gran-operativo-policial\/","title":{"rendered":"Un hombre se atrincher\u00f3 luego de ser denunciado por intentar matar a su pareja en Las Heras: gran operativo policial"},"content":{"rendered":"\n<p>Un caso de&nbsp;<strong>violencia de g\u00e9nero<\/strong>&nbsp;encendi\u00f3 las alertas en las autoridades policiales y judiciales durante la madrugada de este martes en&nbsp;<strong>Las Heras<\/strong>.<\/p>\n\n\n\n<p>Una mujer denunci\u00f3 que su pareja la retuvo contra su voluntad, la golpe\u00f3 e intentar asesinarla. Si bien la v\u00edctima logr\u00f3 escapar de la casa,<strong> el hombre se atrincher\u00f3 y amenaz\u00f3 con prender fuego todo y suicidarse.<\/strong><\/p>\n\n\n\n<p>Luego de un intenso operativo, negociadores lograron que el sujeto, de 37 a\u00f1os, depusiera su actitud y termin\u00f3 entreg\u00e1ndose, por lo que qued\u00f3 detenido en una dependencia departamental.<\/p>\n\n\n\n<p>El episodio se registr\u00f3 a partir de las 4.30, cuando una mujer se comunic\u00f3 con la l\u00ednea de emergencias 911 y&nbsp;<mark>advirti\u00f3 que estaba siendo v\u00edctima de violencia de g\u00e9nero por parte de su c\u00f3nyuge<\/mark>.<\/p>\n\n\n\n<p>Ante eso, polic\u00edas de la<strong>&nbsp;Unidad Especial de Patrullaje Las Heras&nbsp;<\/strong>(<strong>UEP<\/strong>), se dirigieron hasta el domicilio de avenida San Mart\u00edn y Ballofet, junto a la f\u00e1brica&nbsp;<strong>Yogurlac<\/strong>, donde encontraron a la mujer en la vereda.<\/p>\n\n\n\n<p>La denunciante les explic\u00f3 que su pareja&nbsp;<mark>la mantuvo privada de su libertad y que logr\u00f3 huir. Tambi\u00e9n agreg\u00f3 que la hab\u00eda golpeado, que intent\u00f3 matarla y que el hombre continuaba en el interior de la vivienda<\/mark>, relataron fuentes allegadas al hecho.<\/p>\n\n\n\n<p>Fue all\u00ed cuando el sospechoso, desde dentro del inmueble, les grit\u00f3 a los efectivos que&nbsp;<em>\u201cno iba a caer preso por culpa de su mujer\u201d&nbsp;<\/em>y que&nbsp;<em>\u201cantes de eso iba a prender fuego la casa, se iba a rociar con nafta y se iba a pegar un tiro\u201d<\/em>, agregaron.<\/p>\n\n\n\n<p>Frente a esa situaci\u00f3n, se activ\u00f3 el protocolo de actuaci\u00f3n del<strong>&nbsp;Grupo de Resoluci\u00f3n de Incidentes y Secuestros<\/strong>&nbsp;(<strong>GRIS<\/strong>), al tratarse de una situaci\u00f3n de crisis de alto riesgo, por lo que los especialistas acudieron r\u00e1pidamente a la escena.<\/p>\n\n\n\n<p>La tarea de abordar al causante no fue simple. En un primer contacto del negociador,&nbsp;<mark>el sujeto sostuvo que&nbsp;<em>\u201cprefer\u00eda estar muerto antes que caer preso\u201d<\/em>&nbsp;y mostr\u00f3 una postura indeclinable<\/mark>.<\/p>\n\n\n\n<p>Con el correr de las horas, siendo las 6.20, las charlas condujeron a buen puerto y el hombre desisti\u00f3 de su violento accionar. Seguidamente, se puso a disposici\u00f3n de los polic\u00edas, que lo retiraron de la vivienda y lo trasladaron a una comisar\u00eda de la zona.<\/p>\n\n\n\n<p>Las actuaciones judiciales estuvieron a cargo de la&nbsp;<strong>Oficina Fiscal N\u00ba 5<\/strong>&nbsp;y de la fiscal de Homicidios&nbsp;<strong>Claudia R\u00edos<\/strong>, quien tiene injerencia en situaciones de alto riesgo.<\/p>\n","protected":false},"excerpt":{"rendered":"<p>Un caso de&nbsp;violencia de g\u00e9nero&nbsp;encendi\u00f3 las alertas en las autoridades policiales y judiciales durante la madrugada de este martes en&nbsp;Las Heras. Una mujer denunci\u00f3 que su pareja la retuvo contra su voluntad, la golpe\u00f3 e intentar asesinarla. Si bien la v\u00edctima logr\u00f3 escapar de la casa, el hombre se atrincher\u00f3 y amenaz\u00f3 con prender fuego<a class=\"read-more\" href=\"https:\/\/elfederalmendoza.com.ar\/index.php\/2023\/05\/09\/un-hombre-se-atrinchero-luego-de-ser-denunciado-por-intentar-matar-a-su-pareja-en-las-heras-gran-operativo-policial\/\"> [&hellip;]<\/a><\/p>\n","protected":false},"author":2,"featured_media":22602,"comment_status":"open","ping_status":"open","sticky":false,"template":"","format":"standard","meta":{"footnotes":""},"categories":[1],"tags":[],"class_list":["post-22601","post","type-post","status-publish","format-standard","has-post-thumbnail","hentry","category-mza"],"rttpg_featured_image_url":{"full":["https:\/\/elfederalmendoza.com.ar\/wp-content\/uploads\/2023\/05\/las-heras.jpg",1193,650,false],"landscape":["https:\/\/elfederalmendoza.com.ar\/wp-content\/uploads\/2023\/05\/las-heras.jpg",1193,650,false],"portraits":["https:\/\/elfederalmendoza.com.ar\/wp-content\/uploads\/2023\/05\/las-heras.jpg",1193,650,false],"thumbnail":["https:\/\/elfederalmendoza.com.ar\/wp-content\/uploads\/2023\/05\/las-heras-150x150.jpg",150,150,true],"medium":["https:\/\/elfederalmendoza.com.ar\/wp-content\/uploads\/2023\/05\/las-heras-300x163.jpg",300,163,true],"large":["https:\/\/elfederalmendoza.com.ar\/wp-content\/uploads\/2023\/05\/las-heras-1024x558.jpg",640,349,true],"1536x1536":["https:\/\/elfederalmendoza.com.ar\/wp-content\/uploads\/2023\/05\/las-heras.jpg",1193,650,false],"2048x2048":["https:\/\/elfederalmendoza.com.ar\/wp-content\/uploads\/2023\/05\/las-heras.jpg",1193,650,false],"ultp_layout_landscape_large":["https:\/\/elfederalmendoza.com.ar\/wp-content\/uploads\/2023\/05\/las-heras.jpg",1193,650,false],"ultp_layout_landscape":["https:\/\/elfederalmendoza.com.ar\/wp-content\/uploads\/2023\/05\/las-heras-870x570.jpg",870,570,true],"ultp_layout_portrait":["https:\/\/elfederalmendoza.com.ar\/wp-content\/uploads\/2023\/05\/las-heras-600x650.jpg",600,650,true],"ultp_layout_square":["https:\/\/elfederalmendoza.com.ar\/wp-content\/uploads\/2023\/05\/las-heras-600x600.jpg",600,600,true],"rpwe-thumbnail":["https:\/\/elfederalmendoza.com.ar\/wp-content\/uploads\/2023\/05\/las-heras-45x45.jpg",45,45,true],"advps-thumb-one":["https:\/\/elfederalmendoza.com.ar\/wp-content\/uploads\/2023\/05\/las-heras-1193x420.jpg",1193,420,true]},"rttpg_author":{"display_name":"Redacci\u00f3n El Federal","author_link":"https:\/\/elfederalmendoza.com.ar\/index.php\/author\/angelflores\/"},"rttpg_comment":0,"rttpg_category":"<a href=\"https:\/\/elfederalmendoza.com.ar\/index.php\/category\/mza\/\" rel=\"category tag\">Mendoza<\/a>","rttpg_excerpt":"Un caso de&nbsp;violencia de g\u00e9nero&nbsp;encendi\u00f3 las alertas en las autoridades policiales y judiciales durante la madrugada de este martes en&nbsp;Las Heras. Una mujer denunci\u00f3 que su pareja la retuvo contra su voluntad, la golpe\u00f3 e intentar asesinarla. Si bien la v\u00edctima logr\u00f3 escapar de la casa, el hombre se atrincher\u00f3 y amenaz\u00f3 con prender fuego&hellip;","_links":{"self":[{"href":"https:\/\/elfederalmendoza.com.ar\/index.php\/wp-json\/wp\/v2\/posts\/22601","targetHints":{"allow":["GET"]}}],"collection":[{"href":"https:\/\/elfederalmendoza.com.ar\/index.php\/wp-json\/wp\/v2\/posts"}],"about":[{"href":"https:\/\/elfederalmendoza.com.ar\/index.php\/wp-json\/wp\/v2\/types\/post"}],"author":[{"embeddable":true,"href":"https:\/\/elfederalmendoza.com.ar\/index.php\/wp-json\/wp\/v2\/users\/2"}],"replies":[{"embeddable":true,"href":"https:\/\/elfederalmendoza.com.ar\/index.php\/wp-json\/wp\/v2\/comments?post=22601"}],"version-history":[{"count":1,"href":"https:\/\/elfederalmendoza.com.ar\/index.php\/wp-json\/wp\/v2\/posts\/22601\/revisions"}],"predecessor-version":[{"id":22603,"href":"https:\/\/elfederalmendoza.com.ar\/index.php\/wp-json\/wp\/v2\/posts\/22601\/revisions\/22603"}],"wp:featuredmedia":[{"embeddable":true,"href":"https:\/\/elfederalmendoza.com.ar\/index.php\/wp-json\/wp\/v2\/media\/22602"}],"wp:attachment":[{"href":"https:\/\/elfederalmendoza.com.ar\/index.php\/wp-json\/wp\/v2\/media?parent=22601"}],"wp:term":[{"taxonomy":"category","embeddable":true,"href":"https:\/\/elfederalmendoza.com.ar\/index.php\/wp-json\/wp\/v2\/categories?post=22601"},{"taxonomy":"post_tag","embeddable":true,"href":"https:\/\/elfederalmendoza.com.ar\/index.php\/wp-json\/wp\/v2\/tags?post=22601"}],"curies":[{"name":"wp","href":"https:\/\/api.w.org\/{rel}","templated":true}]}}