{"id":22604,"date":"2023-05-09T05:28:00","date_gmt":"2023-05-09T08:28:00","guid":{"rendered":"https:\/\/elfederalmendoza.com\/?p=22604"},"modified":"2023-05-09T11:48:58","modified_gmt":"2023-05-09T14:48:58","slug":"netflix-el-fenomeno-de-el-amor-despues-del-amor-la-serie-numero-uno-sobre-la-vida-de-fito-paez","status":"publish","type":"post","link":"https:\/\/elfederalmendoza.com.ar\/index.php\/2023\/05\/09\/netflix-el-fenomeno-de-el-amor-despues-del-amor-la-serie-numero-uno-sobre-la-vida-de-fito-paez\/","title":{"rendered":"Netflix: El fen\u00f3meno de \u00abEl amor despu\u00e9s del amor\u00bb, la serie n\u00famero uno sobre la vida de Fito P\u00e1ez"},"content":{"rendered":"\n<p>\u00abEl amor despu\u00e9s del amor\u00bb, el \u00e9xito en Netflix&nbsp;<strong>sobre la&nbsp;vida de Fito P\u00e1ez<\/strong>, narra su infancia, la relaci\u00f3n con sus padres, el asesinato de sus abuelas durante un asalto, sus grandes amores:&nbsp;<strong>Fabiana Cantilo<\/strong>&nbsp;y&nbsp;<strong>Cecilia Roth<\/strong>, olvido incluir a&nbsp;<strong>Romina Ricci<\/strong>, la actriz madre de su hija Margarita, sus logros musicales, los viajes, las giras, los excesos, todo reflejado en solo <strong>8 cap\u00edtulos<\/strong> muy llevaderos y bien logrados.<\/p>\n\n\n\n<h2 class=\"wp-block-heading\">La filmaci\u00f3n<\/h2>\n\n\n\n<p>El rodaje de\u00a0<em>El amor despu\u00e9s del amor<\/em>\u00a0dur\u00f3 siete meses, desde enero a julio de 2022, y se llev\u00f3 a cabo en diferentes locaciones de Buenos Aires y tambi\u00e9n de Santa Marta, peque\u00f1a localidad de Colombia, donde se recrearon las escenas de R\u00edo de Janeiro, La Habana y Punta del Este. <\/p>\n\n\n\n<figure class=\"wp-block-image size-full is-resized\"><img loading=\"lazy\" decoding=\"async\" src=\"https:\/\/elfederalmendoza.com\/wp-content\/uploads\/2023\/05\/fito-paez.jpg\" alt=\"\" class=\"wp-image-22605\" width=\"966\" height=\"644\" srcset=\"https:\/\/elfederalmendoza.com.ar\/wp-content\/uploads\/2023\/05\/fito-paez.jpg 474w, https:\/\/elfederalmendoza.com.ar\/wp-content\/uploads\/2023\/05\/fito-paez-300x200.jpg 300w\" sizes=\"auto, (max-width: 966px) 100vw, 966px\" \/><\/figure>\n\n\n\n<p>La recreaci\u00f3n de la casa de la familia P\u00e1ez en Rosario se llev\u00f3 a cabo en un set construido minuciosamente a partir de im\u00e1genes del archivo familiar que el mismo m\u00fasico aport\u00f3. Un dato de color: el cuadro que aparece en la pared detr\u00e1s del piano es el original, provisto por el creador de \u201cP\u00e9talo de sal\u201d. Para las escenas en exteriores hubo un exhaustivo trabajo de investigaci\u00f3n y referencias de las \u00e9pocas representadas en la serie, que van desde fines de los a\u00f1os 70 hasta comienzos de los 90. Tambi\u00e9n se realizaron ajustes de detalles en v\u00eda p\u00fablica a trav\u00e9s de efectos especiales.<\/p>\n\n\n\n<figure class=\"wp-block-embed is-type-video is-provider-youtube wp-block-embed-youtube wp-embed-aspect-16-9 wp-has-aspect-ratio\"><div class=\"wp-block-embed__wrapper\">\n<iframe loading=\"lazy\" title=\"El amor despu\u00e9s del amor | Tr\u00e1iler oficial | Netflix\" width=\"640\" height=\"360\" src=\"https:\/\/www.youtube.com\/embed\/xUlJZ7AMaro?feature=oembed\" frameborder=\"0\" allow=\"accelerometer; autoplay; clipboard-write; encrypted-media; gyroscope; picture-in-picture; web-share\" referrerpolicy=\"strict-origin-when-cross-origin\" allowfullscreen><\/iframe>\n<\/div><\/figure>\n\n\n\n<p>El elenco lo conforman: Iv\u00e1n Hochman, Micaela Riera, Mart\u00edn Campilongo, Gaspar Offenhenden, Daryna Butryk, Mariano Saborido, Manu Fanego, Andr\u00e9s Fejerman (Andy Chango) y Juli\u00e1n Kart\u00fan.<\/p>\n\n\n\n<p>El amor despu\u00e9s del Amor, adem\u00e1s de ser el nombre elegido para esta serie, es el nombre del&nbsp;<strong>disco de<\/strong><a target=\"_blank\" href=\"https:\/\/www.perfil.com\/noticias\/cultura\/la-serie-de-fito-paez-en-netflix-las-puertas-estan-abiertas-para-una-segunda-temporada.phtml\" rel=\"noreferrer noopener\"><strong>&nbsp;Fito Paez<\/strong><\/a><strong>&nbsp;m\u00e1s vendido de la historia del rock nacional<\/strong>. El amor despu\u00e9s del amor&nbsp;<strong>vendi\u00f3 1.100.000 copias<\/strong>.<\/p>\n","protected":false},"excerpt":{"rendered":"<p>\u00abEl amor despu\u00e9s del amor\u00bb, el \u00e9xito en Netflix&nbsp;sobre la&nbsp;vida de Fito P\u00e1ez, narra su infancia, la relaci\u00f3n con sus padres, el asesinato de sus abuelas durante un asalto, sus grandes amores:&nbsp;Fabiana Cantilo&nbsp;y&nbsp;Cecilia Roth, olvido incluir a&nbsp;Romina Ricci, la actriz madre de su hija Margarita, sus logros musicales, los viajes, las giras, los excesos, todo<a class=\"read-more\" href=\"https:\/\/elfederalmendoza.com.ar\/index.php\/2023\/05\/09\/netflix-el-fenomeno-de-el-amor-despues-del-amor-la-serie-numero-uno-sobre-la-vida-de-fito-paez\/\"> [&hellip;]<\/a><\/p>\n","protected":false},"author":2,"featured_media":22607,"comment_status":"open","ping_status":"open","sticky":false,"template":"","format":"standard","meta":{"footnotes":""},"categories":[5618],"tags":[],"class_list":["post-22604","post","type-post","status-publish","format-standard","has-post-thumbnail","hentry","category-arg"],"rttpg_featured_image_url":{"full":["https:\/\/elfederalmendoza.com.ar\/wp-content\/uploads\/2023\/05\/fito-paez1.jpg",951,676,false],"landscape":["https:\/\/elfederalmendoza.com.ar\/wp-content\/uploads\/2023\/05\/fito-paez1.jpg",951,676,false],"portraits":["https:\/\/elfederalmendoza.com.ar\/wp-content\/uploads\/2023\/05\/fito-paez1.jpg",951,676,false],"thumbnail":["https:\/\/elfederalmendoza.com.ar\/wp-content\/uploads\/2023\/05\/fito-paez1-150x150.jpg",150,150,true],"medium":["https:\/\/elfederalmendoza.com.ar\/wp-content\/uploads\/2023\/05\/fito-paez1-300x213.jpg",300,213,true],"large":["https:\/\/elfederalmendoza.com.ar\/wp-content\/uploads\/2023\/05\/fito-paez1.jpg",640,455,false],"1536x1536":["https:\/\/elfederalmendoza.com.ar\/wp-content\/uploads\/2023\/05\/fito-paez1.jpg",951,676,false],"2048x2048":["https:\/\/elfederalmendoza.com.ar\/wp-content\/uploads\/2023\/05\/fito-paez1.jpg",951,676,false],"ultp_layout_landscape_large":["https:\/\/elfederalmendoza.com.ar\/wp-content\/uploads\/2023\/05\/fito-paez1.jpg",951,676,false],"ultp_layout_landscape":["https:\/\/elfederalmendoza.com.ar\/wp-content\/uploads\/2023\/05\/fito-paez1-870x570.jpg",870,570,true],"ultp_layout_portrait":["https:\/\/elfederalmendoza.com.ar\/wp-content\/uploads\/2023\/05\/fito-paez1-600x676.jpg",600,676,true],"ultp_layout_square":["https:\/\/elfederalmendoza.com.ar\/wp-content\/uploads\/2023\/05\/fito-paez1-600x600.jpg",600,600,true],"rpwe-thumbnail":["https:\/\/elfederalmendoza.com.ar\/wp-content\/uploads\/2023\/05\/fito-paez1-45x45.jpg",45,45,true],"advps-thumb-one":["https:\/\/elfederalmendoza.com.ar\/wp-content\/uploads\/2023\/05\/fito-paez1-951x420.jpg",951,420,true]},"rttpg_author":{"display_name":"Redacci\u00f3n El Federal","author_link":"https:\/\/elfederalmendoza.com.ar\/index.php\/author\/angelflores\/"},"rttpg_comment":0,"rttpg_category":"<a href=\"https:\/\/elfederalmendoza.com.ar\/index.php\/category\/arg\/\" rel=\"category tag\">Argentina<\/a>","rttpg_excerpt":"\u00abEl amor despu\u00e9s del amor\u00bb, el \u00e9xito en Netflix&nbsp;sobre la&nbsp;vida de Fito P\u00e1ez, narra su infancia, la relaci\u00f3n con sus padres, el asesinato de sus abuelas durante un asalto, sus grandes amores:&nbsp;Fabiana Cantilo&nbsp;y&nbsp;Cecilia Roth, olvido incluir a&nbsp;Romina Ricci, la actriz madre de su hija Margarita, sus logros musicales, los viajes, las giras, los excesos, todo&hellip;","_links":{"self":[{"href":"https:\/\/elfederalmendoza.com.ar\/index.php\/wp-json\/wp\/v2\/posts\/22604","targetHints":{"allow":["GET"]}}],"collection":[{"href":"https:\/\/elfederalmendoza.com.ar\/index.php\/wp-json\/wp\/v2\/posts"}],"about":[{"href":"https:\/\/elfederalmendoza.com.ar\/index.php\/wp-json\/wp\/v2\/types\/post"}],"author":[{"embeddable":true,"href":"https:\/\/elfederalmendoza.com.ar\/index.php\/wp-json\/wp\/v2\/users\/2"}],"replies":[{"embeddable":true,"href":"https:\/\/elfederalmendoza.com.ar\/index.php\/wp-json\/wp\/v2\/comments?post=22604"}],"version-history":[{"count":2,"href":"https:\/\/elfederalmendoza.com.ar\/index.php\/wp-json\/wp\/v2\/posts\/22604\/revisions"}],"predecessor-version":[{"id":22609,"href":"https:\/\/elfederalmendoza.com.ar\/index.php\/wp-json\/wp\/v2\/posts\/22604\/revisions\/22609"}],"wp:featuredmedia":[{"embeddable":true,"href":"https:\/\/elfederalmendoza.com.ar\/index.php\/wp-json\/wp\/v2\/media\/22607"}],"wp:attachment":[{"href":"https:\/\/elfederalmendoza.com.ar\/index.php\/wp-json\/wp\/v2\/media?parent=22604"}],"wp:term":[{"taxonomy":"category","embeddable":true,"href":"https:\/\/elfederalmendoza.com.ar\/index.php\/wp-json\/wp\/v2\/categories?post=22604"},{"taxonomy":"post_tag","embeddable":true,"href":"https:\/\/elfederalmendoza.com.ar\/index.php\/wp-json\/wp\/v2\/tags?post=22604"}],"curies":[{"name":"wp","href":"https:\/\/api.w.org\/{rel}","templated":true}]}}