{"id":22611,"date":"2023-05-09T14:07:13","date_gmt":"2023-05-09T17:07:13","guid":{"rendered":"https:\/\/elfederalmendoza.com\/?p=22611"},"modified":"2023-05-09T14:07:16","modified_gmt":"2023-05-09T17:07:16","slug":"los-monos-sueltos-en-el-cerro-de-la-gloria-un-peligro-para-los-humanos-y-para-los-animales","status":"publish","type":"post","link":"https:\/\/elfederalmendoza.com.ar\/index.php\/2023\/05\/09\/los-monos-sueltos-en-el-cerro-de-la-gloria-un-peligro-para-los-humanos-y-para-los-animales\/","title":{"rendered":"Los monos sueltos en el Cerro de la Gloria: Un peligro para los humanos y para los animales"},"content":{"rendered":"\n<p>Lectores de <strong>EL FEDERAL<\/strong> enviaron fotos de los monos sueltos que se encuentran en el Cerro de la Gloria. Un especialista nos cuenta los peligros que puede traer<strong> la interacci\u00f3n entre humanos y estos animales salvajes<\/strong>.<\/p>\n\n\n\n<p>En la ma\u00f1ana de este martes, turistas que visitan el monumento hist\u00f3rico, se encontraron con 6 o 7 monos, buscando comida, y seg\u00fan contaron a nuestra redacci\u00f3n, c<strong>on comportamientos agresivos.<\/strong><\/p>\n\n\n\n<p><strong>\u00abNo s\u00e9 si los sueltan a prop\u00f3sito o se escaparon del zool\u00f3gico\u00bb<\/strong>, dijo preocupado uno de los testigos, ante la visita de los monos en las inmediaciones y escaleras del Cerro de la Gloria, que buscan comida, y que la gente les da sin saber las consecuencias que puede traer darles alimentos fuera de la dieta para este tipo de monos.<\/p>\n\n\n\n<figure class=\"wp-block-image size-full is-resized\"><img loading=\"lazy\" decoding=\"async\" src=\"https:\/\/elfederalmendoza.com\/wp-content\/uploads\/2023\/05\/cerro-de-la-gloria.jpg\" alt=\"\" class=\"wp-image-22613\" width=\"967\" height=\"726\" srcset=\"https:\/\/elfederalmendoza.com.ar\/wp-content\/uploads\/2023\/05\/cerro-de-la-gloria.jpg 474w, https:\/\/elfederalmendoza.com.ar\/wp-content\/uploads\/2023\/05\/cerro-de-la-gloria-300x225.jpg 300w\" sizes=\"auto, (max-width: 967px) 100vw, 967px\" \/><\/figure>\n\n\n\n<p>El veterinario y titular de <strong><a href=\"https:\/\/www.instagram.com\/rescatedeautoctonos\/\">Rescate de Aut\u00f3ctonos<\/a><\/strong>, el veterinario Juan Manuel Luque, dijo que esta interacci\u00f3n entre humanos y animales salvajes \u00abes p\u00e9sima, y puede traer consecuencias\u00bb, exclam\u00f3 a nuestra redacci\u00f3n.<\/p>\n\n\n\n<p>\u00abNo se puede decir que es una especia peligrosa, pero son animales salvajes que toman confianza, y esto es el detonante para que pueda haber conflictos en el comportamiento de estos monos\u00bb, enfatiz\u00f3. Agregando que \u00abesta especie, Mono Cai, y su nombre cient\u00edfico es Sapajus apella\u00bb.<\/p>\n\n\n\n<figure class=\"wp-block-image size-large is-resized\"><img loading=\"lazy\" decoding=\"async\" src=\"https:\/\/elfederalmendoza.com\/wp-content\/uploads\/2023\/05\/mono1-768x1024.jpg\" alt=\"\" class=\"wp-image-22614\" width=\"965\" height=\"1287\" srcset=\"https:\/\/elfederalmendoza.com.ar\/wp-content\/uploads\/2023\/05\/mono1-768x1024.jpg 768w, https:\/\/elfederalmendoza.com.ar\/wp-content\/uploads\/2023\/05\/mono1-225x300.jpg 225w, https:\/\/elfederalmendoza.com.ar\/wp-content\/uploads\/2023\/05\/mono1.jpg 960w\" sizes=\"auto, (max-width: 965px) 100vw, 965px\" \/><\/figure>\n\n\n\n<p>\u00abEsta especie es un animal omn\u00edvoro, que se alimenta preferentemente de frutos, aunque algunas veces atrapa peque\u00f1os vertebrados, tales como lagartijas. Pero hay mucha gente no lo sabe, y le tira alimentos procesados que pueden traer c\u00f3licos. <strong>Chicitos, alimentos con excesivas grasas o sal, no est\u00e1n en su dieta diaria<\/strong>\u00ab, precis\u00f3.<\/p>\n\n\n\n<p>\u00abVi a un polic\u00eda que sali\u00f3 corriendo despu\u00e9s de tirarle una galleta, <strong>y ante el comportamiento agresivo del mono<\/strong>\u00ab, dijo un testigo. <\/p>\n\n\n\n<p>Por otro lado, el veterinario dijo <strong>\u00abse debe hacer algo con estos animales, nada bueno puede traer la interacci\u00f3n entre humanos y animales salvajes\u00bb<\/strong>, finaliz\u00f3. <\/p>\n\n\n\n<p><\/p>\n","protected":false},"excerpt":{"rendered":"<p>Lectores de EL FEDERAL enviaron fotos de los monos sueltos que se encuentran en el Cerro de la Gloria. Un especialista nos cuenta los peligros que puede traer la interacci\u00f3n entre humanos y estos animales salvajes. En la ma\u00f1ana de este martes, turistas que visitan el monumento hist\u00f3rico, se encontraron con 6 o 7 monos,<a class=\"read-more\" href=\"https:\/\/elfederalmendoza.com.ar\/index.php\/2023\/05\/09\/los-monos-sueltos-en-el-cerro-de-la-gloria-un-peligro-para-los-humanos-y-para-los-animales\/\"> [&hellip;]<\/a><\/p>\n","protected":false},"author":2,"featured_media":22612,"comment_status":"open","ping_status":"open","sticky":false,"template":"","format":"standard","meta":{"footnotes":""},"categories":[1],"tags":[],"class_list":["post-22611","post","type-post","status-publish","format-standard","has-post-thumbnail","hentry","category-mza"],"rttpg_featured_image_url":{"full":["https:\/\/elfederalmendoza.com.ar\/wp-content\/uploads\/2023\/05\/mono2.jpg",952,674,false],"landscape":["https:\/\/elfederalmendoza.com.ar\/wp-content\/uploads\/2023\/05\/mono2.jpg",952,674,false],"portraits":["https:\/\/elfederalmendoza.com.ar\/wp-content\/uploads\/2023\/05\/mono2.jpg",952,674,false],"thumbnail":["https:\/\/elfederalmendoza.com.ar\/wp-content\/uploads\/2023\/05\/mono2-150x150.jpg",150,150,true],"medium":["https:\/\/elfederalmendoza.com.ar\/wp-content\/uploads\/2023\/05\/mono2-300x212.jpg",300,212,true],"large":["https:\/\/elfederalmendoza.com.ar\/wp-content\/uploads\/2023\/05\/mono2.jpg",640,453,false],"1536x1536":["https:\/\/elfederalmendoza.com.ar\/wp-content\/uploads\/2023\/05\/mono2.jpg",952,674,false],"2048x2048":["https:\/\/elfederalmendoza.com.ar\/wp-content\/uploads\/2023\/05\/mono2.jpg",952,674,false],"ultp_layout_landscape_large":["https:\/\/elfederalmendoza.com.ar\/wp-content\/uploads\/2023\/05\/mono2.jpg",952,674,false],"ultp_layout_landscape":["https:\/\/elfederalmendoza.com.ar\/wp-content\/uploads\/2023\/05\/mono2-870x570.jpg",870,570,true],"ultp_layout_portrait":["https:\/\/elfederalmendoza.com.ar\/wp-content\/uploads\/2023\/05\/mono2-600x674.jpg",600,674,true],"ultp_layout_square":["https:\/\/elfederalmendoza.com.ar\/wp-content\/uploads\/2023\/05\/mono2-600x600.jpg",600,600,true],"rpwe-thumbnail":["https:\/\/elfederalmendoza.com.ar\/wp-content\/uploads\/2023\/05\/mono2-45x45.jpg",45,45,true],"advps-thumb-one":["https:\/\/elfederalmendoza.com.ar\/wp-content\/uploads\/2023\/05\/mono2-952x420.jpg",952,420,true]},"rttpg_author":{"display_name":"Redacci\u00f3n El Federal","author_link":"https:\/\/elfederalmendoza.com.ar\/index.php\/author\/angelflores\/"},"rttpg_comment":0,"rttpg_category":"<a href=\"https:\/\/elfederalmendoza.com.ar\/index.php\/category\/mza\/\" rel=\"category tag\">Mendoza<\/a>","rttpg_excerpt":"Lectores de EL FEDERAL enviaron fotos de los monos sueltos que se encuentran en el Cerro de la Gloria. Un especialista nos cuenta los peligros que puede traer la interacci\u00f3n entre humanos y estos animales salvajes. En la ma\u00f1ana de este martes, turistas que visitan el monumento hist\u00f3rico, se encontraron con 6 o 7 monos,&hellip;","_links":{"self":[{"href":"https:\/\/elfederalmendoza.com.ar\/index.php\/wp-json\/wp\/v2\/posts\/22611","targetHints":{"allow":["GET"]}}],"collection":[{"href":"https:\/\/elfederalmendoza.com.ar\/index.php\/wp-json\/wp\/v2\/posts"}],"about":[{"href":"https:\/\/elfederalmendoza.com.ar\/index.php\/wp-json\/wp\/v2\/types\/post"}],"author":[{"embeddable":true,"href":"https:\/\/elfederalmendoza.com.ar\/index.php\/wp-json\/wp\/v2\/users\/2"}],"replies":[{"embeddable":true,"href":"https:\/\/elfederalmendoza.com.ar\/index.php\/wp-json\/wp\/v2\/comments?post=22611"}],"version-history":[{"count":1,"href":"https:\/\/elfederalmendoza.com.ar\/index.php\/wp-json\/wp\/v2\/posts\/22611\/revisions"}],"predecessor-version":[{"id":22615,"href":"https:\/\/elfederalmendoza.com.ar\/index.php\/wp-json\/wp\/v2\/posts\/22611\/revisions\/22615"}],"wp:featuredmedia":[{"embeddable":true,"href":"https:\/\/elfederalmendoza.com.ar\/index.php\/wp-json\/wp\/v2\/media\/22612"}],"wp:attachment":[{"href":"https:\/\/elfederalmendoza.com.ar\/index.php\/wp-json\/wp\/v2\/media?parent=22611"}],"wp:term":[{"taxonomy":"category","embeddable":true,"href":"https:\/\/elfederalmendoza.com.ar\/index.php\/wp-json\/wp\/v2\/categories?post=22611"},{"taxonomy":"post_tag","embeddable":true,"href":"https:\/\/elfederalmendoza.com.ar\/index.php\/wp-json\/wp\/v2\/tags?post=22611"}],"curies":[{"name":"wp","href":"https:\/\/api.w.org\/{rel}","templated":true}]}}