{"id":22618,"date":"2023-05-09T15:39:59","date_gmt":"2023-05-09T18:39:59","guid":{"rendered":"https:\/\/elfederalmendoza.com\/?p=22618"},"modified":"2023-05-09T15:40:02","modified_gmt":"2023-05-09T18:40:02","slug":"un-supermercado-mayorista-decidio-limitar-las-compras-de-los-chilenos-en-mendoza","status":"publish","type":"post","link":"https:\/\/elfederalmendoza.com.ar\/index.php\/2023\/05\/09\/un-supermercado-mayorista-decidio-limitar-las-compras-de-los-chilenos-en-mendoza\/","title":{"rendered":"Un supermercado mayorista decidi\u00f3 limitar las compras de los chilenos en Mendoza"},"content":{"rendered":"\n<p>La invasi\u00f3n de clientes chilenos en busca de mercader\u00eda hizo que&nbsp;<mark>un supermercado mayorista decidiera acotar para los extranjeros<\/mark>&nbsp;su horario de atenci\u00f3n.&nbsp;<\/p>\n\n\n\n<p>Si bien empresarios del sector aseguran que no hay desabastecimiento ni desbordes, las largas filas que se generan en las l\u00edneas de cajas provocan malestar entre sus clientes.<\/p>\n\n\n\n<p>La primera medida que tomaron los supermercados fue ampliar su personal, tanto en la reposici\u00f3n como en las cajas,&nbsp;<mark>ahora el mayorista Oscar David determin\u00f3 que solo se atender\u00e1n a personas con DNI extranjero de 7 a 14.<\/mark><\/p>\n\n\n\n<p>En tanto, los clientes argentinos podr\u00e1n hacer sus compras de 7 a 19.<\/p>\n\n\n\n<p><em>\u201cNecesitamos tener espacio y tiempo para poder venderle a nuestros negocios y no hay tiempo para reponer\u201d<\/em>, sostuvo el empresario Rub\u00e9n David.<\/p>\n","protected":false},"excerpt":{"rendered":"<p>La invasi\u00f3n de clientes chilenos en busca de mercader\u00eda hizo que&nbsp;un supermercado mayorista decidiera acotar para los extranjeros&nbsp;su horario de atenci\u00f3n.&nbsp; Si bien empresarios del sector aseguran que no hay desabastecimiento ni desbordes, las largas filas que se generan en las l\u00edneas de cajas provocan malestar entre sus clientes. La primera medida que tomaron los<a class=\"read-more\" href=\"https:\/\/elfederalmendoza.com.ar\/index.php\/2023\/05\/09\/un-supermercado-mayorista-decidio-limitar-las-compras-de-los-chilenos-en-mendoza\/\"> [&hellip;]<\/a><\/p>\n","protected":false},"author":2,"featured_media":22619,"comment_status":"open","ping_status":"open","sticky":false,"template":"","format":"standard","meta":{"footnotes":""},"categories":[1],"tags":[],"class_list":["post-22618","post","type-post","status-publish","format-standard","has-post-thumbnail","hentry","category-mza"],"rttpg_featured_image_url":{"full":["https:\/\/elfederalmendoza.com.ar\/wp-content\/uploads\/2023\/05\/turistas-chilenos-compran-mendoza-mayorista-oscar-david-13jpeg.webp",1200,675,false],"landscape":["https:\/\/elfederalmendoza.com.ar\/wp-content\/uploads\/2023\/05\/turistas-chilenos-compran-mendoza-mayorista-oscar-david-13jpeg.webp",1200,675,false],"portraits":["https:\/\/elfederalmendoza.com.ar\/wp-content\/uploads\/2023\/05\/turistas-chilenos-compran-mendoza-mayorista-oscar-david-13jpeg.webp",1200,675,false],"thumbnail":["https:\/\/elfederalmendoza.com.ar\/wp-content\/uploads\/2023\/05\/turistas-chilenos-compran-mendoza-mayorista-oscar-david-13jpeg-150x150.webp",150,150,true],"medium":["https:\/\/elfederalmendoza.com.ar\/wp-content\/uploads\/2023\/05\/turistas-chilenos-compran-mendoza-mayorista-oscar-david-13jpeg-300x169.webp",300,169,true],"large":["https:\/\/elfederalmendoza.com.ar\/wp-content\/uploads\/2023\/05\/turistas-chilenos-compran-mendoza-mayorista-oscar-david-13jpeg-1024x576.webp",640,360,true],"1536x1536":["https:\/\/elfederalmendoza.com.ar\/wp-content\/uploads\/2023\/05\/turistas-chilenos-compran-mendoza-mayorista-oscar-david-13jpeg.webp",1200,675,false],"2048x2048":["https:\/\/elfederalmendoza.com.ar\/wp-content\/uploads\/2023\/05\/turistas-chilenos-compran-mendoza-mayorista-oscar-david-13jpeg.webp",1200,675,false],"ultp_layout_landscape_large":["https:\/\/elfederalmendoza.com.ar\/wp-content\/uploads\/2023\/05\/turistas-chilenos-compran-mendoza-mayorista-oscar-david-13jpeg.webp",1200,675,false],"ultp_layout_landscape":["https:\/\/elfederalmendoza.com.ar\/wp-content\/uploads\/2023\/05\/turistas-chilenos-compran-mendoza-mayorista-oscar-david-13jpeg-870x570.webp",870,570,true],"ultp_layout_portrait":["https:\/\/elfederalmendoza.com.ar\/wp-content\/uploads\/2023\/05\/turistas-chilenos-compran-mendoza-mayorista-oscar-david-13jpeg-600x675.webp",600,675,true],"ultp_layout_square":["https:\/\/elfederalmendoza.com.ar\/wp-content\/uploads\/2023\/05\/turistas-chilenos-compran-mendoza-mayorista-oscar-david-13jpeg-600x600.webp",600,600,true],"rpwe-thumbnail":["https:\/\/elfederalmendoza.com.ar\/wp-content\/uploads\/2023\/05\/turistas-chilenos-compran-mendoza-mayorista-oscar-david-13jpeg-45x45.webp",45,45,true],"advps-thumb-one":["https:\/\/elfederalmendoza.com.ar\/wp-content\/uploads\/2023\/05\/turistas-chilenos-compran-mendoza-mayorista-oscar-david-13jpeg-1200x420.webp",1200,420,true]},"rttpg_author":{"display_name":"Redacci\u00f3n El Federal","author_link":"https:\/\/elfederalmendoza.com.ar\/index.php\/author\/angelflores\/"},"rttpg_comment":0,"rttpg_category":"<a href=\"https:\/\/elfederalmendoza.com.ar\/index.php\/category\/mza\/\" rel=\"category tag\">Mendoza<\/a>","rttpg_excerpt":"La invasi\u00f3n de clientes chilenos en busca de mercader\u00eda hizo que&nbsp;un supermercado mayorista decidiera acotar para los extranjeros&nbsp;su horario de atenci\u00f3n.&nbsp; Si bien empresarios del sector aseguran que no hay desabastecimiento ni desbordes, las largas filas que se generan en las l\u00edneas de cajas provocan malestar entre sus clientes. La primera medida que tomaron los&hellip;","_links":{"self":[{"href":"https:\/\/elfederalmendoza.com.ar\/index.php\/wp-json\/wp\/v2\/posts\/22618","targetHints":{"allow":["GET"]}}],"collection":[{"href":"https:\/\/elfederalmendoza.com.ar\/index.php\/wp-json\/wp\/v2\/posts"}],"about":[{"href":"https:\/\/elfederalmendoza.com.ar\/index.php\/wp-json\/wp\/v2\/types\/post"}],"author":[{"embeddable":true,"href":"https:\/\/elfederalmendoza.com.ar\/index.php\/wp-json\/wp\/v2\/users\/2"}],"replies":[{"embeddable":true,"href":"https:\/\/elfederalmendoza.com.ar\/index.php\/wp-json\/wp\/v2\/comments?post=22618"}],"version-history":[{"count":1,"href":"https:\/\/elfederalmendoza.com.ar\/index.php\/wp-json\/wp\/v2\/posts\/22618\/revisions"}],"predecessor-version":[{"id":22620,"href":"https:\/\/elfederalmendoza.com.ar\/index.php\/wp-json\/wp\/v2\/posts\/22618\/revisions\/22620"}],"wp:featuredmedia":[{"embeddable":true,"href":"https:\/\/elfederalmendoza.com.ar\/index.php\/wp-json\/wp\/v2\/media\/22619"}],"wp:attachment":[{"href":"https:\/\/elfederalmendoza.com.ar\/index.php\/wp-json\/wp\/v2\/media?parent=22618"}],"wp:term":[{"taxonomy":"category","embeddable":true,"href":"https:\/\/elfederalmendoza.com.ar\/index.php\/wp-json\/wp\/v2\/categories?post=22618"},{"taxonomy":"post_tag","embeddable":true,"href":"https:\/\/elfederalmendoza.com.ar\/index.php\/wp-json\/wp\/v2\/tags?post=22618"}],"curies":[{"name":"wp","href":"https:\/\/api.w.org\/{rel}","templated":true}]}}