{"id":22621,"date":"2023-05-09T01:07:00","date_gmt":"2023-05-09T04:07:00","guid":{"rendered":"https:\/\/elfederalmendoza.com\/?p=22621"},"modified":"2023-05-09T17:29:16","modified_gmt":"2023-05-09T20:29:16","slug":"villa-dijo-que-la-violencia-era-al-reves-su-novia-lo-golpeaba-a-el","status":"publish","type":"post","link":"https:\/\/elfederalmendoza.com.ar\/index.php\/2023\/05\/09\/villa-dijo-que-la-violencia-era-al-reves-su-novia-lo-golpeaba-a-el\/","title":{"rendered":"Villa dijo que la violencia era al rev\u00e9s: su novia lo golpeaba a \u00e9l"},"content":{"rendered":"\n<p>El jugador boquense Sebasti\u00e1n Villa tuvo que dejar de lado el p\u00e9simo resultado obtenido en el Supercl\u00e1sico y declar\u00f3 ante la justicia por la denuncia de violencia de g\u00e9nero que le impuso su ex pareja.<\/p>\n\n\n\n<p><strong>Ahora, el futbolista advirti\u00f3 algunos detalles importantes durante la sexta audiencia que lo podr\u00edan ayudar en la resoluci\u00f3n.<\/strong><br>Sebasti\u00e1n Villa fue denunciado por<strong>&nbsp;Daniela Cort\u00e9s por agresiones que sufri\u00f3 hace tres a\u00f1os luego de que filtrara esos videos en donde mostraba algunos moretones y el maltrato de su novio.<br><\/strong><br>No obstante, el imputado se acerc\u00f3 hasta los Tribunales de Lomas de Zamora para testificar ante la jueza Claudia D\u00e1valos.<br>Ante cualquier pron\u00f3stico, el delantero de Boca asegur\u00f3 que ella habr\u00eda sido la causante de la violencia y se declar\u00f3 inocente.<\/p>\n\n\n\n<p>\u201cQuer\u00eda las contrase\u00f1as de las tarjetas, me peleaba porque quer\u00eda manejarme el Instagram, y yo le dec\u00eda que no\u201d, declar\u00f3.<br>Adem\u00e1s, coment\u00f3 una pol\u00e9mica situaci\u00f3n que sufri\u00f3 en la Argentina: \u201cCuando se concreta la venta de Boca, es la primera vez que a m\u00ed me entra un dinero. De los 3,5 millones de d\u00f3lares, a m\u00ed me queda un 8 por ciento. Como ella estaba en Buenos Aires y yo estaba entrenando, le hicimos un poder a su hermana, Cintia Cort\u00e9s, y con el tiempo nos damos cuenta que ese departamento estaba embargado\u201d.<strong>Sebasti\u00e1n Villa asegur\u00f3 que \u00e9l era quien sufr\u00eda violencia de g\u00e9nero<\/strong><\/p>\n\n\n\n<p>En cuanto a esa locaci\u00f3n, Sebasti\u00e1n Villa agreg\u00f3: \u201cElla se enoj\u00f3 porque yo no quise darle la firma para que ella fuera due\u00f1a del departamento. \u2018\u00bfPara qu\u00e9 vine yo a Buenos Aires si no voy a progresar?\u2019 me dec\u00eda\u201d.<\/p>\n\n\n\n<p>En al misma l\u00ednea, sum\u00f3: \u201cNo pod\u00eda salir de las reuniones del club porque me pon\u00eda en problemas,&nbsp;<strong>me arranc\u00f3 la ropa en el ascensor,<\/strong>&nbsp;yo hab\u00eda comprado tres camisas Dolce Gabbana. Ella quer\u00eda todo para ella\u201d.<\/p>\n\n\n\n<p>Luego, expuso una frase que le habr\u00eda lanzado Daniela: \u201c<strong>Negro asqueroso, si vos no sos m\u00edo, no sos de nadie. Yo no quiero que esto termine mal. Si usted no me da el vuelo privado para Colombia y 150 mil d\u00f3lares, yo le da\u00f1o la carrera\u201d.<\/strong><\/p>\n\n\n\n<p>\u201cAh\u00ed yo me asust\u00e9 mucho. Mientras estoy hablando por tel\u00e9fono, saco la maleta donde ten\u00eda el pasaporte.&nbsp;<strong>Cuando siento un estruendo, le hizo un ray\u00f3n en el auto y era Daniela, que me tir\u00f3 la maleta y me da\u00f1\u00f3 todo el auto\u201d, sostuvo el colombiano.<\/strong><\/p>\n\n\n\n<p>Por \u00faltimo, la acus\u00f3 de robarle plata: \u201cSiempre le pasaba dinero, incluso ella me rob\u00f3 un dinero de la plata para comprar un veh\u00edculo Audi. Ya no confiaba en ella\u201d.<\/p>\n\n\n\n<p>Y especific\u00f3 las heridas que le habr\u00eda provocado: \u201c<strong>Me agarr\u00f3 las camisetas, me ara\u00f1aba, yo usaba camisetas manga larga para que mis compa\u00f1eros no vean que me golpeaban en mi casa<\/strong>\u201d.<\/p>\n","protected":false},"excerpt":{"rendered":"<p>El jugador boquense Sebasti\u00e1n Villa tuvo que dejar de lado el p\u00e9simo resultado obtenido en el Supercl\u00e1sico y declar\u00f3 ante la justicia por la denuncia de violencia de g\u00e9nero que le impuso su ex pareja. Ahora, el futbolista advirti\u00f3 algunos detalles importantes durante la sexta audiencia que lo podr\u00edan ayudar en la resoluci\u00f3n.Sebasti\u00e1n Villa fue<a class=\"read-more\" href=\"https:\/\/elfederalmendoza.com.ar\/index.php\/2023\/05\/09\/villa-dijo-que-la-violencia-era-al-reves-su-novia-lo-golpeaba-a-el\/\"> [&hellip;]<\/a><\/p>\n","protected":false},"author":2,"featured_media":22622,"comment_status":"open","ping_status":"open","sticky":false,"template":"","format":"standard","meta":{"footnotes":""},"categories":[5620],"tags":[],"class_list":["post-22621","post","type-post","status-publish","format-standard","has-post-thumbnail","hentry","category-deportes"],"rttpg_featured_image_url":{"full":["https:\/\/elfederalmendoza.com.ar\/wp-content\/uploads\/2023\/05\/Q4DYURV3JQHFI7CETHB3YUTOQI-scaled.jpg",2560,1707,false],"landscape":["https:\/\/elfederalmendoza.com.ar\/wp-content\/uploads\/2023\/05\/Q4DYURV3JQHFI7CETHB3YUTOQI-scaled.jpg",2560,1707,false],"portraits":["https:\/\/elfederalmendoza.com.ar\/wp-content\/uploads\/2023\/05\/Q4DYURV3JQHFI7CETHB3YUTOQI-scaled.jpg",2560,1707,false],"thumbnail":["https:\/\/elfederalmendoza.com.ar\/wp-content\/uploads\/2023\/05\/Q4DYURV3JQHFI7CETHB3YUTOQI-150x150.jpg",150,150,true],"medium":["https:\/\/elfederalmendoza.com.ar\/wp-content\/uploads\/2023\/05\/Q4DYURV3JQHFI7CETHB3YUTOQI-300x200.jpg",300,200,true],"large":["https:\/\/elfederalmendoza.com.ar\/wp-content\/uploads\/2023\/05\/Q4DYURV3JQHFI7CETHB3YUTOQI-1024x683.jpg",640,427,true],"1536x1536":["https:\/\/elfederalmendoza.com.ar\/wp-content\/uploads\/2023\/05\/Q4DYURV3JQHFI7CETHB3YUTOQI-1536x1024.jpg",1536,1024,true],"2048x2048":["https:\/\/elfederalmendoza.com.ar\/wp-content\/uploads\/2023\/05\/Q4DYURV3JQHFI7CETHB3YUTOQI-2048x1366.jpg",2048,1366,true],"ultp_layout_landscape_large":["https:\/\/elfederalmendoza.com.ar\/wp-content\/uploads\/2023\/05\/Q4DYURV3JQHFI7CETHB3YUTOQI-1200x800.jpg",1200,800,true],"ultp_layout_landscape":["https:\/\/elfederalmendoza.com.ar\/wp-content\/uploads\/2023\/05\/Q4DYURV3JQHFI7CETHB3YUTOQI-870x570.jpg",870,570,true],"ultp_layout_portrait":["https:\/\/elfederalmendoza.com.ar\/wp-content\/uploads\/2023\/05\/Q4DYURV3JQHFI7CETHB3YUTOQI-600x900.jpg",600,900,true],"ultp_layout_square":["https:\/\/elfederalmendoza.com.ar\/wp-content\/uploads\/2023\/05\/Q4DYURV3JQHFI7CETHB3YUTOQI-600x600.jpg",600,600,true],"rpwe-thumbnail":["https:\/\/elfederalmendoza.com.ar\/wp-content\/uploads\/2023\/05\/Q4DYURV3JQHFI7CETHB3YUTOQI-45x45.jpg",45,45,true],"advps-thumb-one":["https:\/\/elfederalmendoza.com.ar\/wp-content\/uploads\/2023\/05\/Q4DYURV3JQHFI7CETHB3YUTOQI-1200x420.jpg",1200,420,true]},"rttpg_author":{"display_name":"Redacci\u00f3n El Federal","author_link":"https:\/\/elfederalmendoza.com.ar\/index.php\/author\/angelflores\/"},"rttpg_comment":0,"rttpg_category":"<a href=\"https:\/\/elfederalmendoza.com.ar\/index.php\/category\/deportes\/\" rel=\"category tag\">Deportes<\/a>","rttpg_excerpt":"El jugador boquense Sebasti\u00e1n Villa tuvo que dejar de lado el p\u00e9simo resultado obtenido en el Supercl\u00e1sico y declar\u00f3 ante la justicia por la denuncia de violencia de g\u00e9nero que le impuso su ex pareja. Ahora, el futbolista advirti\u00f3 algunos detalles importantes durante la sexta audiencia que lo podr\u00edan ayudar en la resoluci\u00f3n.Sebasti\u00e1n Villa fue&hellip;","_links":{"self":[{"href":"https:\/\/elfederalmendoza.com.ar\/index.php\/wp-json\/wp\/v2\/posts\/22621","targetHints":{"allow":["GET"]}}],"collection":[{"href":"https:\/\/elfederalmendoza.com.ar\/index.php\/wp-json\/wp\/v2\/posts"}],"about":[{"href":"https:\/\/elfederalmendoza.com.ar\/index.php\/wp-json\/wp\/v2\/types\/post"}],"author":[{"embeddable":true,"href":"https:\/\/elfederalmendoza.com.ar\/index.php\/wp-json\/wp\/v2\/users\/2"}],"replies":[{"embeddable":true,"href":"https:\/\/elfederalmendoza.com.ar\/index.php\/wp-json\/wp\/v2\/comments?post=22621"}],"version-history":[{"count":1,"href":"https:\/\/elfederalmendoza.com.ar\/index.php\/wp-json\/wp\/v2\/posts\/22621\/revisions"}],"predecessor-version":[{"id":22623,"href":"https:\/\/elfederalmendoza.com.ar\/index.php\/wp-json\/wp\/v2\/posts\/22621\/revisions\/22623"}],"wp:featuredmedia":[{"embeddable":true,"href":"https:\/\/elfederalmendoza.com.ar\/index.php\/wp-json\/wp\/v2\/media\/22622"}],"wp:attachment":[{"href":"https:\/\/elfederalmendoza.com.ar\/index.php\/wp-json\/wp\/v2\/media?parent=22621"}],"wp:term":[{"taxonomy":"category","embeddable":true,"href":"https:\/\/elfederalmendoza.com.ar\/index.php\/wp-json\/wp\/v2\/categories?post=22621"},{"taxonomy":"post_tag","embeddable":true,"href":"https:\/\/elfederalmendoza.com.ar\/index.php\/wp-json\/wp\/v2\/tags?post=22621"}],"curies":[{"name":"wp","href":"https:\/\/api.w.org\/{rel}","templated":true}]}}