{"id":22624,"date":"2023-05-09T17:42:07","date_gmt":"2023-05-09T20:42:07","guid":{"rendered":"https:\/\/elfederalmendoza.com\/?p=22624"},"modified":"2023-05-09T17:42:09","modified_gmt":"2023-05-09T20:42:09","slug":"solo-le-pegue-un-tiro-el-insolito-argumento-del-autor-intelectual-de-un-crimen-en-maipu-para-que-no-lo-condenen-a-cadena-perpetua","status":"publish","type":"post","link":"https:\/\/elfederalmendoza.com.ar\/index.php\/2023\/05\/09\/solo-le-pegue-un-tiro-el-insolito-argumento-del-autor-intelectual-de-un-crimen-en-maipu-para-que-no-lo-condenen-a-cadena-perpetua\/","title":{"rendered":"\u00abS\u00f3lo le pegu\u00e9 un tiro\u00bb: el ins\u00f3lito argumento del autor intelectual de un crimen en Maip\u00fa para que no lo condenen a cadena perpetua"},"content":{"rendered":"\n<p>Un ins\u00f3lito momento se vivi\u00f3 en una audiencia de juicio abreviado que estaba pactada para este martes, en el cual Gustavo Delgado, acusado como autor material del\u00a0<strong>crimen de Juan Carlos Frachia (61)<\/strong>\u00a0en Maip\u00fa,\u00a0<strong>iba a confesar el homicidio y por ende condenado a prisi\u00f3n perpetua, aunque a \u00faltimo momento se arrepinti\u00f3.<\/strong><\/p>\n\n\n\n<p>Delgado se neg\u00f3 a firmar el acuerdo, insult\u00f3 a su abogado defensor (oficial), a los familiares de la v\u00edctima y se excus\u00f3 del abreviado afirmando que\u00a0<strong>\u201cs\u00f3lo le pegu\u00e9 un tiro en la cabeza\u201d con el objetivo de evitar la pena m\u00e1xima del C\u00f3digo Penal.<\/strong>\u00a0Por eso debi\u00f3 intervenir la fuerza p\u00fablica.<\/p>\n\n\n\n<p><strong>\u201cMe tembl\u00f3 la mano y le dispar\u00e9 en la cara, no quiero una prisi\u00f3n perpetua\u201d, asegur\u00f3&nbsp;<a href=\"https:\/\/www.sitioandino.com.ar\/n\/364068-cayo-el-presunto-autor-del-crimen-del-prestamista-en-maipu-hallaron-su-adn-en-la-escena\" target=\"_blank\" rel=\"noreferrer noopener\">Delgado<\/a>,<\/strong>&nbsp;al mismo tiempo que pidi\u00f3 una rebaja en la pena a cambio de contar \u201ccon detalles\u201d lo ocurrido en la casa de Frachia, el 14 de julio del 2021.<\/p>\n\n\n\n<p>Todo esto provoc\u00f3 que<strong>&nbsp;las partes desistieran del juicio abreviado y<\/strong>&nbsp;por ende Delgado ser\u00e1 juzgado en un juicio por jurado.<\/p>\n\n\n\n<p><strong>El sospechoso llegar\u00e1 a ese debate junto al otro imputado en la causa,<a href=\"https:\/\/www.sitioandino.com.ar\/n\/364557-cayo-el-hombre-que-contrato-a-un-sicario-para-asesinar-al-prestamista-de-maipu\" target=\"_blank\" rel=\"noreferrer noopener\">&nbsp;Luis Gabriel C\u00f3rdoba (46)<\/a>, quien tambi\u00e9n hab\u00eda rechazado la opci\u00f3n del juicio abreviado.<\/strong><\/p>\n\n\n\n<p>Entonces, ambos imputados ser\u00e1n sometidos a debate bajo la calificaci\u00f3n de&nbsp;<strong>\u201chomicidio por precio o promesa remuneratoria\u201d.&nbsp;<\/strong>Esto en base a que la justicia cree que C\u00f3rdoba le pag\u00f3 a Delgado para que matara a Frachia.<\/p>\n\n\n\n<h2 class=\"wp-block-heading\">El homicidio de Frachia<\/h2>\n\n\n\n<p>La v\u00edctima, quien se desempe\u00f1aba como prestamista,&nbsp;<strong>fue asesinada el mi\u00e9rcoles 14 de julio del 2021 en su casa de calle Florentino Ameghino, en Guti\u00e9rrez, Maip\u00fa.<\/strong><\/p>\n\n\n\n<p>Las pericias demostraron que el hombre fue atacado de un balazo en la cabeza y quien<strong>&nbsp;le dispar\u00f3 huy\u00f3 del lugar sin robar ning\u00fan elemento.<\/strong><\/p>\n\n\n\n<p>En ese sentido,<strong>&nbsp;en la escena los polic\u00edas encontraron 80.000 pesos que estaban a la vista<\/strong>&nbsp;y que no fueron sustra\u00eddos por el asesino.<\/p>\n\n\n\n<p><strong>Lo cierto es que tras el ataque Frachia qued\u00f3 internado en grave estado, falleciendo horas despu\u00e9s en el hospital Central.<\/strong><\/p>\n\n\n\n<p>Desde ese entonces la pesquisa se centr\u00f3 en su actividad laboral, debido a que los vecinos del hombre declararon que no era la primera vez que Frachia era increpado en su vivienda por otras personas.<\/p>\n\n\n\n<p>Luego se confirm\u00f3 la participaci\u00f3n de un sicario (Delgado) y un hombre que hab\u00eda pagado para el homicidio (C\u00f3rdoba).<\/p>\n\n\n\n<p><em>Fuente: Sitio Andino<\/em><\/p>\n","protected":false},"excerpt":{"rendered":"<p>Un ins\u00f3lito momento se vivi\u00f3 en una audiencia de juicio abreviado que estaba pactada para este martes, en el cual Gustavo Delgado, acusado como autor material del\u00a0crimen de Juan Carlos Frachia (61)\u00a0en Maip\u00fa,\u00a0iba a confesar el homicidio y por ende condenado a prisi\u00f3n perpetua, aunque a \u00faltimo momento se arrepinti\u00f3. Delgado se neg\u00f3 a firmar<a class=\"read-more\" href=\"https:\/\/elfederalmendoza.com.ar\/index.php\/2023\/05\/09\/solo-le-pegue-un-tiro-el-insolito-argumento-del-autor-intelectual-de-un-crimen-en-maipu-para-que-no-lo-condenen-a-cadena-perpetua\/\"> [&hellip;]<\/a><\/p>\n","protected":false},"author":2,"featured_media":22626,"comment_status":"open","ping_status":"open","sticky":false,"template":"","format":"standard","meta":{"footnotes":""},"categories":[1],"tags":[],"class_list":["post-22624","post","type-post","status-publish","format-standard","has-post-thumbnail","hentry","category-mza"],"rttpg_featured_image_url":{"full":["https:\/\/elfederalmendoza.com.ar\/wp-content\/uploads\/2023\/05\/f1280x720-1100342_1232017_4260.webp",1280,720,false],"landscape":["https:\/\/elfederalmendoza.com.ar\/wp-content\/uploads\/2023\/05\/f1280x720-1100342_1232017_4260.webp",1280,720,false],"portraits":["https:\/\/elfederalmendoza.com.ar\/wp-content\/uploads\/2023\/05\/f1280x720-1100342_1232017_4260.webp",1280,720,false],"thumbnail":["https:\/\/elfederalmendoza.com.ar\/wp-content\/uploads\/2023\/05\/f1280x720-1100342_1232017_4260-150x150.webp",150,150,true],"medium":["https:\/\/elfederalmendoza.com.ar\/wp-content\/uploads\/2023\/05\/f1280x720-1100342_1232017_4260-300x169.webp",300,169,true],"large":["https:\/\/elfederalmendoza.com.ar\/wp-content\/uploads\/2023\/05\/f1280x720-1100342_1232017_4260-1024x576.webp",640,360,true],"1536x1536":["https:\/\/elfederalmendoza.com.ar\/wp-content\/uploads\/2023\/05\/f1280x720-1100342_1232017_4260.webp",1280,720,false],"2048x2048":["https:\/\/elfederalmendoza.com.ar\/wp-content\/uploads\/2023\/05\/f1280x720-1100342_1232017_4260.webp",1280,720,false],"ultp_layout_landscape_large":["https:\/\/elfederalmendoza.com.ar\/wp-content\/uploads\/2023\/05\/f1280x720-1100342_1232017_4260-1200x720.webp",1200,720,true],"ultp_layout_landscape":["https:\/\/elfederalmendoza.com.ar\/wp-content\/uploads\/2023\/05\/f1280x720-1100342_1232017_4260-870x570.webp",870,570,true],"ultp_layout_portrait":["https:\/\/elfederalmendoza.com.ar\/wp-content\/uploads\/2023\/05\/f1280x720-1100342_1232017_4260-600x720.webp",600,720,true],"ultp_layout_square":["https:\/\/elfederalmendoza.com.ar\/wp-content\/uploads\/2023\/05\/f1280x720-1100342_1232017_4260-600x600.webp",600,600,true],"rpwe-thumbnail":["https:\/\/elfederalmendoza.com.ar\/wp-content\/uploads\/2023\/05\/f1280x720-1100342_1232017_4260-45x45.webp",45,45,true],"advps-thumb-one":["https:\/\/elfederalmendoza.com.ar\/wp-content\/uploads\/2023\/05\/f1280x720-1100342_1232017_4260-1200x420.webp",1200,420,true]},"rttpg_author":{"display_name":"Redacci\u00f3n El Federal","author_link":"https:\/\/elfederalmendoza.com.ar\/index.php\/author\/angelflores\/"},"rttpg_comment":0,"rttpg_category":"<a href=\"https:\/\/elfederalmendoza.com.ar\/index.php\/category\/mza\/\" rel=\"category tag\">Mendoza<\/a>","rttpg_excerpt":"Un ins\u00f3lito momento se vivi\u00f3 en una audiencia de juicio abreviado que estaba pactada para este martes, en el cual Gustavo Delgado, acusado como autor material del\u00a0crimen de Juan Carlos Frachia (61)\u00a0en Maip\u00fa,\u00a0iba a confesar el homicidio y por ende condenado a prisi\u00f3n perpetua, aunque a \u00faltimo momento se arrepinti\u00f3. Delgado se neg\u00f3 a firmar&hellip;","_links":{"self":[{"href":"https:\/\/elfederalmendoza.com.ar\/index.php\/wp-json\/wp\/v2\/posts\/22624","targetHints":{"allow":["GET"]}}],"collection":[{"href":"https:\/\/elfederalmendoza.com.ar\/index.php\/wp-json\/wp\/v2\/posts"}],"about":[{"href":"https:\/\/elfederalmendoza.com.ar\/index.php\/wp-json\/wp\/v2\/types\/post"}],"author":[{"embeddable":true,"href":"https:\/\/elfederalmendoza.com.ar\/index.php\/wp-json\/wp\/v2\/users\/2"}],"replies":[{"embeddable":true,"href":"https:\/\/elfederalmendoza.com.ar\/index.php\/wp-json\/wp\/v2\/comments?post=22624"}],"version-history":[{"count":1,"href":"https:\/\/elfederalmendoza.com.ar\/index.php\/wp-json\/wp\/v2\/posts\/22624\/revisions"}],"predecessor-version":[{"id":22627,"href":"https:\/\/elfederalmendoza.com.ar\/index.php\/wp-json\/wp\/v2\/posts\/22624\/revisions\/22627"}],"wp:featuredmedia":[{"embeddable":true,"href":"https:\/\/elfederalmendoza.com.ar\/index.php\/wp-json\/wp\/v2\/media\/22626"}],"wp:attachment":[{"href":"https:\/\/elfederalmendoza.com.ar\/index.php\/wp-json\/wp\/v2\/media?parent=22624"}],"wp:term":[{"taxonomy":"category","embeddable":true,"href":"https:\/\/elfederalmendoza.com.ar\/index.php\/wp-json\/wp\/v2\/categories?post=22624"},{"taxonomy":"post_tag","embeddable":true,"href":"https:\/\/elfederalmendoza.com.ar\/index.php\/wp-json\/wp\/v2\/tags?post=22624"}],"curies":[{"name":"wp","href":"https:\/\/api.w.org\/{rel}","templated":true}]}}