{"id":22628,"date":"2023-05-10T11:25:58","date_gmt":"2023-05-10T14:25:58","guid":{"rendered":"https:\/\/elfederalmendoza.com\/?p=22628"},"modified":"2023-05-10T11:29:04","modified_gmt":"2023-05-10T14:29:04","slug":"docentes-salud-y-administracion-central-de-mendoza-lograron-un-aumento-del-71-al-basico-en-sus-haberes","status":"publish","type":"post","link":"https:\/\/elfederalmendoza.com.ar\/index.php\/2023\/05\/10\/docentes-salud-y-administracion-central-de-mendoza-lograron-un-aumento-del-71-al-basico-en-sus-haberes\/","title":{"rendered":"Docentes, Salud y administraci\u00f3n Central de Mendoza acordaron un aumento del 71% al b\u00e1sico en sus haberes"},"content":{"rendered":"\n<p>El&nbsp;<strong>Gobierno provincial&nbsp;<\/strong>lleg\u00f3 a un acuerdo con 17 sectores gremiales. Solo resta cerrar con Judiciales, todo indicaba que ayer la negociaci\u00f3n era un hecho, pero finalmente continuar\u00e1n discutiendo las condiciones.<\/p>\n\n\n\n<p>Los reg\u00edmenes que firmaron el aumento salarial con el Ejecutivo provincial son:&nbsp;<\/p>\n\n\n\n<p>&#8211; Administraci\u00f3n Central, docentes y celadores, profesionales de la salud , personal de la salud, Contadur\u00eda General de la Provincia, Tribunal de Cuentas , Fiscal\u00eda de Estado, Fondo de Transformaci\u00f3n y Crecimiento, Parques y Paseos P\u00fablicos, Guardaparques Provinciales, Instituto de Juegos y Casinos, Vialidad Provincial, Tesorer\u00eda, EPAS, Subsecretar\u00eda de Trabajo y Empleo , Funcionarios Judiciales y el nuevo acuerdo con R\u00e9gimen 35.<\/p>\n\n\n\n<p>Los trabajadores cerraron un&nbsp;<strong>71% de aumento al b\u00e1sico<\/strong>&nbsp;y tres mesas de revisi\u00f3n en junio, julio y octubre de 2023. En este \u00faltimo mes habr\u00e1 un nuevo examen de los porcentajes. Estas mesas de junio y julio s\u00f3lo se activar\u00e1n si la inflaci\u00f3n informada por el&nbsp;<strong><a href=\"https:\/\/www.indec.gob.ar\/\" target=\"_blank\" rel=\"noreferrer noopener\">INDEC<\/a><\/strong>&nbsp;supera el aumento percibido por los agentes p\u00fablicos.<\/p>\n\n\n\n<figure class=\"wp-block-image is-resized\"><img loading=\"lazy\" decoding=\"async\" src=\"https:\/\/www.mendozapost.com\/files\/image\/479\/479871\/645af477521db_570_380!.jpg?s=47383e9d353412325431feb38cef6848&amp;d=1683682426\" alt=\"\" width=\"963\" height=\"642\"\/><figcaption class=\"wp-element-caption\">La firma del acuerdo paritario de ATE.<\/figcaption><\/figure>\n\n\n\n<p>C\u00f3mo queda el cuadro de acuerdos paritarios en Mendoza<\/p>\n\n\n\n<figure class=\"wp-block-table\"><table><tbody><tr><td><strong>GREMIOS<\/strong><\/td><td><strong>TRABAJADORES NUCLEADOS<\/strong><\/td><td>&nbsp;<strong>CONDICIONES<\/strong><\/td><\/tr><tr><td><strong>SUTE<\/strong><\/td><td>Docentes<\/td><td>Reconocimiento a la antig\u00fcedad docente.&nbsp; Dos cl\u00e1usulas de garant\u00eda: $130.000&nbsp; por docente y&nbsp; por cargo o&nbsp; equivalente en horas c\u00e1tedra de&nbsp; $ 123.000 a partir de julio.<\/td><\/tr><tr><td><strong>R\u00e9gimen 15<\/strong><\/td><td>Salud<\/td><td>&nbsp;Reconocimiento a los profesionales con doble especialidad y la modificaci\u00f3n del adicional por Riesgo Psicof\u00edsico.<\/td><\/tr><tr><td><\/td><td><\/td><td><\/td><\/tr><tr><td><strong>R\u00e9gimen 05<\/strong><\/td><td>Administraci\u00f3n Central<\/td><td>&nbsp;Se modificar\u00e1 el \u00edtem 1410 con un incremento del 12% (del 57% al 69%).-&nbsp; El 29 de agosto habr\u00e1 mesa t\u00e9cnica para revisar la actualizaci\u00f3n del Convenio Colectivo de Trabajo (CCT) del sector.<\/td><\/tr><tr><td><strong>&nbsp;R\u00e9gimen 35<\/strong><\/td><td>Trabajadores de Ambiente y Ordenamiento Territorial. Tribunal de Cuentas.<\/td><td>&nbsp;Condiciones del acuerdo global con todos los gremios.<\/td><\/tr><\/tbody><\/table><\/figure>\n\n\n\n<p>En detalle, respecto al r\u00e9gimen 15 de Salud, se estableci\u00f3 un cambio en el c\u00e1lculo del \u00edtem 1414 desde abril. Queda fijo de la siguiente manera:<\/p>\n\n\n\n<figure class=\"wp-block-image is-resized\"><img loading=\"lazy\" decoding=\"async\" src=\"https:\/\/www.mendozapost.com\/files\/image\/479\/479875\/645afafb3ca0b_570_196!.png?s=2f53013afff1fcef5ec9b689bcf20225&amp;d=1683684096\" alt=\"\" width=\"968\" height=\"333\"\/><\/figure>\n\n\n\n<p><strong>Expectativas sobre la inflaci\u00f3n<\/strong><\/p>\n\n\n\n<p>Seg\u00fan un informe del&nbsp;<strong><a href=\"https:\/\/fce.uncuyo.edu.ar\/oeru-observatorio-economico-regional-urbano-uncuyo#:~:text=El%20OERU%20es%20un%20aporte,conjunto%2C%20una%20matriz%20de%20indicadores.\" target=\"_blank\" rel=\"noreferrer noopener\">Observatorio Econ\u00f3mico Regional Urbano (Oeru) de la Facultad de Ciencias Econ\u00f3micas de la UNCUYO<\/a><\/strong>, se estima que la inflaci\u00f3n de abril ronde los 7,5%. Para la mitad del a\u00f1o que resta analizan que el promedio no ser\u00e1 menor al 7% mensual.<\/p>\n\n\n\n<p>En t\u00e9rminos interanuales, en abril se espera que la inflaci\u00f3n experimente una variaci\u00f3n de 126,4% en 2023.<\/p>\n\n\n\n<figure class=\"wp-block-image is-resized\"><img loading=\"lazy\" decoding=\"async\" src=\"https:\/\/www.mendozapost.com\/files\/image\/479\/479867\/645af342cab08_570_410!.png?s=bdd03dce081c8a5083ca45bdc013375b&amp;d=1683682117\" alt=\"\" width=\"965\" height=\"694\"\/><\/figure>\n\n\n\n<h2 class=\"wp-block-heading\"><strong>Expectativas sobre el PBI<\/strong><\/h2>\n\n\n\n<p>En cuanto al rendimiento del Producto Bruto Interno (PBI) esperan una ca\u00edda en el primer trimestre del 0,74%, mientras que para el segundo y tercer trimestre el descenso aumentar\u00eda al 1,93% y 0,02%, respectivamente.<\/p>\n\n\n\n<figure class=\"wp-block-image is-resized\"><img loading=\"lazy\" decoding=\"async\" src=\"https:\/\/www.mendozapost.com\/files\/image\/479\/479869\/645af38061085.png\" alt=\"\" width=\"966\" height=\"831\"\/><\/figure>\n\n\n\n<h3 class=\"wp-block-heading\"><\/h3>\n","protected":false},"excerpt":{"rendered":"<p>El&nbsp;Gobierno provincial&nbsp;lleg\u00f3 a un acuerdo con 17 sectores gremiales. Solo resta cerrar con Judiciales, todo indicaba que ayer la negociaci\u00f3n era un hecho, pero finalmente continuar\u00e1n discutiendo las condiciones. Los reg\u00edmenes que firmaron el aumento salarial con el Ejecutivo provincial son:&nbsp; &#8211; Administraci\u00f3n Central, docentes y celadores, profesionales de la salud , personal de la<a class=\"read-more\" href=\"https:\/\/elfederalmendoza.com.ar\/index.php\/2023\/05\/10\/docentes-salud-y-administracion-central-de-mendoza-lograron-un-aumento-del-71-al-basico-en-sus-haberes\/\"> [&hellip;]<\/a><\/p>\n","protected":false},"author":2,"featured_media":22629,"comment_status":"open","ping_status":"open","sticky":false,"template":"","format":"standard","meta":{"footnotes":""},"categories":[1],"tags":[],"class_list":["post-22628","post","type-post","status-publish","format-standard","has-post-thumbnail","hentry","category-mza"],"rttpg_featured_image_url":{"full":["https:\/\/elfederalmendoza.com.ar\/wp-content\/uploads\/2023\/05\/admin-mendoza.jpg",969,565,false],"landscape":["https:\/\/elfederalmendoza.com.ar\/wp-content\/uploads\/2023\/05\/admin-mendoza.jpg",969,565,false],"portraits":["https:\/\/elfederalmendoza.com.ar\/wp-content\/uploads\/2023\/05\/admin-mendoza.jpg",969,565,false],"thumbnail":["https:\/\/elfederalmendoza.com.ar\/wp-content\/uploads\/2023\/05\/admin-mendoza-150x150.jpg",150,150,true],"medium":["https:\/\/elfederalmendoza.com.ar\/wp-content\/uploads\/2023\/05\/admin-mendoza-300x175.jpg",300,175,true],"large":["https:\/\/elfederalmendoza.com.ar\/wp-content\/uploads\/2023\/05\/admin-mendoza.jpg",640,373,false],"1536x1536":["https:\/\/elfederalmendoza.com.ar\/wp-content\/uploads\/2023\/05\/admin-mendoza.jpg",969,565,false],"2048x2048":["https:\/\/elfederalmendoza.com.ar\/wp-content\/uploads\/2023\/05\/admin-mendoza.jpg",969,565,false],"ultp_layout_landscape_large":["https:\/\/elfederalmendoza.com.ar\/wp-content\/uploads\/2023\/05\/admin-mendoza.jpg",969,565,false],"ultp_layout_landscape":["https:\/\/elfederalmendoza.com.ar\/wp-content\/uploads\/2023\/05\/admin-mendoza-870x565.jpg",870,565,true],"ultp_layout_portrait":["https:\/\/elfederalmendoza.com.ar\/wp-content\/uploads\/2023\/05\/admin-mendoza-600x565.jpg",600,565,true],"ultp_layout_square":["https:\/\/elfederalmendoza.com.ar\/wp-content\/uploads\/2023\/05\/admin-mendoza-600x565.jpg",600,565,true],"rpwe-thumbnail":["https:\/\/elfederalmendoza.com.ar\/wp-content\/uploads\/2023\/05\/admin-mendoza-45x45.jpg",45,45,true],"advps-thumb-one":["https:\/\/elfederalmendoza.com.ar\/wp-content\/uploads\/2023\/05\/admin-mendoza-969x420.jpg",969,420,true]},"rttpg_author":{"display_name":"Redacci\u00f3n El Federal","author_link":"https:\/\/elfederalmendoza.com.ar\/index.php\/author\/angelflores\/"},"rttpg_comment":0,"rttpg_category":"<a href=\"https:\/\/elfederalmendoza.com.ar\/index.php\/category\/mza\/\" rel=\"category tag\">Mendoza<\/a>","rttpg_excerpt":"El&nbsp;Gobierno provincial&nbsp;lleg\u00f3 a un acuerdo con 17 sectores gremiales. Solo resta cerrar con Judiciales, todo indicaba que ayer la negociaci\u00f3n era un hecho, pero finalmente continuar\u00e1n discutiendo las condiciones. Los reg\u00edmenes que firmaron el aumento salarial con el Ejecutivo provincial son:&nbsp; &#8211; Administraci\u00f3n Central, docentes y celadores, profesionales de la salud , personal de la&hellip;","_links":{"self":[{"href":"https:\/\/elfederalmendoza.com.ar\/index.php\/wp-json\/wp\/v2\/posts\/22628","targetHints":{"allow":["GET"]}}],"collection":[{"href":"https:\/\/elfederalmendoza.com.ar\/index.php\/wp-json\/wp\/v2\/posts"}],"about":[{"href":"https:\/\/elfederalmendoza.com.ar\/index.php\/wp-json\/wp\/v2\/types\/post"}],"author":[{"embeddable":true,"href":"https:\/\/elfederalmendoza.com.ar\/index.php\/wp-json\/wp\/v2\/users\/2"}],"replies":[{"embeddable":true,"href":"https:\/\/elfederalmendoza.com.ar\/index.php\/wp-json\/wp\/v2\/comments?post=22628"}],"version-history":[{"count":2,"href":"https:\/\/elfederalmendoza.com.ar\/index.php\/wp-json\/wp\/v2\/posts\/22628\/revisions"}],"predecessor-version":[{"id":22631,"href":"https:\/\/elfederalmendoza.com.ar\/index.php\/wp-json\/wp\/v2\/posts\/22628\/revisions\/22631"}],"wp:featuredmedia":[{"embeddable":true,"href":"https:\/\/elfederalmendoza.com.ar\/index.php\/wp-json\/wp\/v2\/media\/22629"}],"wp:attachment":[{"href":"https:\/\/elfederalmendoza.com.ar\/index.php\/wp-json\/wp\/v2\/media?parent=22628"}],"wp:term":[{"taxonomy":"category","embeddable":true,"href":"https:\/\/elfederalmendoza.com.ar\/index.php\/wp-json\/wp\/v2\/categories?post=22628"},{"taxonomy":"post_tag","embeddable":true,"href":"https:\/\/elfederalmendoza.com.ar\/index.php\/wp-json\/wp\/v2\/tags?post=22628"}],"curies":[{"name":"wp","href":"https:\/\/api.w.org\/{rel}","templated":true}]}}