{"id":22633,"date":"2023-05-10T12:22:23","date_gmt":"2023-05-10T15:22:23","guid":{"rendered":"https:\/\/elfederalmendoza.com\/?p=22633"},"modified":"2023-05-10T12:22:24","modified_gmt":"2023-05-10T15:22:24","slug":"tres-delincuentes-abordaron-un-colectivo-en-godoy-cruz-y-le-robaron-a-los-pasajeros","status":"publish","type":"post","link":"https:\/\/elfederalmendoza.com.ar\/index.php\/2023\/05\/10\/tres-delincuentes-abordaron-un-colectivo-en-godoy-cruz-y-le-robaron-a-los-pasajeros\/","title":{"rendered":"Tres delincuentes abordaron un colectivo en Godoy Cruz y le robaron a los pasajeros"},"content":{"rendered":"\n<p><strong>Tres delincuentes fueron detenidos en Godoy Cruz<\/strong>, luego de que subieran a un colectivo con actitud sospechosa. El chofer advirti\u00f3 comportamiento extra\u00f1o en los sujetos y puls\u00f3 el bot\u00f3n de p\u00e1nico.<\/p>\n\n\n\n<p>Los individuos abordaron el colectivo <strong>35 de la l\u00ednea 700 en el microcentro mendocino<\/strong>. Luego, en cercan\u00edas del mayorista Oscar David,\u00a0<strong>el chofer advierte que quisieron robarle a otro pasajero\u00a0<\/strong>del colectivo, por lo que decidi\u00f3 alertar a la polic\u00eda.<\/p>\n\n\n\n<p>Minutos m\u00e1s tarde, en el carril Cervantes,\u00a0<strong>un m\u00f3vil intercepta a la unidad y, tras hablar con el chofer, los polic\u00edas proceden a identificar y detener a los tres ladrones.<\/strong><\/p>\n\n\n\n<p><strong>Los detenidos tienen 23, 29 y 43 a\u00f1os de edad\u00a0<\/strong>y fueron trasladados a la Comisar\u00eda 52. En la dependencia policial se les requisa las mochilas,\u00a0<strong>encontrando numerosos elementos, como distintas billeteras y tel\u00e9fonos celulares,<\/strong>\u00a0que no eran de su propiedad, por lo que se deduce que son productos de il\u00edcitos.\u00a0<\/p>\n\n\n\n<p>Posteriormente, los oficiales logran contactar con la due\u00f1a de uno de los tel\u00e9fonos, quien afirma que se lo hab\u00edan sustra\u00eddo pocas horas antes.<\/p>\n\n\n\n<figure class=\"wp-block-image is-resized\"><img loading=\"lazy\" decoding=\"async\" src=\"https:\/\/www.mendozapost.com\/files\/image\/479\/479989\/645bb098dbccf.jpg\" alt=\"\" width=\"967\" height=\"496\"\/><figcaption class=\"wp-element-caption\">Los elementos que fueron recuperados.<\/figcaption><\/figure>\n\n\n\n<p>Con directivas del Dr. Panelli, de la Oficina Fiscal N\u00b0 3, se procedi\u00f3 a identificar a los sujetos y&nbsp;<strong>quedaron a disposici\u00f3n de la justicia en la fiscal\u00eda.&nbsp;<\/strong><\/p>\n","protected":false},"excerpt":{"rendered":"<p>Tres delincuentes fueron detenidos en Godoy Cruz, luego de que subieran a un colectivo con actitud sospechosa. El chofer advirti\u00f3 comportamiento extra\u00f1o en los sujetos y puls\u00f3 el bot\u00f3n de p\u00e1nico. Los individuos abordaron el colectivo 35 de la l\u00ednea 700 en el microcentro mendocino. Luego, en cercan\u00edas del mayorista Oscar David,\u00a0el chofer advierte que<a class=\"read-more\" href=\"https:\/\/elfederalmendoza.com.ar\/index.php\/2023\/05\/10\/tres-delincuentes-abordaron-un-colectivo-en-godoy-cruz-y-le-robaron-a-los-pasajeros\/\"> [&hellip;]<\/a><\/p>\n","protected":false},"author":2,"featured_media":22634,"comment_status":"open","ping_status":"open","sticky":false,"template":"","format":"standard","meta":{"footnotes":""},"categories":[1],"tags":[],"class_list":["post-22633","post","type-post","status-publish","format-standard","has-post-thumbnail","hentry","category-mza"],"rttpg_featured_image_url":{"full":["https:\/\/elfederalmendoza.com.ar\/wp-content\/uploads\/2023\/05\/COLECTIVO-ROBADO1.jpg",999,656,false],"landscape":["https:\/\/elfederalmendoza.com.ar\/wp-content\/uploads\/2023\/05\/COLECTIVO-ROBADO1.jpg",999,656,false],"portraits":["https:\/\/elfederalmendoza.com.ar\/wp-content\/uploads\/2023\/05\/COLECTIVO-ROBADO1.jpg",999,656,false],"thumbnail":["https:\/\/elfederalmendoza.com.ar\/wp-content\/uploads\/2023\/05\/COLECTIVO-ROBADO1-150x150.jpg",150,150,true],"medium":["https:\/\/elfederalmendoza.com.ar\/wp-content\/uploads\/2023\/05\/COLECTIVO-ROBADO1-300x197.jpg",300,197,true],"large":["https:\/\/elfederalmendoza.com.ar\/wp-content\/uploads\/2023\/05\/COLECTIVO-ROBADO1.jpg",640,420,false],"1536x1536":["https:\/\/elfederalmendoza.com.ar\/wp-content\/uploads\/2023\/05\/COLECTIVO-ROBADO1.jpg",999,656,false],"2048x2048":["https:\/\/elfederalmendoza.com.ar\/wp-content\/uploads\/2023\/05\/COLECTIVO-ROBADO1.jpg",999,656,false],"ultp_layout_landscape_large":["https:\/\/elfederalmendoza.com.ar\/wp-content\/uploads\/2023\/05\/COLECTIVO-ROBADO1.jpg",999,656,false],"ultp_layout_landscape":["https:\/\/elfederalmendoza.com.ar\/wp-content\/uploads\/2023\/05\/COLECTIVO-ROBADO1-870x570.jpg",870,570,true],"ultp_layout_portrait":["https:\/\/elfederalmendoza.com.ar\/wp-content\/uploads\/2023\/05\/COLECTIVO-ROBADO1-600x656.jpg",600,656,true],"ultp_layout_square":["https:\/\/elfederalmendoza.com.ar\/wp-content\/uploads\/2023\/05\/COLECTIVO-ROBADO1-600x600.jpg",600,600,true],"rpwe-thumbnail":["https:\/\/elfederalmendoza.com.ar\/wp-content\/uploads\/2023\/05\/COLECTIVO-ROBADO1-45x45.jpg",45,45,true],"advps-thumb-one":["https:\/\/elfederalmendoza.com.ar\/wp-content\/uploads\/2023\/05\/COLECTIVO-ROBADO1-999x420.jpg",999,420,true]},"rttpg_author":{"display_name":"Redacci\u00f3n El Federal","author_link":"https:\/\/elfederalmendoza.com.ar\/index.php\/author\/angelflores\/"},"rttpg_comment":0,"rttpg_category":"<a href=\"https:\/\/elfederalmendoza.com.ar\/index.php\/category\/mza\/\" rel=\"category tag\">Mendoza<\/a>","rttpg_excerpt":"Tres delincuentes fueron detenidos en Godoy Cruz, luego de que subieran a un colectivo con actitud sospechosa. El chofer advirti\u00f3 comportamiento extra\u00f1o en los sujetos y puls\u00f3 el bot\u00f3n de p\u00e1nico. Los individuos abordaron el colectivo 35 de la l\u00ednea 700 en el microcentro mendocino. Luego, en cercan\u00edas del mayorista Oscar David,\u00a0el chofer advierte que&hellip;","_links":{"self":[{"href":"https:\/\/elfederalmendoza.com.ar\/index.php\/wp-json\/wp\/v2\/posts\/22633","targetHints":{"allow":["GET"]}}],"collection":[{"href":"https:\/\/elfederalmendoza.com.ar\/index.php\/wp-json\/wp\/v2\/posts"}],"about":[{"href":"https:\/\/elfederalmendoza.com.ar\/index.php\/wp-json\/wp\/v2\/types\/post"}],"author":[{"embeddable":true,"href":"https:\/\/elfederalmendoza.com.ar\/index.php\/wp-json\/wp\/v2\/users\/2"}],"replies":[{"embeddable":true,"href":"https:\/\/elfederalmendoza.com.ar\/index.php\/wp-json\/wp\/v2\/comments?post=22633"}],"version-history":[{"count":1,"href":"https:\/\/elfederalmendoza.com.ar\/index.php\/wp-json\/wp\/v2\/posts\/22633\/revisions"}],"predecessor-version":[{"id":22635,"href":"https:\/\/elfederalmendoza.com.ar\/index.php\/wp-json\/wp\/v2\/posts\/22633\/revisions\/22635"}],"wp:featuredmedia":[{"embeddable":true,"href":"https:\/\/elfederalmendoza.com.ar\/index.php\/wp-json\/wp\/v2\/media\/22634"}],"wp:attachment":[{"href":"https:\/\/elfederalmendoza.com.ar\/index.php\/wp-json\/wp\/v2\/media?parent=22633"}],"wp:term":[{"taxonomy":"category","embeddable":true,"href":"https:\/\/elfederalmendoza.com.ar\/index.php\/wp-json\/wp\/v2\/categories?post=22633"},{"taxonomy":"post_tag","embeddable":true,"href":"https:\/\/elfederalmendoza.com.ar\/index.php\/wp-json\/wp\/v2\/tags?post=22633"}],"curies":[{"name":"wp","href":"https:\/\/api.w.org\/{rel}","templated":true}]}}