{"id":22636,"date":"2023-05-10T13:38:49","date_gmt":"2023-05-10T16:38:49","guid":{"rendered":"https:\/\/elfederalmendoza.com\/?p=22636"},"modified":"2023-05-10T13:40:25","modified_gmt":"2023-05-10T16:40:25","slug":"alberto-fernandez-uso-la-cadena-nacional-para-criticar-a-la-corte-suprema-por-la-suspension-de-elecciones-en-tucuman-y-san-juan","status":"publish","type":"post","link":"https:\/\/elfederalmendoza.com.ar\/index.php\/2023\/05\/10\/alberto-fernandez-uso-la-cadena-nacional-para-criticar-a-la-corte-suprema-por-la-suspension-de-elecciones-en-tucuman-y-san-juan\/","title":{"rendered":"Alberto Fern\u00e1ndez us\u00f3 la cadena nacional para criticar a la Corte Suprema por la suspensi\u00f3n de elecciones en Tucum\u00e1n y San Juan"},"content":{"rendered":"\n<p>En un mensaje emitido por cadena nacional este mi\u00e9rcoles, el Presidente Albertoo Fern\u00e1ndez critic\u00f3 el\u00a0fallo de la Corte Suprema de Justicia\u00a0que suspendi\u00f3 los comicios que se iban a realizar este domingo en las dos provincias e\u00a0inhabilit\u00f3 a los gobernadores Sergio U\u00f1ac y Juan Manzur a ser nuevamente candidatos.<\/p>\n\n\n\n<figure class=\"wp-block-embed is-type-video is-provider-youtube wp-block-embed-youtube wp-embed-aspect-16-9 wp-has-aspect-ratio\"><div class=\"wp-block-embed__wrapper\">\n<iframe loading=\"lazy\" title=\"CADENA NACIONAL - Mensaje del presidente Alberto Fern\u00e1ndez.\" width=\"640\" height=\"360\" src=\"https:\/\/www.youtube.com\/embed\/GLGEg5h1mRs?feature=oembed\" frameborder=\"0\" allow=\"accelerometer; autoplay; clipboard-write; encrypted-media; gyroscope; picture-in-picture; web-share\" referrerpolicy=\"strict-origin-when-cross-origin\" allowfullscreen><\/iframe>\n<\/div><\/figure>\n\n\n\n<p><\/p>\n\n\n\n<p>Adem\u00e1s, consider\u00f3 que la resoluci\u00f3n del m\u00e1ximo tribunal de Justicia \u201cdeja a la democracia como reh\u00e9n de un grupo de jueces&nbsp;que no observan criterios de justicia\u201d.<\/p>\n\n\n\n<p>\u201cSe han convertido en el\u00a0brazo operativo de la oposici\u00f3n\u00a0y de los grupos concentrados del poder econ\u00f3mico y medi\u00e1tico\u201d. Tambi\u00e9n acus\u00f3 a los jueces de \u201cdesconocer el federalismo y la divisi\u00f3n de poderes\u201d, fue la declaraci\u00f3n del mandatario.<\/p>\n","protected":false},"excerpt":{"rendered":"<p>En un mensaje emitido por cadena nacional este mi\u00e9rcoles, el Presidente Albertoo Fern\u00e1ndez critic\u00f3 el\u00a0fallo de la Corte Suprema de Justicia\u00a0que suspendi\u00f3 los comicios que se iban a realizar este domingo en las dos provincias e\u00a0inhabilit\u00f3 a los gobernadores Sergio U\u00f1ac y Juan Manzur a ser nuevamente candidatos. Adem\u00e1s, consider\u00f3 que la resoluci\u00f3n del m\u00e1ximo<a class=\"read-more\" href=\"https:\/\/elfederalmendoza.com.ar\/index.php\/2023\/05\/10\/alberto-fernandez-uso-la-cadena-nacional-para-criticar-a-la-corte-suprema-por-la-suspension-de-elecciones-en-tucuman-y-san-juan\/\"> [&hellip;]<\/a><\/p>\n","protected":false},"author":2,"featured_media":22638,"comment_status":"open","ping_status":"open","sticky":false,"template":"","format":"standard","meta":{"footnotes":""},"categories":[5618],"tags":[],"class_list":["post-22636","post","type-post","status-publish","format-standard","has-post-thumbnail","hentry","category-arg"],"rttpg_featured_image_url":{"full":["https:\/\/elfederalmendoza.com.ar\/wp-content\/uploads\/2023\/05\/alberto-cadena.jpg",778,425,false],"landscape":["https:\/\/elfederalmendoza.com.ar\/wp-content\/uploads\/2023\/05\/alberto-cadena.jpg",778,425,false],"portraits":["https:\/\/elfederalmendoza.com.ar\/wp-content\/uploads\/2023\/05\/alberto-cadena.jpg",778,425,false],"thumbnail":["https:\/\/elfederalmendoza.com.ar\/wp-content\/uploads\/2023\/05\/alberto-cadena-150x150.jpg",150,150,true],"medium":["https:\/\/elfederalmendoza.com.ar\/wp-content\/uploads\/2023\/05\/alberto-cadena-300x164.jpg",300,164,true],"large":["https:\/\/elfederalmendoza.com.ar\/wp-content\/uploads\/2023\/05\/alberto-cadena.jpg",640,350,false],"1536x1536":["https:\/\/elfederalmendoza.com.ar\/wp-content\/uploads\/2023\/05\/alberto-cadena.jpg",778,425,false],"2048x2048":["https:\/\/elfederalmendoza.com.ar\/wp-content\/uploads\/2023\/05\/alberto-cadena.jpg",778,425,false],"ultp_layout_landscape_large":["https:\/\/elfederalmendoza.com.ar\/wp-content\/uploads\/2023\/05\/alberto-cadena.jpg",778,425,false],"ultp_layout_landscape":["https:\/\/elfederalmendoza.com.ar\/wp-content\/uploads\/2023\/05\/alberto-cadena.jpg",778,425,false],"ultp_layout_portrait":["https:\/\/elfederalmendoza.com.ar\/wp-content\/uploads\/2023\/05\/alberto-cadena-600x425.jpg",600,425,true],"ultp_layout_square":["https:\/\/elfederalmendoza.com.ar\/wp-content\/uploads\/2023\/05\/alberto-cadena-600x425.jpg",600,425,true],"rpwe-thumbnail":["https:\/\/elfederalmendoza.com.ar\/wp-content\/uploads\/2023\/05\/alberto-cadena-45x45.jpg",45,45,true],"advps-thumb-one":["https:\/\/elfederalmendoza.com.ar\/wp-content\/uploads\/2023\/05\/alberto-cadena-778x420.jpg",778,420,true]},"rttpg_author":{"display_name":"Redacci\u00f3n El Federal","author_link":"https:\/\/elfederalmendoza.com.ar\/index.php\/author\/angelflores\/"},"rttpg_comment":0,"rttpg_category":"<a href=\"https:\/\/elfederalmendoza.com.ar\/index.php\/category\/arg\/\" rel=\"category tag\">Argentina<\/a>","rttpg_excerpt":"En un mensaje emitido por cadena nacional este mi\u00e9rcoles, el Presidente Albertoo Fern\u00e1ndez critic\u00f3 el\u00a0fallo de la Corte Suprema de Justicia\u00a0que suspendi\u00f3 los comicios que se iban a realizar este domingo en las dos provincias e\u00a0inhabilit\u00f3 a los gobernadores Sergio U\u00f1ac y Juan Manzur a ser nuevamente candidatos. Adem\u00e1s, consider\u00f3 que la resoluci\u00f3n del m\u00e1ximo&hellip;","_links":{"self":[{"href":"https:\/\/elfederalmendoza.com.ar\/index.php\/wp-json\/wp\/v2\/posts\/22636","targetHints":{"allow":["GET"]}}],"collection":[{"href":"https:\/\/elfederalmendoza.com.ar\/index.php\/wp-json\/wp\/v2\/posts"}],"about":[{"href":"https:\/\/elfederalmendoza.com.ar\/index.php\/wp-json\/wp\/v2\/types\/post"}],"author":[{"embeddable":true,"href":"https:\/\/elfederalmendoza.com.ar\/index.php\/wp-json\/wp\/v2\/users\/2"}],"replies":[{"embeddable":true,"href":"https:\/\/elfederalmendoza.com.ar\/index.php\/wp-json\/wp\/v2\/comments?post=22636"}],"version-history":[{"count":3,"href":"https:\/\/elfederalmendoza.com.ar\/index.php\/wp-json\/wp\/v2\/posts\/22636\/revisions"}],"predecessor-version":[{"id":22641,"href":"https:\/\/elfederalmendoza.com.ar\/index.php\/wp-json\/wp\/v2\/posts\/22636\/revisions\/22641"}],"wp:featuredmedia":[{"embeddable":true,"href":"https:\/\/elfederalmendoza.com.ar\/index.php\/wp-json\/wp\/v2\/media\/22638"}],"wp:attachment":[{"href":"https:\/\/elfederalmendoza.com.ar\/index.php\/wp-json\/wp\/v2\/media?parent=22636"}],"wp:term":[{"taxonomy":"category","embeddable":true,"href":"https:\/\/elfederalmendoza.com.ar\/index.php\/wp-json\/wp\/v2\/categories?post=22636"},{"taxonomy":"post_tag","embeddable":true,"href":"https:\/\/elfederalmendoza.com.ar\/index.php\/wp-json\/wp\/v2\/tags?post=22636"}],"curies":[{"name":"wp","href":"https:\/\/api.w.org\/{rel}","templated":true}]}}