{"id":22642,"date":"2023-05-10T14:49:32","date_gmt":"2023-05-10T17:49:32","guid":{"rendered":"https:\/\/elfederalmendoza.com\/?p=22642"},"modified":"2023-05-10T14:49:33","modified_gmt":"2023-05-10T17:49:33","slug":"la-oposicion-cruzo-al-alberto-fernandez-tras-la-cadena-nacional-los-que-violan-la-ley-siempre-tienen-problemas-con-los-jueces","status":"publish","type":"post","link":"https:\/\/elfederalmendoza.com.ar\/index.php\/2023\/05\/10\/la-oposicion-cruzo-al-alberto-fernandez-tras-la-cadena-nacional-los-que-violan-la-ley-siempre-tienen-problemas-con-los-jueces\/","title":{"rendered":"La oposici\u00f3n cruz\u00f3 al Alberto Fern\u00e1ndez tras la cadena nacional: \u201cLos que violan la ley siempre tienen problemas con los jueces\u201d"},"content":{"rendered":"\n<p>El presidente Alberto Fern\u00e1ndez se expres\u00f3 este mi\u00e9rcoles a trav\u00e9s de un video que se difundi\u00f3 en cadena nacional tras el fallo dado a conocer horas atr\u00e1s con el que la Corte Suprema de Justicia decidi\u00f3 suspender las elecciones a gobernador y vice que deb\u00edan llevarse a cabo el pr\u00f3ximo domingo en las provincias de Tucum\u00e1n y San Juan y la reacci\u00f3n de los principales referentes de la oposici\u00f3n no se hizo esperar.<\/p>\n\n\n\n<p>Para la precandidata presidencial del PRO, Patricia Bullrich,\u00a0<strong>\u201clos que violan la ley siempre tienen problemas con los jueces\u201d<\/strong>. Con ese breve mensaje, la dirigente de Juntos por el Cambio le apunt\u00f3 a Alberto Fern\u00e1ndez a trav\u00e9s de su cuenta de Twitter, con el video del mensaje presidencial incluido en el posteo.<\/p>\n\n\n\n<p>En tanto, su rival en las internas de agosto, Horacio Rodr\u00edguez Larreta, sostuvo en la misma red social que \u201cun cambio total y duradero lo incluye\u201d a Fern\u00e1ndez&nbsp;<strong>\u201cdejando de atentar contra la divisi\u00f3n de poderes. Ac\u00e1 los \u00fanicos rehenes somos los argentinos, rehenes de su incapacidad de gobernar\u201d<\/strong>, apunt\u00f3 el alcalde porte\u00f1o.<\/p>\n\n\n\n<p>En el mismo sentido, Cristian Ritondo, diputado de JxC por la provincia de Buenos Aires, se\u00f1al\u00f3:\u00a0<strong>\u201cEl profesor de derecho sale por cadena nacional a repetir mentiras y bastardear la divisi\u00f3n de poderes. Aunque les duela, vamos a seguir denunciando sus intentos de llevarse puesta la Rep\u00fablica\u201d<\/strong>.<\/p>\n\n\n\n<figure class=\"wp-block-embed is-type-rich is-provider-twitter wp-block-embed-twitter\"><div class=\"wp-block-embed__wrapper\">\n<blockquote class=\"twitter-tweet\" data-width=\"550\" data-dnt=\"true\"><p lang=\"es\" dir=\"ltr\">Los que violan la ley siempre tienen problemas con los jueces. <a href=\"https:\/\/t.co\/b3i6ghFEzL\">https:\/\/t.co\/b3i6ghFEzL<\/a><\/p>&mdash; Patricia Bullrich (@PatoBullrich) <a href=\"https:\/\/twitter.com\/PatoBullrich\/status\/1656321532786798594?ref_src=twsrc%5Etfw\">May 10, 2023<\/a><\/blockquote><script async src=\"https:\/\/platform.twitter.com\/widgets.js\" charset=\"utf-8\"><\/script>\n<\/div><\/figure>\n\n\n\n<figure class=\"wp-block-embed is-type-rich is-provider-twitter wp-block-embed-twitter\"><div class=\"wp-block-embed__wrapper\">\n<blockquote class=\"twitter-tweet\" data-width=\"550\" data-dnt=\"true\"><p lang=\"es\" dir=\"ltr\">Presidente, un cambio total y duradero lo incluye a usted dejando de atentar contra la divisi\u00f3n de poderes. Ac\u00e1 los \u00fanicos rehenes somos los argentinos, rehenes de su incapacidad de gobernar.<\/p>&mdash; Horacio Rodr\u00edguez Larreta (@horaciorlarreta) <a href=\"https:\/\/twitter.com\/horaciorlarreta\/status\/1656316961897234439?ref_src=twsrc%5Etfw\">May 10, 2023<\/a><\/blockquote><script async src=\"https:\/\/platform.twitter.com\/widgets.js\" charset=\"utf-8\"><\/script>\n<\/div><\/figure>\n\n\n\n<h2 class=\"wp-block-heading\">Qu\u00e9 dijo Alberto Fern\u00e1ndez<\/h2>\n\n\n\n<p>\u201c<strong>La suspensi\u00f3n de las elecciones en las provincias de San Juan y Tucum\u00e1n deja a la democracia como reh\u00e9n de un grupo de jueces\u201d.<\/strong>&nbsp;Lo dijo el presidente&nbsp;<strong>Alberto Fern\u00e1ndez<\/strong>&nbsp;este mediod\u00eda. Fue su respuesta a la decisi\u00f3n de la Suprema de Justicia de suspender las elecciones a gobernador en San Juan y Tucum\u00e1n.<\/p>\n\n\n\n<p>Para el Presidente, esta decisi\u00f3n \u201cafecta a dos provincias en las que se proyectaba el triunfo del peronismo que se habr\u00edan sumado a otros triunfos del oficialismo ocurridos el \u00faltimo domingo\u201d.&nbsp;<\/p>\n\n\n\n<p>\u201cTampoco puedo dejar de observar que el fallo deviene inmediatamente despu\u00e9s de que&nbsp;<strong>Mauricio Macri&nbsp;<\/strong>tratara de &#8216;feudos&#8217; a las provincias norte\u00f1as en las que su espacio pol\u00edtico preve\u00eda derrotas\u201d, dijo el Presidente en un mensaje por cadena nacional.<\/p>\n","protected":false},"excerpt":{"rendered":"<p>El presidente Alberto Fern\u00e1ndez se expres\u00f3 este mi\u00e9rcoles a trav\u00e9s de un video que se difundi\u00f3 en cadena nacional tras el fallo dado a conocer horas atr\u00e1s con el que la Corte Suprema de Justicia decidi\u00f3 suspender las elecciones a gobernador y vice que deb\u00edan llevarse a cabo el pr\u00f3ximo domingo en las provincias de<a class=\"read-more\" href=\"https:\/\/elfederalmendoza.com.ar\/index.php\/2023\/05\/10\/la-oposicion-cruzo-al-alberto-fernandez-tras-la-cadena-nacional-los-que-violan-la-ley-siempre-tienen-problemas-con-los-jueces\/\"> [&hellip;]<\/a><\/p>\n","protected":false},"author":2,"featured_media":22643,"comment_status":"open","ping_status":"open","sticky":false,"template":"","format":"standard","meta":{"footnotes":""},"categories":[5618],"tags":[],"class_list":["post-22642","post","type-post","status-publish","format-standard","has-post-thumbnail","hentry","category-arg"],"rttpg_featured_image_url":{"full":["https:\/\/elfederalmendoza.com.ar\/wp-content\/uploads\/2023\/05\/627d7879c4da0.jpg",1920,1283,false],"landscape":["https:\/\/elfederalmendoza.com.ar\/wp-content\/uploads\/2023\/05\/627d7879c4da0.jpg",1920,1283,false],"portraits":["https:\/\/elfederalmendoza.com.ar\/wp-content\/uploads\/2023\/05\/627d7879c4da0.jpg",1920,1283,false],"thumbnail":["https:\/\/elfederalmendoza.com.ar\/wp-content\/uploads\/2023\/05\/627d7879c4da0-150x150.jpg",150,150,true],"medium":["https:\/\/elfederalmendoza.com.ar\/wp-content\/uploads\/2023\/05\/627d7879c4da0-300x200.jpg",300,200,true],"large":["https:\/\/elfederalmendoza.com.ar\/wp-content\/uploads\/2023\/05\/627d7879c4da0-1024x684.jpg",640,428,true],"1536x1536":["https:\/\/elfederalmendoza.com.ar\/wp-content\/uploads\/2023\/05\/627d7879c4da0-1536x1026.jpg",1536,1026,true],"2048x2048":["https:\/\/elfederalmendoza.com.ar\/wp-content\/uploads\/2023\/05\/627d7879c4da0.jpg",1920,1283,false],"ultp_layout_landscape_large":["https:\/\/elfederalmendoza.com.ar\/wp-content\/uploads\/2023\/05\/627d7879c4da0-1200x800.jpg",1200,800,true],"ultp_layout_landscape":["https:\/\/elfederalmendoza.com.ar\/wp-content\/uploads\/2023\/05\/627d7879c4da0-870x570.jpg",870,570,true],"ultp_layout_portrait":["https:\/\/elfederalmendoza.com.ar\/wp-content\/uploads\/2023\/05\/627d7879c4da0-600x900.jpg",600,900,true],"ultp_layout_square":["https:\/\/elfederalmendoza.com.ar\/wp-content\/uploads\/2023\/05\/627d7879c4da0-600x600.jpg",600,600,true],"rpwe-thumbnail":["https:\/\/elfederalmendoza.com.ar\/wp-content\/uploads\/2023\/05\/627d7879c4da0-45x45.jpg",45,45,true],"advps-thumb-one":["https:\/\/elfederalmendoza.com.ar\/wp-content\/uploads\/2023\/05\/627d7879c4da0-1200x420.jpg",1200,420,true]},"rttpg_author":{"display_name":"Redacci\u00f3n El Federal","author_link":"https:\/\/elfederalmendoza.com.ar\/index.php\/author\/angelflores\/"},"rttpg_comment":0,"rttpg_category":"<a href=\"https:\/\/elfederalmendoza.com.ar\/index.php\/category\/arg\/\" rel=\"category tag\">Argentina<\/a>","rttpg_excerpt":"El presidente Alberto Fern\u00e1ndez se expres\u00f3 este mi\u00e9rcoles a trav\u00e9s de un video que se difundi\u00f3 en cadena nacional tras el fallo dado a conocer horas atr\u00e1s con el que la Corte Suprema de Justicia decidi\u00f3 suspender las elecciones a gobernador y vice que deb\u00edan llevarse a cabo el pr\u00f3ximo domingo en las provincias de&hellip;","_links":{"self":[{"href":"https:\/\/elfederalmendoza.com.ar\/index.php\/wp-json\/wp\/v2\/posts\/22642","targetHints":{"allow":["GET"]}}],"collection":[{"href":"https:\/\/elfederalmendoza.com.ar\/index.php\/wp-json\/wp\/v2\/posts"}],"about":[{"href":"https:\/\/elfederalmendoza.com.ar\/index.php\/wp-json\/wp\/v2\/types\/post"}],"author":[{"embeddable":true,"href":"https:\/\/elfederalmendoza.com.ar\/index.php\/wp-json\/wp\/v2\/users\/2"}],"replies":[{"embeddable":true,"href":"https:\/\/elfederalmendoza.com.ar\/index.php\/wp-json\/wp\/v2\/comments?post=22642"}],"version-history":[{"count":1,"href":"https:\/\/elfederalmendoza.com.ar\/index.php\/wp-json\/wp\/v2\/posts\/22642\/revisions"}],"predecessor-version":[{"id":22644,"href":"https:\/\/elfederalmendoza.com.ar\/index.php\/wp-json\/wp\/v2\/posts\/22642\/revisions\/22644"}],"wp:featuredmedia":[{"embeddable":true,"href":"https:\/\/elfederalmendoza.com.ar\/index.php\/wp-json\/wp\/v2\/media\/22643"}],"wp:attachment":[{"href":"https:\/\/elfederalmendoza.com.ar\/index.php\/wp-json\/wp\/v2\/media?parent=22642"}],"wp:term":[{"taxonomy":"category","embeddable":true,"href":"https:\/\/elfederalmendoza.com.ar\/index.php\/wp-json\/wp\/v2\/categories?post=22642"},{"taxonomy":"post_tag","embeddable":true,"href":"https:\/\/elfederalmendoza.com.ar\/index.php\/wp-json\/wp\/v2\/tags?post=22642"}],"curies":[{"name":"wp","href":"https:\/\/api.w.org\/{rel}","templated":true}]}}