{"id":22645,"date":"2023-05-10T03:05:00","date_gmt":"2023-05-10T06:05:00","guid":{"rendered":"https:\/\/elfederalmendoza.com\/?p=22645"},"modified":"2023-05-10T15:07:11","modified_gmt":"2023-05-10T18:07:11","slug":"buscaran-en-el-dique-el-nihuil-a-un-sujeto-que-desaparecio-el-12-de-enero","status":"publish","type":"post","link":"https:\/\/elfederalmendoza.com.ar\/index.php\/2023\/05\/10\/buscaran-en-el-dique-el-nihuil-a-un-sujeto-que-desaparecio-el-12-de-enero\/","title":{"rendered":"Buscar\u00e1n en el dique El Nihuil a un sujeto que desapareci\u00f3 el 12 de enero"},"content":{"rendered":"\n<p>Efectivos de\u00a0Prefectura Naval Argentina\u00a0buscar\u00e1n a\u00a0<strong>Humberto Rodr\u00edguez<\/strong>\u00a0en el lago El Nihuil, en el departamento\u00a0<strong>San Rafael<\/strong>, cuatro meses despu\u00e9s de su desaparici\u00f3n. El operativo coincidir\u00e1 con la fecha en que su hijo dijo haberlo visto por \u00faltima vez. <\/p>\n\n\n\n<p>Personal de la fuerza utilizar\u00e1 elementos tecnol\u00f3gicos para intentar encontrar el cuerpo del hombre de 71 a\u00f1os en el distrito de El Nihuil.\u00a0<\/p>\n\n\n<div class=\"wp-block-image\">\n<figure class=\"aligncenter size-full\"><img loading=\"lazy\" decoding=\"async\" width=\"208\" height=\"243\" src=\"https:\/\/elfederalmendoza.com\/wp-content\/uploads\/2023\/05\/645bc86c5e868__780x780.webp\" alt=\"\" class=\"wp-image-22647\"\/><\/figure><\/div>\n\n\n<p>Rodr\u00edguez desapareci\u00f3 el pasado 12 de enero cuando sali\u00f3 de su casa en<strong>\u00a0San Rafael<\/strong>, Mendoza, para realizar tr\u00e1mites bancarios y nunca regres\u00f3. <\/p>\n\n\n\n<p>Desde entonces, su familia ha realizado\u00a0<strong>b\u00fasquedas<\/strong>\u00a0en distintas zonas de la provincia sin \u00e9xito. Ahora, con la ayuda de Prefectura Naval, esperan obtener alguna pista sobre su paradero.<\/p>\n\n\n\n<p><em>Fuente: Diario Mendoza<\/em><\/p>\n","protected":false},"excerpt":{"rendered":"<p>Efectivos de\u00a0Prefectura Naval Argentina\u00a0buscar\u00e1n a\u00a0Humberto Rodr\u00edguez\u00a0en el lago El Nihuil, en el departamento\u00a0San Rafael, cuatro meses despu\u00e9s de su desaparici\u00f3n. El operativo coincidir\u00e1 con la fecha en que su hijo dijo haberlo visto por \u00faltima vez. Personal de la fuerza utilizar\u00e1 elementos tecnol\u00f3gicos para intentar encontrar el cuerpo del hombre de 71 a\u00f1os en el<a class=\"read-more\" href=\"https:\/\/elfederalmendoza.com.ar\/index.php\/2023\/05\/10\/buscaran-en-el-dique-el-nihuil-a-un-sujeto-que-desaparecio-el-12-de-enero\/\"> [&hellip;]<\/a><\/p>\n","protected":false},"author":2,"featured_media":22646,"comment_status":"open","ping_status":"open","sticky":false,"template":"","format":"standard","meta":{"footnotes":""},"categories":[1],"tags":[],"class_list":["post-22645","post","type-post","status-publish","format-standard","has-post-thumbnail","hentry","category-mza"],"rttpg_featured_image_url":{"full":["https:\/\/elfederalmendoza.com.ar\/wp-content\/uploads\/2023\/05\/61a50fa627bf0__700x430.webp",700,430,false],"landscape":["https:\/\/elfederalmendoza.com.ar\/wp-content\/uploads\/2023\/05\/61a50fa627bf0__700x430.webp",700,430,false],"portraits":["https:\/\/elfederalmendoza.com.ar\/wp-content\/uploads\/2023\/05\/61a50fa627bf0__700x430.webp",700,430,false],"thumbnail":["https:\/\/elfederalmendoza.com.ar\/wp-content\/uploads\/2023\/05\/61a50fa627bf0__700x430-150x150.webp",150,150,true],"medium":["https:\/\/elfederalmendoza.com.ar\/wp-content\/uploads\/2023\/05\/61a50fa627bf0__700x430-300x184.webp",300,184,true],"large":["https:\/\/elfederalmendoza.com.ar\/wp-content\/uploads\/2023\/05\/61a50fa627bf0__700x430.webp",640,393,false],"1536x1536":["https:\/\/elfederalmendoza.com.ar\/wp-content\/uploads\/2023\/05\/61a50fa627bf0__700x430.webp",700,430,false],"2048x2048":["https:\/\/elfederalmendoza.com.ar\/wp-content\/uploads\/2023\/05\/61a50fa627bf0__700x430.webp",700,430,false],"ultp_layout_landscape_large":["https:\/\/elfederalmendoza.com.ar\/wp-content\/uploads\/2023\/05\/61a50fa627bf0__700x430.webp",700,430,false],"ultp_layout_landscape":["https:\/\/elfederalmendoza.com.ar\/wp-content\/uploads\/2023\/05\/61a50fa627bf0__700x430.webp",700,430,false],"ultp_layout_portrait":["https:\/\/elfederalmendoza.com.ar\/wp-content\/uploads\/2023\/05\/61a50fa627bf0__700x430-600x430.webp",600,430,true],"ultp_layout_square":["https:\/\/elfederalmendoza.com.ar\/wp-content\/uploads\/2023\/05\/61a50fa627bf0__700x430-600x430.webp",600,430,true],"rpwe-thumbnail":["https:\/\/elfederalmendoza.com.ar\/wp-content\/uploads\/2023\/05\/61a50fa627bf0__700x430-45x45.webp",45,45,true],"advps-thumb-one":["https:\/\/elfederalmendoza.com.ar\/wp-content\/uploads\/2023\/05\/61a50fa627bf0__700x430-700x420.webp",700,420,true]},"rttpg_author":{"display_name":"Redacci\u00f3n El Federal","author_link":"https:\/\/elfederalmendoza.com.ar\/index.php\/author\/angelflores\/"},"rttpg_comment":0,"rttpg_category":"<a href=\"https:\/\/elfederalmendoza.com.ar\/index.php\/category\/mza\/\" rel=\"category tag\">Mendoza<\/a>","rttpg_excerpt":"Efectivos de\u00a0Prefectura Naval Argentina\u00a0buscar\u00e1n a\u00a0Humberto Rodr\u00edguez\u00a0en el lago El Nihuil, en el departamento\u00a0San Rafael, cuatro meses despu\u00e9s de su desaparici\u00f3n. El operativo coincidir\u00e1 con la fecha en que su hijo dijo haberlo visto por \u00faltima vez. Personal de la fuerza utilizar\u00e1 elementos tecnol\u00f3gicos para intentar encontrar el cuerpo del hombre de 71 a\u00f1os en el&hellip;","_links":{"self":[{"href":"https:\/\/elfederalmendoza.com.ar\/index.php\/wp-json\/wp\/v2\/posts\/22645","targetHints":{"allow":["GET"]}}],"collection":[{"href":"https:\/\/elfederalmendoza.com.ar\/index.php\/wp-json\/wp\/v2\/posts"}],"about":[{"href":"https:\/\/elfederalmendoza.com.ar\/index.php\/wp-json\/wp\/v2\/types\/post"}],"author":[{"embeddable":true,"href":"https:\/\/elfederalmendoza.com.ar\/index.php\/wp-json\/wp\/v2\/users\/2"}],"replies":[{"embeddable":true,"href":"https:\/\/elfederalmendoza.com.ar\/index.php\/wp-json\/wp\/v2\/comments?post=22645"}],"version-history":[{"count":1,"href":"https:\/\/elfederalmendoza.com.ar\/index.php\/wp-json\/wp\/v2\/posts\/22645\/revisions"}],"predecessor-version":[{"id":22648,"href":"https:\/\/elfederalmendoza.com.ar\/index.php\/wp-json\/wp\/v2\/posts\/22645\/revisions\/22648"}],"wp:featuredmedia":[{"embeddable":true,"href":"https:\/\/elfederalmendoza.com.ar\/index.php\/wp-json\/wp\/v2\/media\/22646"}],"wp:attachment":[{"href":"https:\/\/elfederalmendoza.com.ar\/index.php\/wp-json\/wp\/v2\/media?parent=22645"}],"wp:term":[{"taxonomy":"category","embeddable":true,"href":"https:\/\/elfederalmendoza.com.ar\/index.php\/wp-json\/wp\/v2\/categories?post=22645"},{"taxonomy":"post_tag","embeddable":true,"href":"https:\/\/elfederalmendoza.com.ar\/index.php\/wp-json\/wp\/v2\/tags?post=22645"}],"curies":[{"name":"wp","href":"https:\/\/api.w.org\/{rel}","templated":true}]}}