{"id":22649,"date":"2023-05-10T19:27:52","date_gmt":"2023-05-10T22:27:52","guid":{"rendered":"https:\/\/elfederalmendoza.com\/?p=22649"},"modified":"2023-05-10T19:33:24","modified_gmt":"2023-05-10T22:33:24","slug":"condenaron-a-cuatro-barras-de-la-lepra-por-el-asesinato-de-gavito-videla","status":"publish","type":"post","link":"https:\/\/elfederalmendoza.com.ar\/index.php\/2023\/05\/10\/condenaron-a-cuatro-barras-de-la-lepra-por-el-asesinato-de-gavito-videla\/","title":{"rendered":"Condenaron a cuatro barras de la \u00abLepra\u00bb por el asesinato de Gavito Videla"},"content":{"rendered":"\n<p>Un asesinato ocurrido en medio de una movilizaci\u00f3n de 2.000 personas y en el marco de una guerra de barrabravas explican lo que fue una intrincada investigaci\u00f3n que se cerr\u00f3 este mi\u00e9rcoles. Cuatro sujetos admitieron haber cometido&nbsp;<strong>el asesinato de<em>&nbsp;Gabito&nbsp;<\/em>Videla,&nbsp;<\/strong>en un banderazo de<strong>&nbsp;Independiente Rivadavia<\/strong>&nbsp;a principios de 2021. Si bien fueron condenados, zafaron de la pena de prisi\u00f3n perpetua.<\/p>\n\n\n\n<p>La causa por el crimen de Gabriel Videla ha tenido varios vaivenes: sospechosos que fueron liberados, otros que&nbsp;estuvieron pr\u00f3fugos mucho tiempo,&nbsp;testigos con miedo a declarar y escasez de pruebas cient\u00edficas al ocurrir en medio de una multitud de personas. As\u00ed y todo, el fiscal de Homicidios Carlos Torres logr\u00f3 sostener la detenci\u00f3n de&nbsp;<strong>Pablo&nbsp;<em>Cara de Viejo<\/em>&nbsp;Manrique (46), Juli\u00e1n Ezequiel Reyes (28), Nicol\u00e1s&nbsp;<em>Gordo Marta&nbsp;<\/em>Cano (30) y Cristian<em>&nbsp;Chori&nbsp;<\/em>Rivero (29).<\/strong><\/p>\n\n\n\n<figure class=\"wp-block-embed is-type-video is-provider-youtube wp-block-embed-youtube wp-embed-aspect-16-9 wp-has-aspect-ratio\"><div class=\"wp-block-embed__wrapper\">\nhttps:\/\/www.youtube.com\/watch?v=iLKCy8Cm03M\n<\/div><figcaption class=\"wp-element-caption\">Im\u00e1genes de archivo Canal 9 Mendoza<\/figcaption><\/figure>\n\n\n\n<p>Todos estaban imputados por homicidio agravado por alevos\u00eda y por el concurso premeditado de dos o m\u00e1s personas, por lo que&nbsp;<strong>arriesgaban una pena de prisi\u00f3n perpetua<\/strong>&nbsp;y deb\u00edan afrontar un juicio ante un jurado popular. Sin embargo, este martes sus abogados defensores<strong>&nbsp;pactaron realizar un debate abreviado donde fueron condenados a una pena sensiblemente menor.<\/strong><\/p>\n\n\n\n<p>\u00abIr ante un jurado pod\u00eda salir para cualquier lado: o todos condenados por perpetua o todos absueltos\u00bb, comentaron algunas fuentes judiciales vinculadas al expediente en referencia a<strong>&nbsp;la falta de pruebas del todo claras, sobre todo respecto a qui\u00e9n fue el autor de los seis disparos que terminaron con la vida de Gabito Videla.<\/strong><\/p>\n\n\n\n<p>Es por esto que se decidi\u00f3 un cambio de calificaci\u00f3n a&nbsp;<strong>homicidio en agresi\u00f3n agravado por el uso de arma de fuego,<\/strong>&nbsp;es decir, que todos participaron de la emboscada pero justamente no se puede determinar quien acribill\u00f3 al joven. Manrique y Reyes recibieron una pena de 4 a\u00f1os de c\u00e1rcel mientras que Cano y Rivero fueron condenados a 5 a\u00f1os -se le sumaron otras causas por encubrimiento y lesiones-.<\/p>\n\n\n\n<p>De esta forma, el juicio abreviado le sirvi\u00f3 a la Fiscal\u00eda para garantizar que el caso<strong>&nbsp;no quede impune&nbsp;<\/strong>mientras que los abogados defensores lograron evitar una potencial pena de prisi\u00f3n perpetua.<\/p>\n\n\n\n<h2 class=\"wp-block-heading\" id=\"Guerra_de_barrabravas\">Guerra de barrabravas<\/h2>\n\n\n\n<p>El 23 de enero de 2021&nbsp;<strong>acribillaron&nbsp;<\/strong>a disparos a Gabriel&nbsp;<em>Gabito<\/em>&nbsp;Videla en las inmediaciones de los portones del Parque General San Mart\u00edn cuando<strong>&nbsp;2.000 hinchas de la Lepra hac\u00edan un banderazo<\/strong>. Cuatro j\u00f3venes fueron detenidos porque ten\u00edan rastros de&nbsp;p\u00f3lvora en sus prendas de ropa&nbsp;pero luego quedaron desvinculados con el correr de la investigaci\u00f3n.<\/p>\n\n\n\n<p>La causa tom\u00f3 un nuevo rumbo el 2 de julio de 2021&nbsp;cuando&nbsp;<strong>detuvieron a nuevos sospechosos<\/strong>. La nueva hip\u00f3tesis apunta a que&nbsp;<strong>la v\u00edctima buscaba ganar poder en la facci\u00f3n&nbsp;<\/strong>tras haberse aliado con&nbsp;Cristian Jofr\u00e9, hermano del&nbsp;<em>Camel&nbsp;<\/em>-ex l\u00edder de la barra que fue asesinado en 2019-, y por esto fue asesinado por sus rivales de la facci\u00f3n conocida como los&nbsp;<em>Encapuchados<\/em>.<\/p>\n\n\n\n<p><strong>Cristian Rivero tambi\u00e9n qued\u00f3 vinculado<\/strong>&nbsp;tras el nuevo rumbo investigativo, pero se mantuvo pr\u00f3fugo. Sus abogados ofrecieron entregarlo a cambio de que se mantenga su libertad mientras avanza la investigaci\u00f3n, pero esto fue negado por el fiscal de Homicidios Carlos Torres. Finalmente&nbsp;<strong>fue capturado a principios de septiembre.<\/strong><\/p>\n\n\n\n<p><a rel=\"noreferrer noopener\" href=\"https:\/\/www.facebook.com\/dialog\/feed?app_id=161316767303985&amp;link=https%3A%2F%2Fwww.diariouno.com.ar%2Fjudiciales%2Fbarras-la-lepra-fueron-condenados-el-crimen-los-portones-del-parque-pero-zafaron-la-perpetua-n1097413&amp;name=Barras+de+la+Lepra+fueron+condenados+por+el+crimen+en+los+portones+del+Parque+pero+zafaron+de+la+perpetua&amp;caption=Gabito+Videla&amp;description=Chori+Rivero%2C+Gordo+Marta+Cano%2C+Juli%C3%A1n+Reyes+y+Cara+de+Viejo+Manrique+admitieron+haber+participado+del+crimen+de+Gabito+Videla+ocurrido+durante+un+banderazo+de+hinchas+de+Independiente+Rivadavia+en+enero+de+2021&amp;redirect_uri=https%3A%2F%2Fwww.diariouno.com.ar%2Fjudiciales%2Fbarras-la-lepra-fueron-condenados-el-crimen-los-portones-del-parque-pero-zafaron-la-perpetua-n1097413\" target=\"_blank\"><\/a><\/p>\n","protected":false},"excerpt":{"rendered":"<p>Un asesinato ocurrido en medio de una movilizaci\u00f3n de 2.000 personas y en el marco de una guerra de barrabravas explican lo que fue una intrincada investigaci\u00f3n que se cerr\u00f3 este mi\u00e9rcoles. Cuatro sujetos admitieron haber cometido&nbsp;el asesinato de&nbsp;Gabito&nbsp;Videla,&nbsp;en un banderazo de&nbsp;Independiente Rivadavia&nbsp;a principios de 2021. Si bien fueron condenados, zafaron de la pena de<a class=\"read-more\" href=\"https:\/\/elfederalmendoza.com.ar\/index.php\/2023\/05\/10\/condenaron-a-cuatro-barras-de-la-lepra-por-el-asesinato-de-gavito-videla\/\"> [&hellip;]<\/a><\/p>\n","protected":false},"author":2,"featured_media":22650,"comment_status":"open","ping_status":"open","sticky":false,"template":"","format":"standard","meta":{"footnotes":""},"categories":[1],"tags":[],"class_list":["post-22649","post","type-post","status-publish","format-standard","has-post-thumbnail","hentry","category-mza"],"rttpg_featured_image_url":{"full":["https:\/\/elfederalmendoza.com.ar\/wp-content\/uploads\/2023\/05\/barra-lepra.jpg",1063,597,false],"landscape":["https:\/\/elfederalmendoza.com.ar\/wp-content\/uploads\/2023\/05\/barra-lepra.jpg",1063,597,false],"portraits":["https:\/\/elfederalmendoza.com.ar\/wp-content\/uploads\/2023\/05\/barra-lepra.jpg",1063,597,false],"thumbnail":["https:\/\/elfederalmendoza.com.ar\/wp-content\/uploads\/2023\/05\/barra-lepra-150x150.jpg",150,150,true],"medium":["https:\/\/elfederalmendoza.com.ar\/wp-content\/uploads\/2023\/05\/barra-lepra-300x168.jpg",300,168,true],"large":["https:\/\/elfederalmendoza.com.ar\/wp-content\/uploads\/2023\/05\/barra-lepra-1024x575.jpg",640,359,true],"1536x1536":["https:\/\/elfederalmendoza.com.ar\/wp-content\/uploads\/2023\/05\/barra-lepra.jpg",1063,597,false],"2048x2048":["https:\/\/elfederalmendoza.com.ar\/wp-content\/uploads\/2023\/05\/barra-lepra.jpg",1063,597,false],"ultp_layout_landscape_large":["https:\/\/elfederalmendoza.com.ar\/wp-content\/uploads\/2023\/05\/barra-lepra.jpg",1063,597,false],"ultp_layout_landscape":["https:\/\/elfederalmendoza.com.ar\/wp-content\/uploads\/2023\/05\/barra-lepra-870x570.jpg",870,570,true],"ultp_layout_portrait":["https:\/\/elfederalmendoza.com.ar\/wp-content\/uploads\/2023\/05\/barra-lepra-600x597.jpg",600,597,true],"ultp_layout_square":["https:\/\/elfederalmendoza.com.ar\/wp-content\/uploads\/2023\/05\/barra-lepra-600x597.jpg",600,597,true],"rpwe-thumbnail":["https:\/\/elfederalmendoza.com.ar\/wp-content\/uploads\/2023\/05\/barra-lepra-45x45.jpg",45,45,true],"advps-thumb-one":["https:\/\/elfederalmendoza.com.ar\/wp-content\/uploads\/2023\/05\/barra-lepra-1063x420.jpg",1063,420,true]},"rttpg_author":{"display_name":"Redacci\u00f3n El Federal","author_link":"https:\/\/elfederalmendoza.com.ar\/index.php\/author\/angelflores\/"},"rttpg_comment":0,"rttpg_category":"<a href=\"https:\/\/elfederalmendoza.com.ar\/index.php\/category\/mza\/\" rel=\"category tag\">Mendoza<\/a>","rttpg_excerpt":"Un asesinato ocurrido en medio de una movilizaci\u00f3n de 2.000 personas y en el marco de una guerra de barrabravas explican lo que fue una intrincada investigaci\u00f3n que se cerr\u00f3 este mi\u00e9rcoles. Cuatro sujetos admitieron haber cometido&nbsp;el asesinato de&nbsp;Gabito&nbsp;Videla,&nbsp;en un banderazo de&nbsp;Independiente Rivadavia&nbsp;a principios de 2021. Si bien fueron condenados, zafaron de la pena de&hellip;","_links":{"self":[{"href":"https:\/\/elfederalmendoza.com.ar\/index.php\/wp-json\/wp\/v2\/posts\/22649","targetHints":{"allow":["GET"]}}],"collection":[{"href":"https:\/\/elfederalmendoza.com.ar\/index.php\/wp-json\/wp\/v2\/posts"}],"about":[{"href":"https:\/\/elfederalmendoza.com.ar\/index.php\/wp-json\/wp\/v2\/types\/post"}],"author":[{"embeddable":true,"href":"https:\/\/elfederalmendoza.com.ar\/index.php\/wp-json\/wp\/v2\/users\/2"}],"replies":[{"embeddable":true,"href":"https:\/\/elfederalmendoza.com.ar\/index.php\/wp-json\/wp\/v2\/comments?post=22649"}],"version-history":[{"count":2,"href":"https:\/\/elfederalmendoza.com.ar\/index.php\/wp-json\/wp\/v2\/posts\/22649\/revisions"}],"predecessor-version":[{"id":22652,"href":"https:\/\/elfederalmendoza.com.ar\/index.php\/wp-json\/wp\/v2\/posts\/22649\/revisions\/22652"}],"wp:featuredmedia":[{"embeddable":true,"href":"https:\/\/elfederalmendoza.com.ar\/index.php\/wp-json\/wp\/v2\/media\/22650"}],"wp:attachment":[{"href":"https:\/\/elfederalmendoza.com.ar\/index.php\/wp-json\/wp\/v2\/media?parent=22649"}],"wp:term":[{"taxonomy":"category","embeddable":true,"href":"https:\/\/elfederalmendoza.com.ar\/index.php\/wp-json\/wp\/v2\/categories?post=22649"},{"taxonomy":"post_tag","embeddable":true,"href":"https:\/\/elfederalmendoza.com.ar\/index.php\/wp-json\/wp\/v2\/tags?post=22649"}],"curies":[{"name":"wp","href":"https:\/\/api.w.org\/{rel}","templated":true}]}}