{"id":22653,"date":"2023-05-10T07:47:00","date_gmt":"2023-05-10T10:47:00","guid":{"rendered":"https:\/\/elfederalmendoza.com\/?p=22653"},"modified":"2023-05-10T19:58:29","modified_gmt":"2023-05-10T22:58:29","slug":"netflix-la-serie-de-7-capitulos-basada-en-hechos-reales-que-te-volara-la-cabeza-con-un-romance-prohibido","status":"publish","type":"post","link":"https:\/\/elfederalmendoza.com.ar\/index.php\/2023\/05\/10\/netflix-la-serie-de-7-capitulos-basada-en-hechos-reales-que-te-volara-la-cabeza-con-un-romance-prohibido\/","title":{"rendered":"Netflix: la serie de 7 cap\u00edtulos basada en hechos reales que te volar\u00e1 la cabeza con un romance prohibido"},"content":{"rendered":"\n<p><strong>Netflix<\/strong>\u00a0estren\u00f3 este martes 2 de mayo una\u00a0<strong>dram\u00e1tica serie turca<\/strong>\u00a0que logr\u00f3, en muy pocas horas, cautivar a los fan\u00e1ticos y\u00a0<strong>se meti\u00f3 entre las m\u00e1s vistas<\/strong>\u00a0del gigante del streaming.<\/p>\n\n\n\n<p><strong>\u00abEl sastre\u00bb<\/strong>\u00a0(The Tailor en su idioma original) contiene\u00a0<strong>una temporada<\/strong>\u00a0de\u00a0<strong>siete cap\u00edtulos<\/strong>\u00a0inspirada en hechos reales y es protagonizada por\u00a0<strong>\u00c7aatay Ulusoy<\/strong>,\u00a0<strong>Salih Bademci<\/strong>\u00a0y\u00a0<strong>Sifanur G\u00fcl<\/strong>.<\/p>\n\n\n\n<p><strong>Fue dirigida por Onur G\u00fcvenatam<\/strong>, quien particip\u00f3 en la creaci\u00f3n junto a\u00a0<strong>Cem Karci<\/strong>. El guion estuvo a cargo de Rana Mamatlioglu y Bekir Baran Sitki.<\/p>\n\n\n\n<p><strong>\u00abUn famoso sastre comienza a confeccionar el vestido de novia de la prometida de su mejor amigo, pero lo que se entreteje es una red de secretos que cambiar\u00e1 las vidas de los tres\u00bb<\/strong>, dice la breve rese\u00f1a de la N roja.<\/p>\n\n\n\n<p>Actualmente, y a muy poco de estrenarse,&nbsp;<strong>\u00abEl sastre\u00bb se ubica en el puesta seis de las 10 series m\u00e1s populares en Argentina hoy<\/strong>.<\/p>\n\n\n\n<h2 class=\"wp-block-heading\">Netflix: de qu\u00e9 trata&nbsp;<strong>\u00abEl sastre\u00bb<\/strong><\/h2>\n\n\n\n<p>Un famoso sastre empieza a coser un vestido de novia para la prometida de su mejor amigo, pero los tres tienen oscuros secretos que pronto pondr\u00e1n sus vidas patas arriba.<\/p>\n\n\n\n<figure class=\"wp-block-image\"><img decoding=\"async\" src=\"https:\/\/media.diariouno.com.ar\/p\/87789681651fbde7675802368acd5edb\/adjuntos\/298\/imagenes\/009\/151\/0009151409\/1200x0\/smart\/netflix-el-sastre1jpg.jpg\" alt=\"La primera temporada de &quot;El sastre&quot; cuenta con siete cap&iacute;tulos que tienen un promedio de 40 minutos.\"\/><\/figure>\n\n\n\n<p>La primera temporada de \u00abEl sastre\u00bb cuenta con siete cap\u00edtulos que tienen un promedio de 40 minutos.<\/p>\n\n\n\n<p><strong>El sastre<\/strong>&nbsp;narra la historia de&nbsp;<strong>Peyami<\/strong>, un sastre famoso que hered\u00f3 el talento y un&nbsp;<strong>exitoso negocio de su abuelo<\/strong>. Cuando este muere, el joven se lleva su mayor secreto a Estambul y ahora debe velarlo para que nadie descubra la verdad.<\/p>\n\n\n\n<p>Por su parte, para escapar de una relaci\u00f3n abusiva con Dimitri,&nbsp;<strong>Esvet llega de manera misteriosa a la vida de Peyami y Mustafa, con sus propios secretos<\/strong>.<\/p>\n\n\n\n<h2 class=\"wp-block-heading\">Reparto de \u00abEl sastre\u00bb, serie de Netflix<\/h2>\n\n\n\n<ul class=\"wp-block-list\">\n<li><strong>\u00c7aatay Ulusoy<\/strong>&nbsp;(Peyami Dokumac)<\/li>\n\n\n\n<li><strong>Salih Bademci<\/strong>&nbsp;(Dimitri)<\/li>\n\n\n\n<li><strong>Sifanur G\u00fcl<\/strong>&nbsp;(Esvet)<\/li>\n\n\n\n<li><strong>Olgun Simek<\/strong>&nbsp;(Mustafa Dokumac)<\/li>\n\n\n\n<li>Ece S\u00fckan<\/li>\n\n\n\n<li>Lila G\u00fcrmen<\/li>\n\n\n\n<li>Vedat Erincin<\/li>\n\n\n\n<li>Celile Toyon<\/li>\n\n\n\n<li>Engin enkan<\/li>\n\n\n\n<li>Evrim Alasya<\/li>\n<\/ul>\n\n\n\n<h2 class=\"wp-block-heading\">Trailer de \u00abEl sastre\u00bb<\/h2>\n\n\n\n<figure class=\"wp-block-embed is-type-video is-provider-youtube wp-block-embed-youtube wp-embed-aspect-16-9 wp-has-aspect-ratio\"><div class=\"wp-block-embed__wrapper\">\n<iframe loading=\"lazy\" title=\"The Tailor | Official Trailer | Netflix\" width=\"640\" height=\"360\" src=\"https:\/\/www.youtube.com\/embed\/IQ3SV5QQaHo?list=PLvahqwMqN4M2N01FfQy2wXkyVyucAL86b\" frameborder=\"0\" allow=\"accelerometer; autoplay; clipboard-write; encrypted-media; gyroscope; picture-in-picture; web-share\" referrerpolicy=\"strict-origin-when-cross-origin\" allowfullscreen><\/iframe>\n<\/div><\/figure>\n","protected":false},"excerpt":{"rendered":"<p>Netflix\u00a0estren\u00f3 este martes 2 de mayo una\u00a0dram\u00e1tica serie turca\u00a0que logr\u00f3, en muy pocas horas, cautivar a los fan\u00e1ticos y\u00a0se meti\u00f3 entre las m\u00e1s vistas\u00a0del gigante del streaming. \u00abEl sastre\u00bb\u00a0(The Tailor en su idioma original) contiene\u00a0una temporada\u00a0de\u00a0siete cap\u00edtulos\u00a0inspirada en hechos reales y es protagonizada por\u00a0\u00c7aatay Ulusoy,\u00a0Salih Bademci\u00a0y\u00a0Sifanur G\u00fcl. Fue dirigida por Onur G\u00fcvenatam, quien particip\u00f3 en<a class=\"read-more\" href=\"https:\/\/elfederalmendoza.com.ar\/index.php\/2023\/05\/10\/netflix-la-serie-de-7-capitulos-basada-en-hechos-reales-que-te-volara-la-cabeza-con-un-romance-prohibido\/\"> [&hellip;]<\/a><\/p>\n","protected":false},"author":2,"featured_media":22654,"comment_status":"open","ping_status":"open","sticky":false,"template":"","format":"standard","meta":{"footnotes":""},"categories":[5618],"tags":[],"class_list":["post-22653","post","type-post","status-publish","format-standard","has-post-thumbnail","hentry","category-arg"],"rttpg_featured_image_url":{"full":["https:\/\/elfederalmendoza.com.ar\/wp-content\/uploads\/2023\/05\/el-sastre.jpg",1193,631,false],"landscape":["https:\/\/elfederalmendoza.com.ar\/wp-content\/uploads\/2023\/05\/el-sastre.jpg",1193,631,false],"portraits":["https:\/\/elfederalmendoza.com.ar\/wp-content\/uploads\/2023\/05\/el-sastre.jpg",1193,631,false],"thumbnail":["https:\/\/elfederalmendoza.com.ar\/wp-content\/uploads\/2023\/05\/el-sastre-150x150.jpg",150,150,true],"medium":["https:\/\/elfederalmendoza.com.ar\/wp-content\/uploads\/2023\/05\/el-sastre-300x159.jpg",300,159,true],"large":["https:\/\/elfederalmendoza.com.ar\/wp-content\/uploads\/2023\/05\/el-sastre-1024x542.jpg",640,339,true],"1536x1536":["https:\/\/elfederalmendoza.com.ar\/wp-content\/uploads\/2023\/05\/el-sastre.jpg",1193,631,false],"2048x2048":["https:\/\/elfederalmendoza.com.ar\/wp-content\/uploads\/2023\/05\/el-sastre.jpg",1193,631,false],"ultp_layout_landscape_large":["https:\/\/elfederalmendoza.com.ar\/wp-content\/uploads\/2023\/05\/el-sastre.jpg",1193,631,false],"ultp_layout_landscape":["https:\/\/elfederalmendoza.com.ar\/wp-content\/uploads\/2023\/05\/el-sastre-870x570.jpg",870,570,true],"ultp_layout_portrait":["https:\/\/elfederalmendoza.com.ar\/wp-content\/uploads\/2023\/05\/el-sastre-600x631.jpg",600,631,true],"ultp_layout_square":["https:\/\/elfederalmendoza.com.ar\/wp-content\/uploads\/2023\/05\/el-sastre-600x600.jpg",600,600,true],"rpwe-thumbnail":["https:\/\/elfederalmendoza.com.ar\/wp-content\/uploads\/2023\/05\/el-sastre-45x45.jpg",45,45,true],"advps-thumb-one":["https:\/\/elfederalmendoza.com.ar\/wp-content\/uploads\/2023\/05\/el-sastre-1193x420.jpg",1193,420,true]},"rttpg_author":{"display_name":"Redacci\u00f3n El Federal","author_link":"https:\/\/elfederalmendoza.com.ar\/index.php\/author\/angelflores\/"},"rttpg_comment":0,"rttpg_category":"<a href=\"https:\/\/elfederalmendoza.com.ar\/index.php\/category\/arg\/\" rel=\"category tag\">Argentina<\/a>","rttpg_excerpt":"Netflix\u00a0estren\u00f3 este martes 2 de mayo una\u00a0dram\u00e1tica serie turca\u00a0que logr\u00f3, en muy pocas horas, cautivar a los fan\u00e1ticos y\u00a0se meti\u00f3 entre las m\u00e1s vistas\u00a0del gigante del streaming. \u00abEl sastre\u00bb\u00a0(The Tailor en su idioma original) contiene\u00a0una temporada\u00a0de\u00a0siete cap\u00edtulos\u00a0inspirada en hechos reales y es protagonizada por\u00a0\u00c7aatay Ulusoy,\u00a0Salih Bademci\u00a0y\u00a0Sifanur G\u00fcl. Fue dirigida por Onur G\u00fcvenatam, quien particip\u00f3 en&hellip;","_links":{"self":[{"href":"https:\/\/elfederalmendoza.com.ar\/index.php\/wp-json\/wp\/v2\/posts\/22653","targetHints":{"allow":["GET"]}}],"collection":[{"href":"https:\/\/elfederalmendoza.com.ar\/index.php\/wp-json\/wp\/v2\/posts"}],"about":[{"href":"https:\/\/elfederalmendoza.com.ar\/index.php\/wp-json\/wp\/v2\/types\/post"}],"author":[{"embeddable":true,"href":"https:\/\/elfederalmendoza.com.ar\/index.php\/wp-json\/wp\/v2\/users\/2"}],"replies":[{"embeddable":true,"href":"https:\/\/elfederalmendoza.com.ar\/index.php\/wp-json\/wp\/v2\/comments?post=22653"}],"version-history":[{"count":1,"href":"https:\/\/elfederalmendoza.com.ar\/index.php\/wp-json\/wp\/v2\/posts\/22653\/revisions"}],"predecessor-version":[{"id":22655,"href":"https:\/\/elfederalmendoza.com.ar\/index.php\/wp-json\/wp\/v2\/posts\/22653\/revisions\/22655"}],"wp:featuredmedia":[{"embeddable":true,"href":"https:\/\/elfederalmendoza.com.ar\/index.php\/wp-json\/wp\/v2\/media\/22654"}],"wp:attachment":[{"href":"https:\/\/elfederalmendoza.com.ar\/index.php\/wp-json\/wp\/v2\/media?parent=22653"}],"wp:term":[{"taxonomy":"category","embeddable":true,"href":"https:\/\/elfederalmendoza.com.ar\/index.php\/wp-json\/wp\/v2\/categories?post=22653"},{"taxonomy":"post_tag","embeddable":true,"href":"https:\/\/elfederalmendoza.com.ar\/index.php\/wp-json\/wp\/v2\/tags?post=22653"}],"curies":[{"name":"wp","href":"https:\/\/api.w.org\/{rel}","templated":true}]}}