{"id":22656,"date":"2023-05-11T08:40:28","date_gmt":"2023-05-11T11:40:28","guid":{"rendered":"https:\/\/elfederalmendoza.com\/?p=22656"},"modified":"2023-05-11T08:40:29","modified_gmt":"2023-05-11T11:40:29","slug":"siete-delincuentes-roban-50-mil-dolares-en-un-barrio-privado-de-carrodilla","status":"publish","type":"post","link":"https:\/\/elfederalmendoza.com.ar\/index.php\/2023\/05\/11\/siete-delincuentes-roban-50-mil-dolares-en-un-barrio-privado-de-carrodilla\/","title":{"rendered":"Siete delincuentes roban 50 mil d\u00f3lares en un barrio privado de Carrodilla"},"content":{"rendered":"\n<p>Una\u00a0<strong>mujer italiana de casi 80 a\u00f1os<\/strong>, que reside hace mucho tiempo en la Argentina, y<strong>\u00a0su hija psic\u00f3loga, de 51 a\u00f1os<\/strong>, fueron\u00a0<strong>asaltadas<\/strong>\u00a0este mi\u00e9rcoles en un<strong>\u00a0barrio privado de Carrodilla<\/strong>. Otro atraco m\u00e1s perpetrado en una\u00a0<strong>vivienda<\/strong>\u00a0de un condominio con seguridad con datos muy precisos: los ladrones<strong>\u00a0robaron 50 mil d\u00f3lares (23 millones y medio de pesos)<\/strong>.\u00a0<strong>Este dinero ser\u00eda por la venta de una casa.<\/strong><\/p>\n\n\n\n<p>El robo se produjo pasadas las 12 en la<strong>\u00a0casa 1 de la manzana K del barrio Los Carolinos<\/strong>.\u00a0<strong>Siete delincuentes con los rostros cubiertos<\/strong>, utilizando prendas oscuras y algunos de ellos con guantes, ingresaron por la parte de atr\u00e1s de la casa, a trav\u00e9s de un agujero en la<strong> lona verde y tela met\u00e1lica que delimita el per\u00edmetro del inmueble.<\/strong><\/p>\n\n\n\n<p>A la casa entraron dos maleantes armados a trav\u00e9s de la ventana de una habitaci\u00f3n que da al patio. Se dirigieron al comedor, donde estaban madre de hija, y comenzaron a amenazarlas para exigirles el dinero que ten\u00edan en la vivienda.\u00a0<\/p>\n\n\n\n<figure class=\"wp-block-image size-full is-resized\"><img loading=\"lazy\" decoding=\"async\" src=\"https:\/\/elfederalmendoza.com\/wp-content\/uploads\/2023\/05\/barrio-privado1.jpg\" alt=\"\" class=\"wp-image-22658\" width=\"972\" height=\"397\" srcset=\"https:\/\/elfederalmendoza.com.ar\/wp-content\/uploads\/2023\/05\/barrio-privado1.jpg 570w, https:\/\/elfederalmendoza.com.ar\/wp-content\/uploads\/2023\/05\/barrio-privado1-300x123.jpg 300w\" sizes=\"auto, (max-width: 972px) 100vw, 972px\" \/><figcaption class=\"wp-element-caption\">Ingreso al complejo privado Los Carolinos<\/figcaption><\/figure>\n\n\n\n<p>No buscaban otra cosa, los ladrones <strong>quer\u00edan los 50 mil d\u00f3lares y esto demuestra que alg\u00fan allegado a las v\u00edctimas les \u00abpas\u00f3 el dato\u00bb<\/strong>. Como no les dieron el dinero, las encerraron a las dos mujeres en el ba\u00f1o. Los asaltantes comenzaron a buscar el dinero y lo encontraron en un placard. Tambi\u00e9n robaron una mochila de la hija psic\u00f3loga, en la que hab\u00eda documentaci\u00f3n. <strong>Los maleantes escaparon corriendo por un descampado hacia calle 21 de Julio.\u00a0<\/strong><\/p>\n\n\n\n<p>Cuando las v\u00edctimas lograron pedir ayuda, alrededor de las 13 (una hora despu\u00e9s de que ingresaron los delincuentes) la Polic\u00eda lleg\u00f3 a la casa. La due\u00f1a le dijo a los efectivos que sus sospechas apuntan <strong>a una mujer que trabajaba como empleada dom\u00e9stica<\/strong> hasta hace dos meses, identificada como Nora C.<\/p>\n\n\n\n<figure class=\"wp-block-image is-resized\"><img loading=\"lazy\" decoding=\"async\" src=\"https:\/\/www.mendozapost.com\/files\/image\/77\/77540\/5735126ca98c9_570_246!.jpg?s=66cc68aaff1f946b46764dd23bb63886&amp;d=1683756982\" alt=\"\" width=\"961\" height=\"415\"\/><figcaption class=\"wp-element-caption\">La denuncia fue tomada en la Oficina Fiscal 15, de Carrodilla, y la investigaci\u00f3n qued\u00f3 a cargo del fiscal Jos\u00e9 Manuel Garc\u00eda.<\/figcaption><\/figure>\n","protected":false},"excerpt":{"rendered":"<p>Una\u00a0mujer italiana de casi 80 a\u00f1os, que reside hace mucho tiempo en la Argentina, y\u00a0su hija psic\u00f3loga, de 51 a\u00f1os, fueron\u00a0asaltadas\u00a0este mi\u00e9rcoles en un\u00a0barrio privado de Carrodilla. Otro atraco m\u00e1s perpetrado en una\u00a0vivienda\u00a0de un condominio con seguridad con datos muy precisos: los ladrones\u00a0robaron 50 mil d\u00f3lares (23 millones y medio de pesos).\u00a0Este dinero ser\u00eda por<a class=\"read-more\" href=\"https:\/\/elfederalmendoza.com.ar\/index.php\/2023\/05\/11\/siete-delincuentes-roban-50-mil-dolares-en-un-barrio-privado-de-carrodilla\/\"> [&hellip;]<\/a><\/p>\n","protected":false},"author":2,"featured_media":22657,"comment_status":"open","ping_status":"open","sticky":false,"template":"","format":"standard","meta":{"footnotes":""},"categories":[1],"tags":[],"class_list":["post-22656","post","type-post","status-publish","format-standard","has-post-thumbnail","hentry","category-mza"],"rttpg_featured_image_url":{"full":["https:\/\/elfederalmendoza.com.ar\/wp-content\/uploads\/2023\/05\/barrio-privado.jpg",1050,580,false],"landscape":["https:\/\/elfederalmendoza.com.ar\/wp-content\/uploads\/2023\/05\/barrio-privado.jpg",1050,580,false],"portraits":["https:\/\/elfederalmendoza.com.ar\/wp-content\/uploads\/2023\/05\/barrio-privado.jpg",1050,580,false],"thumbnail":["https:\/\/elfederalmendoza.com.ar\/wp-content\/uploads\/2023\/05\/barrio-privado-150x150.jpg",150,150,true],"medium":["https:\/\/elfederalmendoza.com.ar\/wp-content\/uploads\/2023\/05\/barrio-privado-300x166.jpg",300,166,true],"large":["https:\/\/elfederalmendoza.com.ar\/wp-content\/uploads\/2023\/05\/barrio-privado-1024x566.jpg",640,354,true],"1536x1536":["https:\/\/elfederalmendoza.com.ar\/wp-content\/uploads\/2023\/05\/barrio-privado.jpg",1050,580,false],"2048x2048":["https:\/\/elfederalmendoza.com.ar\/wp-content\/uploads\/2023\/05\/barrio-privado.jpg",1050,580,false],"ultp_layout_landscape_large":["https:\/\/elfederalmendoza.com.ar\/wp-content\/uploads\/2023\/05\/barrio-privado.jpg",1050,580,false],"ultp_layout_landscape":["https:\/\/elfederalmendoza.com.ar\/wp-content\/uploads\/2023\/05\/barrio-privado-870x570.jpg",870,570,true],"ultp_layout_portrait":["https:\/\/elfederalmendoza.com.ar\/wp-content\/uploads\/2023\/05\/barrio-privado-600x580.jpg",600,580,true],"ultp_layout_square":["https:\/\/elfederalmendoza.com.ar\/wp-content\/uploads\/2023\/05\/barrio-privado-600x580.jpg",600,580,true],"rpwe-thumbnail":["https:\/\/elfederalmendoza.com.ar\/wp-content\/uploads\/2023\/05\/barrio-privado-45x45.jpg",45,45,true],"advps-thumb-one":["https:\/\/elfederalmendoza.com.ar\/wp-content\/uploads\/2023\/05\/barrio-privado-1050x420.jpg",1050,420,true]},"rttpg_author":{"display_name":"Redacci\u00f3n El Federal","author_link":"https:\/\/elfederalmendoza.com.ar\/index.php\/author\/angelflores\/"},"rttpg_comment":0,"rttpg_category":"<a href=\"https:\/\/elfederalmendoza.com.ar\/index.php\/category\/mza\/\" rel=\"category tag\">Mendoza<\/a>","rttpg_excerpt":"Una\u00a0mujer italiana de casi 80 a\u00f1os, que reside hace mucho tiempo en la Argentina, y\u00a0su hija psic\u00f3loga, de 51 a\u00f1os, fueron\u00a0asaltadas\u00a0este mi\u00e9rcoles en un\u00a0barrio privado de Carrodilla. Otro atraco m\u00e1s perpetrado en una\u00a0vivienda\u00a0de un condominio con seguridad con datos muy precisos: los ladrones\u00a0robaron 50 mil d\u00f3lares (23 millones y medio de pesos).\u00a0Este dinero ser\u00eda por&hellip;","_links":{"self":[{"href":"https:\/\/elfederalmendoza.com.ar\/index.php\/wp-json\/wp\/v2\/posts\/22656","targetHints":{"allow":["GET"]}}],"collection":[{"href":"https:\/\/elfederalmendoza.com.ar\/index.php\/wp-json\/wp\/v2\/posts"}],"about":[{"href":"https:\/\/elfederalmendoza.com.ar\/index.php\/wp-json\/wp\/v2\/types\/post"}],"author":[{"embeddable":true,"href":"https:\/\/elfederalmendoza.com.ar\/index.php\/wp-json\/wp\/v2\/users\/2"}],"replies":[{"embeddable":true,"href":"https:\/\/elfederalmendoza.com.ar\/index.php\/wp-json\/wp\/v2\/comments?post=22656"}],"version-history":[{"count":1,"href":"https:\/\/elfederalmendoza.com.ar\/index.php\/wp-json\/wp\/v2\/posts\/22656\/revisions"}],"predecessor-version":[{"id":22659,"href":"https:\/\/elfederalmendoza.com.ar\/index.php\/wp-json\/wp\/v2\/posts\/22656\/revisions\/22659"}],"wp:featuredmedia":[{"embeddable":true,"href":"https:\/\/elfederalmendoza.com.ar\/index.php\/wp-json\/wp\/v2\/media\/22657"}],"wp:attachment":[{"href":"https:\/\/elfederalmendoza.com.ar\/index.php\/wp-json\/wp\/v2\/media?parent=22656"}],"wp:term":[{"taxonomy":"category","embeddable":true,"href":"https:\/\/elfederalmendoza.com.ar\/index.php\/wp-json\/wp\/v2\/categories?post=22656"},{"taxonomy":"post_tag","embeddable":true,"href":"https:\/\/elfederalmendoza.com.ar\/index.php\/wp-json\/wp\/v2\/tags?post=22656"}],"curies":[{"name":"wp","href":"https:\/\/api.w.org\/{rel}","templated":true}]}}