{"id":22661,"date":"2023-05-11T09:09:12","date_gmt":"2023-05-11T12:09:12","guid":{"rendered":"https:\/\/elfederalmendoza.com\/?p=22661"},"modified":"2023-05-11T09:09:13","modified_gmt":"2023-05-11T12:09:13","slug":"un-joven-de-20-anos-murio-al-chocar-contra-un-camion-sin-luces","status":"publish","type":"post","link":"https:\/\/elfederalmendoza.com.ar\/index.php\/2023\/05\/11\/un-joven-de-20-anos-murio-al-chocar-contra-un-camion-sin-luces\/","title":{"rendered":"Un joven de 20 a\u00f1os muri\u00f3 al chocar contra un cami\u00f3n sin luces"},"content":{"rendered":"\n<p>Un motociclista muri\u00f3 la noche del mi\u00e9rcoles al chocar con un cami\u00f3n en&nbsp;<strong>Luj\u00e1n de Cuyo<\/strong>. La v\u00edctima fue identificada como<strong>&nbsp;Jonathan Calla Cabrera<\/strong>, de 20 a\u00f1os.<\/p>\n\n\n\n<p>El siniestro se registr\u00f3 a las 22.22 cuando un cami\u00f3n\u00a0<strong>Scania<\/strong>\u00a0circulaba por calle Quintana, en direcci\u00f3n al oeste.<\/p>\n\n\n\n<p>Al llegar a San Mart\u00edn, gir\u00f3 hacia el sur y fue impactado por Calla Cabrera, quien iba a bordo de una moto<strong>&nbsp;KTM<\/strong>.<\/p>\n\n\n\n<p>Aparentemente,&nbsp;<mark>la v\u00edctima colision\u00f3 contra el acoplado del rodado mayor, ya que \u00faltimo no contaba con las luces traseras<\/mark>, indicaron fuentes policiales.<\/p>\n\n\n\n<figure class=\"wp-block-image is-resized\"><img loading=\"lazy\" decoding=\"async\" src=\"https:\/\/i0.wp.com\/newspack-elsol.s3.amazonaws.com\/wp-content\/uploads\/2023\/05\/WhatsApp-Image-2023-05-10-at-23.45.22-1024x768.jpeg?resize=780%2C585&amp;ssl=1\" alt=\"\" class=\"wp-image-1830418\" width=\"962\" height=\"722\"\/><figcaption class=\"wp-element-caption\">As\u00ed qued\u00f3 la motocicleta debajo del acoplado.<\/figcaption><\/figure>\n\n\n\n<p>A ra\u00edz del choque, la moto qued\u00f3 atrapada bajo el cami\u00f3n y el conductor qued\u00f3 tendido en el lado izquierdo.<\/p>\n\n\n\n<p>Cuando personal del&nbsp;<strong>Servicio de Emergencias Coordinado<\/strong>&nbsp;(<strong>SEC<\/strong>) arrib\u00f3 al lugar, el m\u00e9dico constat\u00f3 el fallecimiento de Calla Cabrera.<\/p>\n","protected":false},"excerpt":{"rendered":"<p>Un motociclista muri\u00f3 la noche del mi\u00e9rcoles al chocar con un cami\u00f3n en&nbsp;Luj\u00e1n de Cuyo. La v\u00edctima fue identificada como&nbsp;Jonathan Calla Cabrera, de 20 a\u00f1os. El siniestro se registr\u00f3 a las 22.22 cuando un cami\u00f3n\u00a0Scania\u00a0circulaba por calle Quintana, en direcci\u00f3n al oeste. Al llegar a San Mart\u00edn, gir\u00f3 hacia el sur y fue impactado por<a class=\"read-more\" href=\"https:\/\/elfederalmendoza.com.ar\/index.php\/2023\/05\/11\/un-joven-de-20-anos-murio-al-chocar-contra-un-camion-sin-luces\/\"> [&hellip;]<\/a><\/p>\n","protected":false},"author":2,"featured_media":22662,"comment_status":"open","ping_status":"open","sticky":false,"template":"","format":"standard","meta":{"footnotes":""},"categories":[1],"tags":[],"class_list":["post-22661","post","type-post","status-publish","format-standard","has-post-thumbnail","hentry","category-mza"],"rttpg_featured_image_url":{"full":["https:\/\/elfederalmendoza.com.ar\/wp-content\/uploads\/2023\/05\/camion-sin-luces.jpg",1160,642,false],"landscape":["https:\/\/elfederalmendoza.com.ar\/wp-content\/uploads\/2023\/05\/camion-sin-luces.jpg",1160,642,false],"portraits":["https:\/\/elfederalmendoza.com.ar\/wp-content\/uploads\/2023\/05\/camion-sin-luces.jpg",1160,642,false],"thumbnail":["https:\/\/elfederalmendoza.com.ar\/wp-content\/uploads\/2023\/05\/camion-sin-luces-150x150.jpg",150,150,true],"medium":["https:\/\/elfederalmendoza.com.ar\/wp-content\/uploads\/2023\/05\/camion-sin-luces-300x166.jpg",300,166,true],"large":["https:\/\/elfederalmendoza.com.ar\/wp-content\/uploads\/2023\/05\/camion-sin-luces-1024x567.jpg",640,354,true],"1536x1536":["https:\/\/elfederalmendoza.com.ar\/wp-content\/uploads\/2023\/05\/camion-sin-luces.jpg",1160,642,false],"2048x2048":["https:\/\/elfederalmendoza.com.ar\/wp-content\/uploads\/2023\/05\/camion-sin-luces.jpg",1160,642,false],"ultp_layout_landscape_large":["https:\/\/elfederalmendoza.com.ar\/wp-content\/uploads\/2023\/05\/camion-sin-luces.jpg",1160,642,false],"ultp_layout_landscape":["https:\/\/elfederalmendoza.com.ar\/wp-content\/uploads\/2023\/05\/camion-sin-luces-870x570.jpg",870,570,true],"ultp_layout_portrait":["https:\/\/elfederalmendoza.com.ar\/wp-content\/uploads\/2023\/05\/camion-sin-luces-600x642.jpg",600,642,true],"ultp_layout_square":["https:\/\/elfederalmendoza.com.ar\/wp-content\/uploads\/2023\/05\/camion-sin-luces-600x600.jpg",600,600,true],"rpwe-thumbnail":["https:\/\/elfederalmendoza.com.ar\/wp-content\/uploads\/2023\/05\/camion-sin-luces-45x45.jpg",45,45,true],"advps-thumb-one":["https:\/\/elfederalmendoza.com.ar\/wp-content\/uploads\/2023\/05\/camion-sin-luces-1160x420.jpg",1160,420,true]},"rttpg_author":{"display_name":"Redacci\u00f3n El Federal","author_link":"https:\/\/elfederalmendoza.com.ar\/index.php\/author\/angelflores\/"},"rttpg_comment":0,"rttpg_category":"<a href=\"https:\/\/elfederalmendoza.com.ar\/index.php\/category\/mza\/\" rel=\"category tag\">Mendoza<\/a>","rttpg_excerpt":"Un motociclista muri\u00f3 la noche del mi\u00e9rcoles al chocar con un cami\u00f3n en&nbsp;Luj\u00e1n de Cuyo. La v\u00edctima fue identificada como&nbsp;Jonathan Calla Cabrera, de 20 a\u00f1os. El siniestro se registr\u00f3 a las 22.22 cuando un cami\u00f3n\u00a0Scania\u00a0circulaba por calle Quintana, en direcci\u00f3n al oeste. Al llegar a San Mart\u00edn, gir\u00f3 hacia el sur y fue impactado por&hellip;","_links":{"self":[{"href":"https:\/\/elfederalmendoza.com.ar\/index.php\/wp-json\/wp\/v2\/posts\/22661","targetHints":{"allow":["GET"]}}],"collection":[{"href":"https:\/\/elfederalmendoza.com.ar\/index.php\/wp-json\/wp\/v2\/posts"}],"about":[{"href":"https:\/\/elfederalmendoza.com.ar\/index.php\/wp-json\/wp\/v2\/types\/post"}],"author":[{"embeddable":true,"href":"https:\/\/elfederalmendoza.com.ar\/index.php\/wp-json\/wp\/v2\/users\/2"}],"replies":[{"embeddable":true,"href":"https:\/\/elfederalmendoza.com.ar\/index.php\/wp-json\/wp\/v2\/comments?post=22661"}],"version-history":[{"count":1,"href":"https:\/\/elfederalmendoza.com.ar\/index.php\/wp-json\/wp\/v2\/posts\/22661\/revisions"}],"predecessor-version":[{"id":22663,"href":"https:\/\/elfederalmendoza.com.ar\/index.php\/wp-json\/wp\/v2\/posts\/22661\/revisions\/22663"}],"wp:featuredmedia":[{"embeddable":true,"href":"https:\/\/elfederalmendoza.com.ar\/index.php\/wp-json\/wp\/v2\/media\/22662"}],"wp:attachment":[{"href":"https:\/\/elfederalmendoza.com.ar\/index.php\/wp-json\/wp\/v2\/media?parent=22661"}],"wp:term":[{"taxonomy":"category","embeddable":true,"href":"https:\/\/elfederalmendoza.com.ar\/index.php\/wp-json\/wp\/v2\/categories?post=22661"},{"taxonomy":"post_tag","embeddable":true,"href":"https:\/\/elfederalmendoza.com.ar\/index.php\/wp-json\/wp\/v2\/tags?post=22661"}],"curies":[{"name":"wp","href":"https:\/\/api.w.org\/{rel}","templated":true}]}}