{"id":22664,"date":"2023-05-12T16:40:30","date_gmt":"2023-05-12T19:40:30","guid":{"rendered":"https:\/\/elfederalmendoza.com\/?p=22664"},"modified":"2023-05-12T16:40:30","modified_gmt":"2023-05-12T19:40:30","slug":"la-inflacion-de-abril-fue-de-89-en-mendoza","status":"publish","type":"post","link":"https:\/\/elfederalmendoza.com.ar\/index.php\/2023\/05\/12\/la-inflacion-de-abril-fue-de-89-en-mendoza\/","title":{"rendered":"La inflaci\u00f3n de abril fue de 8,9% en Mendoza"},"content":{"rendered":"\n<p>El \u00edndice de Precios al Consumidor aument\u00f3 8,4% durante abril a nivel nacional, inform\u00f3 este viernes el Instituto Nacional de Estad\u00edstica y Censos (Indec). Mientras que la Direcci\u00f3n de Estad\u00edsticas e Investigaciones Econ\u00f3micas de Mendoza revel\u00f3 que el \u00edndice alcanz\u00f3 8,9% para la provincia.&nbsp;<\/p>\n\n\n\n<p>De esta manera, la inflaci\u00f3n acumulada en el primer cuatrimestre del a\u00f1o ascendi\u00f3 a 32% y en los \u00faltimos 12 meses a 108,8% a nivel nacional, y la de Mendoza trep\u00f3 hasta casi el 31,6% en lo que va de 2023.<\/p>\n\n\n\n<p>Los rubros que m\u00e1s aumentaron este mes fueron Educaci\u00f3n (22,8%), Indumentaria 14,3% y Alimentos y Bebidas (9,7%).<\/p>\n","protected":false},"excerpt":{"rendered":"<p>El \u00edndice de Precios al Consumidor aument\u00f3 8,4% durante abril a nivel nacional, inform\u00f3 este viernes el Instituto Nacional de Estad\u00edstica y Censos (Indec). Mientras que la Direcci\u00f3n de Estad\u00edsticas e Investigaciones Econ\u00f3micas de Mendoza revel\u00f3 que el \u00edndice alcanz\u00f3 8,9% para la provincia.&nbsp; De esta manera, la inflaci\u00f3n acumulada en el primer cuatrimestre del<a class=\"read-more\" href=\"https:\/\/elfederalmendoza.com.ar\/index.php\/2023\/05\/12\/la-inflacion-de-abril-fue-de-89-en-mendoza\/\"> [&hellip;]<\/a><\/p>\n","protected":false},"author":2,"featured_media":18152,"comment_status":"open","ping_status":"open","sticky":false,"template":"","format":"standard","meta":{"footnotes":""},"categories":[1],"tags":[],"class_list":["post-22664","post","type-post","status-publish","format-standard","has-post-thumbnail","hentry","category-mza"],"rttpg_featured_image_url":{"full":["https:\/\/elfederalmendoza.com.ar\/wp-content\/uploads\/2022\/07\/Supermarket-Savings-1.jpg",753,396,false],"landscape":["https:\/\/elfederalmendoza.com.ar\/wp-content\/uploads\/2022\/07\/Supermarket-Savings-1.jpg",753,396,false],"portraits":["https:\/\/elfederalmendoza.com.ar\/wp-content\/uploads\/2022\/07\/Supermarket-Savings-1.jpg",753,396,false],"thumbnail":["https:\/\/elfederalmendoza.com.ar\/wp-content\/uploads\/2022\/07\/Supermarket-Savings-1-150x150.jpg",150,150,true],"medium":["https:\/\/elfederalmendoza.com.ar\/wp-content\/uploads\/2022\/07\/Supermarket-Savings-1-300x158.jpg",300,158,true],"large":["https:\/\/elfederalmendoza.com.ar\/wp-content\/uploads\/2022\/07\/Supermarket-Savings-1.jpg",640,337,false],"1536x1536":["https:\/\/elfederalmendoza.com.ar\/wp-content\/uploads\/2022\/07\/Supermarket-Savings-1.jpg",753,396,false],"2048x2048":["https:\/\/elfederalmendoza.com.ar\/wp-content\/uploads\/2022\/07\/Supermarket-Savings-1.jpg",753,396,false],"ultp_layout_landscape_large":["https:\/\/elfederalmendoza.com.ar\/wp-content\/uploads\/2022\/07\/Supermarket-Savings-1.jpg",753,396,false],"ultp_layout_landscape":["https:\/\/elfederalmendoza.com.ar\/wp-content\/uploads\/2022\/07\/Supermarket-Savings-1.jpg",753,396,false],"ultp_layout_portrait":["https:\/\/elfederalmendoza.com.ar\/wp-content\/uploads\/2022\/07\/Supermarket-Savings-1-600x396.jpg",600,396,true],"ultp_layout_square":["https:\/\/elfederalmendoza.com.ar\/wp-content\/uploads\/2022\/07\/Supermarket-Savings-1-600x396.jpg",600,396,true],"rpwe-thumbnail":["https:\/\/elfederalmendoza.com.ar\/wp-content\/uploads\/2022\/07\/Supermarket-Savings-1-45x45.jpg",45,45,true],"advps-thumb-one":["https:\/\/elfederalmendoza.com.ar\/wp-content\/uploads\/2022\/07\/Supermarket-Savings-1.jpg",753,396,false]},"rttpg_author":{"display_name":"Redacci\u00f3n El Federal","author_link":"https:\/\/elfederalmendoza.com.ar\/index.php\/author\/angelflores\/"},"rttpg_comment":0,"rttpg_category":"<a href=\"https:\/\/elfederalmendoza.com.ar\/index.php\/category\/mza\/\" rel=\"category tag\">Mendoza<\/a>","rttpg_excerpt":"El \u00edndice de Precios al Consumidor aument\u00f3 8,4% durante abril a nivel nacional, inform\u00f3 este viernes el Instituto Nacional de Estad\u00edstica y Censos (Indec). Mientras que la Direcci\u00f3n de Estad\u00edsticas e Investigaciones Econ\u00f3micas de Mendoza revel\u00f3 que el \u00edndice alcanz\u00f3 8,9% para la provincia.&nbsp; De esta manera, la inflaci\u00f3n acumulada en el primer cuatrimestre del&hellip;","_links":{"self":[{"href":"https:\/\/elfederalmendoza.com.ar\/index.php\/wp-json\/wp\/v2\/posts\/22664","targetHints":{"allow":["GET"]}}],"collection":[{"href":"https:\/\/elfederalmendoza.com.ar\/index.php\/wp-json\/wp\/v2\/posts"}],"about":[{"href":"https:\/\/elfederalmendoza.com.ar\/index.php\/wp-json\/wp\/v2\/types\/post"}],"author":[{"embeddable":true,"href":"https:\/\/elfederalmendoza.com.ar\/index.php\/wp-json\/wp\/v2\/users\/2"}],"replies":[{"embeddable":true,"href":"https:\/\/elfederalmendoza.com.ar\/index.php\/wp-json\/wp\/v2\/comments?post=22664"}],"version-history":[{"count":1,"href":"https:\/\/elfederalmendoza.com.ar\/index.php\/wp-json\/wp\/v2\/posts\/22664\/revisions"}],"predecessor-version":[{"id":22703,"href":"https:\/\/elfederalmendoza.com.ar\/index.php\/wp-json\/wp\/v2\/posts\/22664\/revisions\/22703"}],"wp:featuredmedia":[{"embeddable":true,"href":"https:\/\/elfederalmendoza.com.ar\/index.php\/wp-json\/wp\/v2\/media\/18152"}],"wp:attachment":[{"href":"https:\/\/elfederalmendoza.com.ar\/index.php\/wp-json\/wp\/v2\/media?parent=22664"}],"wp:term":[{"taxonomy":"category","embeddable":true,"href":"https:\/\/elfederalmendoza.com.ar\/index.php\/wp-json\/wp\/v2\/categories?post=22664"},{"taxonomy":"post_tag","embeddable":true,"href":"https:\/\/elfederalmendoza.com.ar\/index.php\/wp-json\/wp\/v2\/tags?post=22664"}],"curies":[{"name":"wp","href":"https:\/\/api.w.org\/{rel}","templated":true}]}}