{"id":22665,"date":"2023-05-11T09:29:59","date_gmt":"2023-05-11T12:29:59","guid":{"rendered":"https:\/\/elfederalmendoza.com\/?p=22665"},"modified":"2023-05-11T09:30:00","modified_gmt":"2023-05-11T12:30:00","slug":"un-joven-de-23-anos-lucha-por-su-vida-al-ser-apunalado-en-una-pelea-en-un-conocido-barrio-de-maipu","status":"publish","type":"post","link":"https:\/\/elfederalmendoza.com.ar\/index.php\/2023\/05\/11\/un-joven-de-23-anos-lucha-por-su-vida-al-ser-apunalado-en-una-pelea-en-un-conocido-barrio-de-maipu\/","title":{"rendered":"Un joven de 23 a\u00f1os lucha por su vida al ser apu\u00f1alado en una pelea en un conocido barrio de Maip\u00fa"},"content":{"rendered":"\n<p>Un<strong>\u00a0joven de 23 a\u00f1os fue apu\u00f1alado durante una ri\u00f1a en\u00a0Maip\u00fa\u00a0y ahora est\u00e1 internado en terapia intensiva.<\/strong><\/p>\n\n\n\n<p>La\u00a0agresi\u00f3n\u00a0<strong>ocurri\u00f3 a las 2.15 de este jueves en el barrio Renacer de Maip\u00fa<\/strong>\u00a0y la v\u00edctima fue identificada como Jes\u00fas Coronel (23), quien sufri\u00f3 un puntazo en la regi\u00f3n cervical.<\/p>\n\n\n\n<p>Seg\u00fan testigos, Coronel estaba reunido con un grupo de personas compartiendo algunas bebidas alcoh\u00f3licas y\u00a0<strong>por causas que se investigan se origin\u00f3 una ri\u00f1a.<\/strong><\/p>\n\n\n\n<figure class=\"wp-block-image size-full is-resized\"><img loading=\"lazy\" decoding=\"async\" src=\"https:\/\/elfederalmendoza.com\/wp-content\/uploads\/2023\/05\/barrio-renacer.jpg\" alt=\"\" class=\"wp-image-22667\" width=\"966\" height=\"639\" srcset=\"https:\/\/elfederalmendoza.com.ar\/wp-content\/uploads\/2023\/05\/barrio-renacer.jpg 896w, https:\/\/elfederalmendoza.com.ar\/wp-content\/uploads\/2023\/05\/barrio-renacer-300x199.jpg 300w, https:\/\/elfederalmendoza.com.ar\/wp-content\/uploads\/2023\/05\/barrio-renacer-768x508.jpg 768w\" sizes=\"auto, (max-width: 966px) 100vw, 966px\" \/><figcaption class=\"wp-element-caption\">Barrio Renacer de Maip\u00fa<\/figcaption><\/figure>\n\n\n\n<p>A ra\u00edz de esto, varios de los individuos presentes se golpearon y<strong>&nbsp;en un momento Coronel fue atacado con un cuchillo en el cuello.<\/strong><\/p>\n\n\n\n<p><strong>La v\u00edctima qued\u00f3 tendida en el suelo y fue atendida por m\u00e9dicos del Servicio de Emergencias Coordinado<\/strong>.&nbsp;<strong>Los profesionales de la salud debieron practicarle RCP&nbsp;<\/strong>y luego de estabilizarlo lo trasladaron al hospital Central, donde qued\u00f3 internado en terapia intensiva.<\/p>\n\n\n\n<p>Desde el centro asistencial indicaron que e<strong>l estado de salud del joven era \u201ccr\u00edtico\u201d, en tanto que se aguardaba por su evoluci\u00f3n en las pr\u00f3ximas horas.<\/strong><\/p>\n\n\n\n<p>Mientras tanto, personal de la Unidad Investigativa de Maip\u00fa trabaj\u00f3 en la escena del hecho recolectando testimonios de personas que presenciaron el ataque.<\/p>\n\n\n\n<p>Por el momento se desconoce la identidad del agresor, aunque se cree que en breve se lograr\u00e1 determinar qui\u00e9n atac\u00f3 a Coronel.<\/p>\n\n\n\n<p>El caso es investigado por la Oficina Fiscal 10 de Maip\u00fa.<\/p>\n","protected":false},"excerpt":{"rendered":"<p>Un\u00a0joven de 23 a\u00f1os fue apu\u00f1alado durante una ri\u00f1a en\u00a0Maip\u00fa\u00a0y ahora est\u00e1 internado en terapia intensiva. La\u00a0agresi\u00f3n\u00a0ocurri\u00f3 a las 2.15 de este jueves en el barrio Renacer de Maip\u00fa\u00a0y la v\u00edctima fue identificada como Jes\u00fas Coronel (23), quien sufri\u00f3 un puntazo en la regi\u00f3n cervical. Seg\u00fan testigos, Coronel estaba reunido con un grupo de personas<a class=\"read-more\" href=\"https:\/\/elfederalmendoza.com.ar\/index.php\/2023\/05\/11\/un-joven-de-23-anos-lucha-por-su-vida-al-ser-apunalado-en-una-pelea-en-un-conocido-barrio-de-maipu\/\"> [&hellip;]<\/a><\/p>\n","protected":false},"author":2,"featured_media":22666,"comment_status":"open","ping_status":"open","sticky":false,"template":"","format":"standard","meta":{"footnotes":""},"categories":[1],"tags":[],"class_list":["post-22665","post","type-post","status-publish","format-standard","has-post-thumbnail","hentry","category-mza"],"rttpg_featured_image_url":{"full":["https:\/\/elfederalmendoza.com.ar\/wp-content\/uploads\/2023\/05\/hospital-maipu.jpg",953,609,false],"landscape":["https:\/\/elfederalmendoza.com.ar\/wp-content\/uploads\/2023\/05\/hospital-maipu.jpg",953,609,false],"portraits":["https:\/\/elfederalmendoza.com.ar\/wp-content\/uploads\/2023\/05\/hospital-maipu.jpg",953,609,false],"thumbnail":["https:\/\/elfederalmendoza.com.ar\/wp-content\/uploads\/2023\/05\/hospital-maipu-150x150.jpg",150,150,true],"medium":["https:\/\/elfederalmendoza.com.ar\/wp-content\/uploads\/2023\/05\/hospital-maipu-300x192.jpg",300,192,true],"large":["https:\/\/elfederalmendoza.com.ar\/wp-content\/uploads\/2023\/05\/hospital-maipu.jpg",640,409,false],"1536x1536":["https:\/\/elfederalmendoza.com.ar\/wp-content\/uploads\/2023\/05\/hospital-maipu.jpg",953,609,false],"2048x2048":["https:\/\/elfederalmendoza.com.ar\/wp-content\/uploads\/2023\/05\/hospital-maipu.jpg",953,609,false],"ultp_layout_landscape_large":["https:\/\/elfederalmendoza.com.ar\/wp-content\/uploads\/2023\/05\/hospital-maipu.jpg",953,609,false],"ultp_layout_landscape":["https:\/\/elfederalmendoza.com.ar\/wp-content\/uploads\/2023\/05\/hospital-maipu-870x570.jpg",870,570,true],"ultp_layout_portrait":["https:\/\/elfederalmendoza.com.ar\/wp-content\/uploads\/2023\/05\/hospital-maipu-600x609.jpg",600,609,true],"ultp_layout_square":["https:\/\/elfederalmendoza.com.ar\/wp-content\/uploads\/2023\/05\/hospital-maipu-600x600.jpg",600,600,true],"rpwe-thumbnail":["https:\/\/elfederalmendoza.com.ar\/wp-content\/uploads\/2023\/05\/hospital-maipu-45x45.jpg",45,45,true],"advps-thumb-one":["https:\/\/elfederalmendoza.com.ar\/wp-content\/uploads\/2023\/05\/hospital-maipu-953x420.jpg",953,420,true]},"rttpg_author":{"display_name":"Redacci\u00f3n El Federal","author_link":"https:\/\/elfederalmendoza.com.ar\/index.php\/author\/angelflores\/"},"rttpg_comment":0,"rttpg_category":"<a href=\"https:\/\/elfederalmendoza.com.ar\/index.php\/category\/mza\/\" rel=\"category tag\">Mendoza<\/a>","rttpg_excerpt":"Un\u00a0joven de 23 a\u00f1os fue apu\u00f1alado durante una ri\u00f1a en\u00a0Maip\u00fa\u00a0y ahora est\u00e1 internado en terapia intensiva. La\u00a0agresi\u00f3n\u00a0ocurri\u00f3 a las 2.15 de este jueves en el barrio Renacer de Maip\u00fa\u00a0y la v\u00edctima fue identificada como Jes\u00fas Coronel (23), quien sufri\u00f3 un puntazo en la regi\u00f3n cervical. Seg\u00fan testigos, Coronel estaba reunido con un grupo de personas&hellip;","_links":{"self":[{"href":"https:\/\/elfederalmendoza.com.ar\/index.php\/wp-json\/wp\/v2\/posts\/22665","targetHints":{"allow":["GET"]}}],"collection":[{"href":"https:\/\/elfederalmendoza.com.ar\/index.php\/wp-json\/wp\/v2\/posts"}],"about":[{"href":"https:\/\/elfederalmendoza.com.ar\/index.php\/wp-json\/wp\/v2\/types\/post"}],"author":[{"embeddable":true,"href":"https:\/\/elfederalmendoza.com.ar\/index.php\/wp-json\/wp\/v2\/users\/2"}],"replies":[{"embeddable":true,"href":"https:\/\/elfederalmendoza.com.ar\/index.php\/wp-json\/wp\/v2\/comments?post=22665"}],"version-history":[{"count":1,"href":"https:\/\/elfederalmendoza.com.ar\/index.php\/wp-json\/wp\/v2\/posts\/22665\/revisions"}],"predecessor-version":[{"id":22668,"href":"https:\/\/elfederalmendoza.com.ar\/index.php\/wp-json\/wp\/v2\/posts\/22665\/revisions\/22668"}],"wp:featuredmedia":[{"embeddable":true,"href":"https:\/\/elfederalmendoza.com.ar\/index.php\/wp-json\/wp\/v2\/media\/22666"}],"wp:attachment":[{"href":"https:\/\/elfederalmendoza.com.ar\/index.php\/wp-json\/wp\/v2\/media?parent=22665"}],"wp:term":[{"taxonomy":"category","embeddable":true,"href":"https:\/\/elfederalmendoza.com.ar\/index.php\/wp-json\/wp\/v2\/categories?post=22665"},{"taxonomy":"post_tag","embeddable":true,"href":"https:\/\/elfederalmendoza.com.ar\/index.php\/wp-json\/wp\/v2\/tags?post=22665"}],"curies":[{"name":"wp","href":"https:\/\/api.w.org\/{rel}","templated":true}]}}