{"id":22669,"date":"2023-05-11T17:23:30","date_gmt":"2023-05-11T20:23:30","guid":{"rendered":"https:\/\/elfederalmendoza.com\/?p=22669"},"modified":"2023-05-11T17:24:16","modified_gmt":"2023-05-11T20:24:16","slug":"un-alumno-apunalo-a-una-companera-y-expareja-en-un-terciario-de-san-martin","status":"publish","type":"post","link":"https:\/\/elfederalmendoza.com.ar\/index.php\/2023\/05\/11\/un-alumno-apunalo-a-una-companera-y-expareja-en-un-terciario-de-san-martin\/","title":{"rendered":"Un alumno apu\u00f1al\u00f3 a una compa\u00f1era y ex pareja en un terciario de San Mart\u00edn"},"content":{"rendered":"\n<p>En el<strong>&nbsp;terciario<\/strong>&nbsp;<strong>San Mart\u00edn<\/strong>, ubicado en el departamento hom\u00f3nimo, se produjo un lamentable suceso donde una estudiante fue a<strong>pu\u00f1alada<\/strong>&nbsp;por un compa\u00f1ero, con quien ten\u00eda una relaci\u00f3n de pareja en el pasado. Los j\u00f3venes cursaban en la carrera de Administraci\u00f3n de Empresas y a\u00fan conviv\u00edan en el mismo hogar, adem\u00e1s de tener un hijo en com\u00fan.<\/p>\n\n\n\n<p>El agresor, de 19 a\u00f1os, atac\u00f3 a la joven de 20 a\u00f1os con un arma blanca o un objeto punzante, hiri\u00e9ndola en la pierna, espec\u00edficamente en el gemelo. Tras cometer el acto violento, el agresor huy\u00f3 del lugar, dejando a la v\u00edctima herida y en estado de shock.<\/p>\n\n\n\n<p>La joven, en busca de ayuda, recurri\u00f3 a sus compa\u00f1eros y docentes presentes en el lugar, quienes r\u00e1pidamente llamaron a la polic\u00eda para denunciar el incidente. Posteriormente, fue trasladada al&nbsp;<a href=\"https:\/\/www.mendoza.gov.ar\/salud\/hospital-perrupato\/\">hospital Perrupato<\/a>, donde recibi\u00f3 atenci\u00f3n m\u00e9dica especializada.<\/p>\n\n\n\n<p>En relaci\u00f3n al caso, la Fiscal\u00eda de\u00a0<strong>San Mart\u00edn\u00a0<\/strong>ha iniciado una investigaci\u00f3n, y se espera que la v\u00edctima sea evaluada por el Cuerpo M\u00e9dico Forense para verificar la gravedad de sus heridas. Se aguarda su testimonio para esclarecer los detalles del ataque.<\/p>\n\n\n\n<p>Actualmente, se encuentra vigente una orden de captura para el presunto agresor, quien ya ten\u00eda antecedentes por lesiones leves y desobediencia. Las autoridades est\u00e1n trabajando para dar con su paradero y ponerlo a disposici\u00f3n de la justicia.\u00a0<\/p>\n\n\n\n<p><em>Fuente: Diario Mendoza<\/em><\/p>\n\n\n\n<p><a href=\"https:\/\/www.diariomendoza.com.ar\/mendoza\/aumento-garrafas-donde-conseguirlas-mejor-precio-mendoza-n48593\"><\/a><\/p>\n","protected":false},"excerpt":{"rendered":"<p>En el&nbsp;terciario&nbsp;San Mart\u00edn, ubicado en el departamento hom\u00f3nimo, se produjo un lamentable suceso donde una estudiante fue apu\u00f1alada&nbsp;por un compa\u00f1ero, con quien ten\u00eda una relaci\u00f3n de pareja en el pasado. Los j\u00f3venes cursaban en la carrera de Administraci\u00f3n de Empresas y a\u00fan conviv\u00edan en el mismo hogar, adem\u00e1s de tener un hijo en com\u00fan. El<a class=\"read-more\" href=\"https:\/\/elfederalmendoza.com.ar\/index.php\/2023\/05\/11\/un-alumno-apunalo-a-una-companera-y-expareja-en-un-terciario-de-san-martin\/\"> [&hellip;]<\/a><\/p>\n","protected":false},"author":2,"featured_media":22670,"comment_status":"open","ping_status":"open","sticky":false,"template":"","format":"standard","meta":{"footnotes":""},"categories":[1],"tags":[],"class_list":["post-22669","post","type-post","status-publish","format-standard","has-post-thumbnail","hentry","category-mza"],"rttpg_featured_image_url":{"full":["https:\/\/elfederalmendoza.com.ar\/wp-content\/uploads\/2023\/05\/61a4fa893ff70__700x430.webp",700,430,false],"landscape":["https:\/\/elfederalmendoza.com.ar\/wp-content\/uploads\/2023\/05\/61a4fa893ff70__700x430.webp",700,430,false],"portraits":["https:\/\/elfederalmendoza.com.ar\/wp-content\/uploads\/2023\/05\/61a4fa893ff70__700x430.webp",700,430,false],"thumbnail":["https:\/\/elfederalmendoza.com.ar\/wp-content\/uploads\/2023\/05\/61a4fa893ff70__700x430-150x150.webp",150,150,true],"medium":["https:\/\/elfederalmendoza.com.ar\/wp-content\/uploads\/2023\/05\/61a4fa893ff70__700x430-300x184.webp",300,184,true],"large":["https:\/\/elfederalmendoza.com.ar\/wp-content\/uploads\/2023\/05\/61a4fa893ff70__700x430.webp",640,393,false],"1536x1536":["https:\/\/elfederalmendoza.com.ar\/wp-content\/uploads\/2023\/05\/61a4fa893ff70__700x430.webp",700,430,false],"2048x2048":["https:\/\/elfederalmendoza.com.ar\/wp-content\/uploads\/2023\/05\/61a4fa893ff70__700x430.webp",700,430,false],"ultp_layout_landscape_large":["https:\/\/elfederalmendoza.com.ar\/wp-content\/uploads\/2023\/05\/61a4fa893ff70__700x430.webp",700,430,false],"ultp_layout_landscape":["https:\/\/elfederalmendoza.com.ar\/wp-content\/uploads\/2023\/05\/61a4fa893ff70__700x430.webp",700,430,false],"ultp_layout_portrait":["https:\/\/elfederalmendoza.com.ar\/wp-content\/uploads\/2023\/05\/61a4fa893ff70__700x430-600x430.webp",600,430,true],"ultp_layout_square":["https:\/\/elfederalmendoza.com.ar\/wp-content\/uploads\/2023\/05\/61a4fa893ff70__700x430-600x430.webp",600,430,true],"rpwe-thumbnail":["https:\/\/elfederalmendoza.com.ar\/wp-content\/uploads\/2023\/05\/61a4fa893ff70__700x430-45x45.webp",45,45,true],"advps-thumb-one":["https:\/\/elfederalmendoza.com.ar\/wp-content\/uploads\/2023\/05\/61a4fa893ff70__700x430-700x420.webp",700,420,true]},"rttpg_author":{"display_name":"Redacci\u00f3n El Federal","author_link":"https:\/\/elfederalmendoza.com.ar\/index.php\/author\/angelflores\/"},"rttpg_comment":0,"rttpg_category":"<a href=\"https:\/\/elfederalmendoza.com.ar\/index.php\/category\/mza\/\" rel=\"category tag\">Mendoza<\/a>","rttpg_excerpt":"En el&nbsp;terciario&nbsp;San Mart\u00edn, ubicado en el departamento hom\u00f3nimo, se produjo un lamentable suceso donde una estudiante fue apu\u00f1alada&nbsp;por un compa\u00f1ero, con quien ten\u00eda una relaci\u00f3n de pareja en el pasado. Los j\u00f3venes cursaban en la carrera de Administraci\u00f3n de Empresas y a\u00fan conviv\u00edan en el mismo hogar, adem\u00e1s de tener un hijo en com\u00fan. El&hellip;","_links":{"self":[{"href":"https:\/\/elfederalmendoza.com.ar\/index.php\/wp-json\/wp\/v2\/posts\/22669","targetHints":{"allow":["GET"]}}],"collection":[{"href":"https:\/\/elfederalmendoza.com.ar\/index.php\/wp-json\/wp\/v2\/posts"}],"about":[{"href":"https:\/\/elfederalmendoza.com.ar\/index.php\/wp-json\/wp\/v2\/types\/post"}],"author":[{"embeddable":true,"href":"https:\/\/elfederalmendoza.com.ar\/index.php\/wp-json\/wp\/v2\/users\/2"}],"replies":[{"embeddable":true,"href":"https:\/\/elfederalmendoza.com.ar\/index.php\/wp-json\/wp\/v2\/comments?post=22669"}],"version-history":[{"count":3,"href":"https:\/\/elfederalmendoza.com.ar\/index.php\/wp-json\/wp\/v2\/posts\/22669\/revisions"}],"predecessor-version":[{"id":22673,"href":"https:\/\/elfederalmendoza.com.ar\/index.php\/wp-json\/wp\/v2\/posts\/22669\/revisions\/22673"}],"wp:featuredmedia":[{"embeddable":true,"href":"https:\/\/elfederalmendoza.com.ar\/index.php\/wp-json\/wp\/v2\/media\/22670"}],"wp:attachment":[{"href":"https:\/\/elfederalmendoza.com.ar\/index.php\/wp-json\/wp\/v2\/media?parent=22669"}],"wp:term":[{"taxonomy":"category","embeddable":true,"href":"https:\/\/elfederalmendoza.com.ar\/index.php\/wp-json\/wp\/v2\/categories?post=22669"},{"taxonomy":"post_tag","embeddable":true,"href":"https:\/\/elfederalmendoza.com.ar\/index.php\/wp-json\/wp\/v2\/tags?post=22669"}],"curies":[{"name":"wp","href":"https:\/\/api.w.org\/{rel}","templated":true}]}}